{"id":454302,"date":"2025-10-11T05:41:16","date_gmt":"2025-10-11T05:41:16","guid":{"rendered":"https:\/\/www.europesays.com\/fr\/454302\/"},"modified":"2025-10-11T05:41:16","modified_gmt":"2025-10-11T05:41:16","slug":"le-chanteur-creusois-gauvain-sers-devoile-la-premiere-chanson-de-son-prochain-album","status":"publish","type":"post","link":"https:\/\/www.europesays.com\/fr\/454302\/","title":{"rendered":"Le chanteur creusois Gauvain Sers d\u00e9voile la premi\u00e8re chanson de son prochain album"},"content":{"rendered":"<p>Quatre ans apr\u00e8s la sortie de son troisi\u00e8me album, Gauvain Sers est de retour avec un nouveau single sorti ce vendredi 10 octobre. Le chanteur originaire de la Creuse signe \u00ab\u00a0Monter \u00e0 Paris\u00a0\u00bb, la premi\u00e8re chanson d&rsquo;un album \u00e0 venir.<\/p>\n<p>\u00ab\u00a0D\u00e9baller ma vie et celle de ceux qui ne sont pas mont\u00e9s \u00e0 Paris\u00a0\u00bb, cette phrase du refrain r\u00e9sume tout de la nouvelle chanson de Gauvain Sers. <strong>Le chanteur originaire de la Creuse sort un nouveau titre<\/strong> ce vendredi 10 octobre, \u00ab\u00a0Monter \u00e0 Paris\u00a0\u00bb, c&rsquo;est le premier single de son quatri\u00e8me album.<\/p>\n<p>Gauvain Sers \u00ab\u00a0terroris\u00e9\u00a0\u00bb de sortir une nouvelle chanson<\/p>\n<p>\u00c0 35 ans,\u00a0<a class=\"IciLink ici-link IciArticleLink g-ici-body-regular-1 underline brand svelte-lu7k6w\" href=\"https:\/\/www.francebleu.fr\/infos\/insolite\/creuse-des-galettes-a-l-effigie-de-gauvain-sers-a-dun-le-palestel-1577983688\" rel=\"nofollow noopener\" target=\"_blank\">l&rsquo;artiste qui a grandi \u00e0 Dun-le-Palestel<\/a>\u00a0<strong>fait son grand retour, quatre ans apr\u00e8s<\/strong> la sortie de \u00ab\u00a0Ta place dans ce monde\u00a0\u00bb. Sur ses r\u00e9seaux sociaux, Gauvain Sers raconte qu&rsquo;il \u00ab\u00a0flippe \u00e0 mort\u00a0\u00bb, qu&rsquo;il a \u00ab\u00a0les chocottes\u00a0\u00bb et qu&rsquo;il est \u00ab\u00a0terroris\u00e9 de sortir un nouveau morceau\u00a0\u00bb.<\/p>\n<p>Ce single \u00e9voque <strong>le parcours de Gauvain Sers, de la Creuse \u00e0 Paris.<\/strong> Il a eu l&rsquo;id\u00e9e d&rsquo;en faire une chanson en le racontant un soir \u00e0 son nouveau-n\u00e9, pour l&rsquo;endormir.\u00a0\u00ab\u00a0Je ne planquerai jamais sous le tapis mes origines originales, des fonctionnaires et des prolos, de ceux qui t&rsquo;apprennent la vraie vie. Ils m&rsquo;appellent tous le Parigot depuis que je suis mont\u00e9 \u00e0 Paris\u00a0\u00bb, chante ainsi Gauvain Sers.<\/p>\n<p><a href=\"https:\/\/www.youtube.com\/watch?v=SZpvL5gDvK0\" target=\"_blank\" rel=\"noopener noreferrer nofollow\" class=\"Youtube svelte-15adm43\" style=\"background-image: url(https:\/\/i.ytimg.com\/vi\/SZpvL5gDvK0\/sddefault.jpg);\"><\/p>\n<p>Monter \u00e0 Paris<\/p>\n<p> <\/a> Pas encore de date pour l&rsquo;album<\/p>\n<p>Le texte est \u00e0 la premi\u00e8re personne,\u00a0mais Gauvain Sers veut r<strong>etracer l&rsquo;histoire de tous ces Creusois, de tous ces campagnards, qui sont partis \u00e0 la capitale<\/strong> pour tenter de r\u00e9aliser leurs r\u00eaves. La pochette\u00a0du single contient d&rsquo;ailleurs un autre clin d&rsquo;\u0153il en hommage \u00e0 la Creuse. Gauvain Sers <strong>pose assis sur une vieille micheline<\/strong>, le genre de train utilis\u00e9 autrefois en Creuse, pour quitter le d\u00e9partement.<\/p>\n<p><strong>La date de sortie de l&rsquo;album n&rsquo;est pas encore connue.<\/strong> Mais\u00a0<a target=\"_blank\" rel=\"nofollow noopener noreferrer\" class=\"IciLink ici-link IciArticleLink g-ici-body-regular-1 underline brand svelte-lu7k6w\" href=\"https:\/\/www.youtube.com\/channel\/UCFJjUGix1vo2vaI7eholGPw\">le clip officiel accompagnant le titre \u00ab\u00a0Monter \u00e0 Paris\u00a0\u00bb sort \u00e0 17h ce vendredi sur Youtube.<\/a><\/p>\n<p>\u00c0 lire aussi   <img decoding=\"async\" src=\"https:\/\/www.europesays.com\/fr\/wp-content\/uploads\/2025\/10\/1760161276_265_560x315\" alt=\"Le chanteur Gauvain Sers va donner un concert de soutien aux ex GM&amp;S ce samedi 18 janvier\" style=\"--_image-preview:url('data:image\/jpeg;base64,\/9j\/2wBDACgcHiMeGSgjISMtKygwPGRBPDc3PHtYXUlkkYCZlo+AjIqgtObDoKrarYqMyP\/L2u71\/\/\/\/m8H\/\/\/\/6\/+b9\/\/j\/2wBDASstLTw1PHZBQXb4pYyl+Pj4+Pj4+Pj4+Pj4+Pj4+Pj4+Pj4+Pj4+Pj4+Pj4+Pj4+Pj4+Pj4+Pj4+Pj4+Pj4+Pj\/wAARCAAXACoDASIAAhEBAxEB\/8QAFwABAQEBAAAAAAAAAAAAAAAAAAIBBP\/EABYQAQEBAAAAAAAAAAAAAAAAAAABEf\/EABgBAQADAQAAAAAAAAAAAAAAAAEAAgME\/8QAFhEBAQEAAAAAAAAAAAAAAAAAABEB\/9oADAMBAAIRAxEAPwDji4iVUrtrHcW1Ot01WNANEc8qpQZNmyqlAqqjQKP\/2Q==');\" loading=\"lazy\" fetchpriority=\"low\" aria-hidden=\"true\" class=\"svelte-1pnmlwx rounded\" onload=\"this.__e=event\" onerror=\"this.__e=event\"\/><\/p>\n","protected":false},"excerpt":{"rendered":"Quatre ans apr\u00e8s la sortie de son troisi\u00e8me album, Gauvain Sers est de retour avec un nouveau single&hellip;\n","protected":false},"author":2,"featured_media":454303,"comment_status":"","ping_status":"","sticky":false,"template":"","format":"standard","meta":{"footnotes":""},"categories":[1355],"tags":[58,59,1011,27,1361,873],"class_list":{"0":"post-454302","1":"post","2":"type-post","3":"status-publish","4":"format-standard","5":"has-post-thumbnail","7":"category-musique","8":"tag-divertissement","9":"tag-entertainment","10":"tag-fr","11":"tag-france","12":"tag-music","13":"tag-musique"},"share_on_mastodon":{"url":"https:\/\/pubeurope.com\/@fr\/115353936713883541","error":""},"_links":{"self":[{"href":"https:\/\/www.europesays.com\/fr\/wp-json\/wp\/v2\/posts\/454302","targetHints":{"allow":["GET"]}}],"collection":[{"href":"https:\/\/www.europesays.com\/fr\/wp-json\/wp\/v2\/posts"}],"about":[{"href":"https:\/\/www.europesays.com\/fr\/wp-json\/wp\/v2\/types\/post"}],"author":[{"embeddable":true,"href":"https:\/\/www.europesays.com\/fr\/wp-json\/wp\/v2\/users\/2"}],"replies":[{"embeddable":true,"href":"https:\/\/www.europesays.com\/fr\/wp-json\/wp\/v2\/comments?post=454302"}],"version-history":[{"count":0,"href":"https:\/\/www.europesays.com\/fr\/wp-json\/wp\/v2\/posts\/454302\/revisions"}],"wp:featuredmedia":[{"embeddable":true,"href":"https:\/\/www.europesays.com\/fr\/wp-json\/wp\/v2\/media\/454303"}],"wp:attachment":[{"href":"https:\/\/www.europesays.com\/fr\/wp-json\/wp\/v2\/media?parent=454302"}],"wp:term":[{"taxonomy":"category","embeddable":true,"href":"https:\/\/www.europesays.com\/fr\/wp-json\/wp\/v2\/categories?post=454302"},{"taxonomy":"post_tag","embeddable":true,"href":"https:\/\/www.europesays.com\/fr\/wp-json\/wp\/v2\/tags?post=454302"}],"curies":[{"name":"wp","href":"https:\/\/api.w.org\/{rel}","templated":true}]}}