{"id":454310,"date":"2025-10-11T05:45:17","date_gmt":"2025-10-11T05:45:17","guid":{"rendered":"https:\/\/www.europesays.com\/fr\/454310\/"},"modified":"2025-10-11T05:45:17","modified_gmt":"2025-10-11T05:45:17","slug":"le-prince-harry-et-meghan-markle-proches-du-divorce-leur-comportement-a-new-york-ne-laisse-aucun-doute","status":"publish","type":"post","link":"https:\/\/www.europesays.com\/fr\/454310\/","title":{"rendered":"Le prince Harry et Meghan Markle proches du divorce\u00a0? Leur comportement \u00e0 New York ne laisse aucun doute"},"content":{"rendered":"<p class=\"ap-StoryElement ap-StoryElement--mb ap-StoryText\">Un nouveau divorce royal ? Cela fait maintenant de nombreux mois, voire ann\u00e9es, que des rumeurs parlent d&rsquo;un divorce chez les Sussex. R\u00e9cemment, celles-ci ont \u00e9t\u00e9 relanc\u00e9es par les retrouvailles tant attendues entre le prince Harry et le roi Charles III.<\/p>\n<p class=\"ap-StoryElement ap-StoryElement--mb ap-StoryText\">Retrouvailles qui ne semblent pas ravir Meghan Markle, qui resterait r\u00e9ticente \u00e0 l&rsquo;id\u00e9e de retourner au Royaume-Uni et de se r\u00e9concilier avec la famille royale. De plus, la vid\u00e9o pol\u00e9mique que la duchesse a prise \u00e0 Paris devrait avoir soulev\u00e9 la col\u00e8re de son \u00e9poux. Ces r\u00e9cents \u00e9v\u00e9nements pourraient-ils avoir raison du couple Sussex ?<\/p>\n<p><a href=\"https:\/\/www.parismatch.be\/actualites\/people\/2025\/09\/24\/ils-veulent-quon-divorce-meghan-markle-craint-le-pire-apres-la-rencontre-du-prince-harry-avec-le-roi-charles-iii-JOSXWMT4DVBB5FLJ2GOXBSBQ4M\/\" target=\"_blank\" rel=\"noopener noreferrer\" class=\"ap-StoryInterstitialLink ap-StoryElement ap-StoryElement--mb js-paywall-target\">\u00ab\u00a0Ils veulent qu&rsquo;on divorce\u00a0\u00bb : Meghan Markle craint le pire apr\u00e8s la rencontre du prince Harry avec le roi Charles III<\/a>Le prince Harry et Meghan Markle sont-ils au bord du divorce ?<\/p>\n<p class=\"text-left ap-StoryElement ap-StoryElement--mb ap-StoryText\">Les rumeurs avaient encore grandi ce 8 octobre 2025, alors que le prince Harry s&rsquo;\u00e9tait rendu seul \u00e0 une soir\u00e9e \u00e0 New York. Mais, le lendemain, les Sussex se sont rendus ensemble au <a href=\"https:\/\/www.parismatch.be\/actualites\/people\/2025\/10\/10\/le-prince-harry-et-meghan-markle-reunis-pour-une-cause-importante-ils-evoquent-archie-et-lilibet-nous-savons-que-ce-jour-viendra-LJRFOKBFKFDL7GCUIZKWTMP74M\/\" target=\"_self\" rel=\"noopener\">gala du Project Healthy Minds<\/a>, aux Spring Studios, toujours \u00e0 New York. Ils y ont m\u00eame \u00e9t\u00e9 d\u00e9sign\u00e9s humanitaires de l&rsquo;ann\u00e9e pour leur engagement en faveur de la sant\u00e9 mentale.<\/p>\n<p class=\"text-left ap-StoryElement ap-StoryElement--mb ap-StoryText\">Durant cet \u00e9v\u00e9nement, le couple a multipli\u00e9 les gestes tendres, balayant les rumeurs de divorce, comme le rapporte le magazine Hello !, cit\u00e9 par Gala. Souriants, le prince Harry et <a href=\"https:\/\/www.parismatch.be\/actualites\/people\/2025\/10\/09\/meghan-markle-naurait-aucune-envie-de-simpliquer-dans-la-reconciliation-du-prince-harry-avec-la-famille-royale-elle-en-a-fini-avec-eux-AC7QMOADXZDMPMLQCXKSGLWEAM\/\" target=\"_self\" rel=\"noopener\">Meghan Markle<\/a> sont arriv\u00e9s main dans la main sur le tapis rouge.<\/p>\n<p><a href=\"https:\/\/www.parismatch.be\/actualites\/people\/2025\/09\/27\/le-prince-harry-oblige-de-choisir-entre-la-famille-royale-et-meghan-la-seule-maniere-pour-lui-de-revenir-par-la-grande-porte-cest-de-divorcer-FDX3WYSTBBGFTHEZ6VJKLVISQE\/\" target=\"_blank\" rel=\"noopener noreferrer\" class=\"ap-StoryInterstitialLink ap-StoryElement ap-StoryElement--mb\">Le prince Harry oblig\u00e9 de choisir entre la famille royale et Meghan ? \u00ab\u00a0La seule mani\u00e8re pour lui de revenir par la grande porte, c&rsquo;est de divorcer\u00a0\u00bb<\/a><\/p>\n<p class=\"ap-StoryElement ap-StoryElement--mb ap-StoryText\">Selon le magazine, le duc de Sussex a m\u00eame \u00e9t\u00e9 surpris en train d&rsquo;effleurer les fesses de son \u00e9pouse. Cette derni\u00e8re lui a ensuite dit un mot, le faisant sourire et remonter ses mains un peu plus haut, sur sa hanche, pour les photos. Les Sussex semblent ainsi toujours aussi complices et bien loin d&rsquo;un divorce, n&rsquo;en d\u00e9plaise \u00e0 certains.<\/p>\n","protected":false},"excerpt":{"rendered":"Un nouveau divorce royal ? Cela fait maintenant de nombreux mois, voire ann\u00e9es, que des rumeurs parlent d&rsquo;un&hellip;\n","protected":false},"author":2,"featured_media":454311,"comment_status":"","ping_status":"","sticky":false,"template":"","format":"standard","meta":{"footnotes":""},"categories":[8],"tags":[58,7681,59,1011,27,908,415,267,25724],"class_list":{"0":"post-454310","1":"post","2":"type-post","3":"status-publish","4":"format-standard","5":"has-post-thumbnail","7":"category-divertissement","8":"tag-divertissement","9":"tag-divorce","10":"tag-entertainment","11":"tag-fr","12":"tag-france","13":"tag-meghan-markle","14":"tag-new-york","15":"tag-prince-harry","16":"tag-sussex"},"share_on_mastodon":{"url":"https:\/\/pubeurope.com\/@fr\/115353952172987153","error":""},"_links":{"self":[{"href":"https:\/\/www.europesays.com\/fr\/wp-json\/wp\/v2\/posts\/454310","targetHints":{"allow":["GET"]}}],"collection":[{"href":"https:\/\/www.europesays.com\/fr\/wp-json\/wp\/v2\/posts"}],"about":[{"href":"https:\/\/www.europesays.com\/fr\/wp-json\/wp\/v2\/types\/post"}],"author":[{"embeddable":true,"href":"https:\/\/www.europesays.com\/fr\/wp-json\/wp\/v2\/users\/2"}],"replies":[{"embeddable":true,"href":"https:\/\/www.europesays.com\/fr\/wp-json\/wp\/v2\/comments?post=454310"}],"version-history":[{"count":0,"href":"https:\/\/www.europesays.com\/fr\/wp-json\/wp\/v2\/posts\/454310\/revisions"}],"wp:featuredmedia":[{"embeddable":true,"href":"https:\/\/www.europesays.com\/fr\/wp-json\/wp\/v2\/media\/454311"}],"wp:attachment":[{"href":"https:\/\/www.europesays.com\/fr\/wp-json\/wp\/v2\/media?parent=454310"}],"wp:term":[{"taxonomy":"category","embeddable":true,"href":"https:\/\/www.europesays.com\/fr\/wp-json\/wp\/v2\/categories?post=454310"},{"taxonomy":"post_tag","embeddable":true,"href":"https:\/\/www.europesays.com\/fr\/wp-json\/wp\/v2\/tags?post=454310"}],"curies":[{"name":"wp","href":"https:\/\/api.w.org\/{rel}","templated":true}]}}