{"id":454314,"date":"2025-10-11T05:47:13","date_gmt":"2025-10-11T05:47:13","guid":{"rendered":"https:\/\/www.europesays.com\/fr\/454314\/"},"modified":"2025-10-11T05:47:13","modified_gmt":"2025-10-11T05:47:13","slug":"inquiets-pour-leur-avenir-des-salaries-du-bhv-se-mobilisent-contre-larrivee-de-shein-actualites","status":"publish","type":"post","link":"https:\/\/www.europesays.com\/fr\/454314\/","title":{"rendered":"Inquiets pour leur avenir, des salari\u00e9s du BHV se mobilisent contre l&rsquo;arriv\u00e9e de Shein : Actualit\u00e9s"},"content":{"rendered":"<p class=\"lead \">Au pied du BHV, plus d&rsquo;une centaine de personnes scandent \u00ab\u00a0Non \u00e0 Shein\u00a0\u00bb. Mais derri\u00e8re ce slogan visant le g\u00e9ant asiatique du commerce en ligne s&rsquo;exprime une inqui\u00e9tude plus profonde quant \u00e0 l&rsquo;avenir de ce grand magasin mythique du centre de Paris.<\/p>\n<p class=\"lead \">L&rsquo;intersyndicale du Bazar de l&rsquo;H\u00f4tel de Ville (CFDT, CFTC, CFE-CGC, CGT, SUD Solidaires) a appel\u00e9 \u00e0 un d\u00e9brayage de 15H00 \u00e0 18H00, qui n&rsquo;a pas emp\u00each\u00e9 le fonctionnement de l&rsquo;\u00e9tablissement au premier jour de la \u00ab\u00a0BHV Week\u00a0\u00bb, op\u00e9ration de promotions pr\u00e9vue jusqu&rsquo;au 19 octobre.  <\/p>\n<p class=\"lead \">\u00ab\u00a0Merlin, Merlin, arr\u00eate ton baratin\u00a0\u00bb, chante aussi la foule de manifestants \u00e0 l&rsquo;adresse de Fr\u00e9d\u00e9ric Merlin, pr\u00e9sident de la fonci\u00e8re SGM qui a rachet\u00e9 le fonds de commerce du BHV aux Galeries Lafayette en 2023.<\/p>\n<p class=\"lead \">En cause, l&rsquo;implantation de Shein, marque de mode ultra-\u00e9ph\u00e9m\u00e8re r\u00e9guli\u00e8rement accus\u00e9e de pollution environnementale, de concurrence d\u00e9loyale ou encore de conditions de travail indignes, pr\u00e9vue en novembre au sixi\u00e8me \u00e9tage du BHV. <\/p>\n<p class=\"lead \">Ce projet, dont l&rsquo;annonce a soulev\u00e9 un toll\u00e9, chez les commer\u00e7ants comme chez les politiques, \u00ab\u00a0menace \u00e0 court terme\u00a0\u00bb la \u00ab\u00a0survie\u00a0\u00bb du magasin, s&rsquo;alarment les syndicats.<\/p>\n<p class=\"lead \">\u00ab\u00a0Shein ne correspond pas du tout aux valeurs du BHV, des grands magasins, et aux valeurs des marques, en fait, qui sont pr\u00e9sentes au BHV\u00a0\u00bb, a expliqu\u00e9 \u00e0 la presse Doroth\u00e9e, porte-parole de l&rsquo;intersyndicale, qui n&rsquo;a pas souhait\u00e9 donner son nom de famille.<\/p>\n<p class=\"lead \">Pr\u00e9sent pour soutenir les gr\u00e9vistes, l&rsquo;adjoint au commerce \u00e0 la mairie de Paris, Nicolas Bonnet-Oulaldj, s&rsquo;est \u00e0 nouveau dit \u00ab\u00a0totalement oppos\u00e9 \u00e0 la venue de Shein\u00a0\u00bb, assurant partager \u00ab\u00a0l&rsquo;inqui\u00e9tude\u00a0\u00bb des salari\u00e9s.<\/p>\n<p class=\"lead \">La SGM s&rsquo;est au contraire dite aupr\u00e8s de l&rsquo;AFP \u00ab\u00a0convaincue\u00a0\u00bb que ce partenariat \u00e9tait \u00ab\u00a0b\u00e9n\u00e9fique pour le groupe et ses salari\u00e9s\u00a0\u00bb, affirmant vouloir \u00ab\u00a0maintenir le dialogue avec les salari\u00e9s et syndicats pour leur expliquer l&rsquo;int\u00e9r\u00eat de ce projet\u00a0\u00bb.<\/p>\n<p class=\"lead \">Au-del\u00e0 de l&rsquo;arriv\u00e9e de Shein, la situation du BHV n&rsquo;a cess\u00e9 de se d\u00e9grader depuis sa reprise en main par Fr\u00e9d\u00e9ric Merlin, selon les syndicats.<\/p>\n<p class=\"lead \">&#8211; \u00ab\u00a0plus de marchandises\u00a0\u00bb &#8211;<\/p>\n<p class=\"lead \">Outre la suppression \u00ab\u00a0de plus de 300 emplois directs\u00a0\u00bb, ils pointent dans un communiqu\u00e9 l&rsquo;accumulation d&rsquo;impay\u00e9s qui a pouss\u00e9 plusieurs fournisseurs &#8211; comme le Slip Fran\u00e7ais &#8211;  \u00e0 quitter le BHV ou suspendre leurs livraisons.<\/p>\n<p class=\"lead \">Plus r\u00e9cemment, d&rsquo;autres marques (AIME, Culture Vintage, Talm&#8230;) ont pli\u00e9 bagage pour protester contre le partenariat avec Shein.<\/p>\n<p class=\"lead \">\u00ab\u00a0Il y a des marques qui partent, qui reviennent, comme dans un soap-opera\u00a0\u00bb, a d\u00e9plor\u00e9 aupr\u00e8s de l&rsquo;AFP une salari\u00e9e gr\u00e9viste de 45 ans, qui a souhait\u00e9 rester anonyme et pour qui la \u00ab\u00a0probl\u00e9matique est plus profonde\u00a0\u00bb que l&rsquo;arriv\u00e9e de Shein. <\/p>\n<p class=\"lead \">\u00ab\u00a0On nous demande toujours plus\u00a0\u00bb, ajoute celle qui travaille depuis 21 ans au BHV, citant le \u00ab\u00a0sous-effectif\u00a0\u00bb ou encore le non-versement de primes de participation.  <\/p>\n<p class=\"lead \">Pour ne rien arranger, mercredi, la Banque des territoires s&rsquo;est retir\u00e9e des n\u00e9gociations entam\u00e9es en juin avec la SGM pour l&rsquo;aider \u00e0 racheter les murs du BHV, invoquant \u00ab\u00a0une rupture de confiance\u00a0\u00bb. La SGM a assur\u00e9 de son c\u00f4t\u00e9 avoir \u00ab\u00a0d&rsquo;autres partenaires qui ont confirm\u00e9 leur engagement\u00a0\u00bb.<\/p>\n<p class=\"lead \">De son c\u00f4t\u00e9, Nicolas Bonnet-Oulaldj assure \u00e0 l&rsquo;AFP oeuvrer en coulisses pour un \u00ab\u00a0autre chemin\u00a0\u00bb : \u00ab\u00a0On essaie de convaincre la direction g\u00e9n\u00e9rale et M. Merlin, on essaie de travailler avec la Banque des territoires pour une autre vision et relancer le BHV\u00a0\u00bb, dont le sort met en danger \u00ab\u00a0toute l&rsquo;\u00e9conomie du quartier\u00a0\u00bb.<\/p>\n<p class=\"lead \">\u00ab\u00a0La vraie crainte, \u00e7a va \u00eatre vraiment l&rsquo;avenir du magasin\u00a0\u00bb, a abond\u00e9 Doroth\u00e9e. \u00ab\u00a0Comment il va pouvoir perdurer avec les marques qui partent (&#8230;.) c&rsquo;est tr\u00e8s compliqu\u00e9, parce qu&rsquo;on n&rsquo;a plus de marchandises \u00e0 vendre, que notre chiffre d&rsquo;affaires s&rsquo;effondre\u00a0\u00bb.<\/p>\n<p class=\"lead \">De nombreux rayons vides t\u00e9moignent de l&rsquo;ampleur des difficult\u00e9s, notamment dans les espaces reserv\u00e9s au bricolage et \u00e0 la papeterie, o\u00f9 d\u00e9ambulaient toujours des clients vendredi malgr\u00e9 la gr\u00e8ve.  <\/p>\n<p class=\"lead \">\u00ab\u00a0Il y a des r\u00e9ductions\u00a0\u00bb, a justifi\u00e9 une retrait\u00e9e de 68 ans, pas au courant de la mobilisation. Si Shein et ses prix discount l'\u00a0\u00bbinterroge\u00a0\u00bb, celle qui pr\u00e9f\u00e8re \u00ab\u00a0acheter fran\u00e7ais\u00a0\u00bb pense \u00ab\u00a0aussi \u00e0 la jeunesse qui n&rsquo;a pas toujours les moyens\u00a0\u00bb. <\/p>\n<p class=\"lead \">Du c\u00f4t\u00e9 des salari\u00e9s, un non-gr\u00e9viste qui avait particip\u00e9 \u00e0 une pr\u00e9c\u00e9dente mobilisation en juillet, a d\u00e9nonc\u00e9 aupr\u00e8s de l&rsquo;AFP la focalisation de celle de vendredi sur Shein&#8230;et sa r\u00e9cup\u00e9ration par certains politiques.<\/p>\n<p class=\"small font-weight-bold text-gray3 \"> publi\u00e9 le 10 octobre \u00e0 21h24, AFP<\/p>\n<p>                             Partager<\/p>\n","protected":false},"excerpt":{"rendered":"Au pied du BHV, plus d&rsquo;une centaine de personnes scandent \u00ab\u00a0Non \u00e0 Shein\u00a0\u00bb. Mais derri\u00e8re ce slogan visant&hellip;\n","protected":false},"author":2,"featured_media":454315,"comment_status":"","ping_status":"","sticky":false,"template":"","format":"standard","meta":{"footnotes":""},"categories":[6],"tags":[35,130,2105,33,34,341,1011,27,17654,310,801,3427,2422],"class_list":{"0":"post-454314","1":"post","2":"type-post","3":"status-publish","4":"format-standard","5":"has-post-thumbnail","7":"category-economie","8":"tag-business","9":"tag-consommation","10":"tag-distribution","11":"tag-economie","12":"tag-economy","13":"tag-emploi","14":"tag-fr","15":"tag-france","16":"tag-grves","17":"tag-internet","18":"tag-social","19":"tag-syndicats","20":"tag-textile"},"share_on_mastodon":{"url":"https:\/\/pubeurope.com\/@fr\/115353960001286444","error":""},"_links":{"self":[{"href":"https:\/\/www.europesays.com\/fr\/wp-json\/wp\/v2\/posts\/454314","targetHints":{"allow":["GET"]}}],"collection":[{"href":"https:\/\/www.europesays.com\/fr\/wp-json\/wp\/v2\/posts"}],"about":[{"href":"https:\/\/www.europesays.com\/fr\/wp-json\/wp\/v2\/types\/post"}],"author":[{"embeddable":true,"href":"https:\/\/www.europesays.com\/fr\/wp-json\/wp\/v2\/users\/2"}],"replies":[{"embeddable":true,"href":"https:\/\/www.europesays.com\/fr\/wp-json\/wp\/v2\/comments?post=454314"}],"version-history":[{"count":0,"href":"https:\/\/www.europesays.com\/fr\/wp-json\/wp\/v2\/posts\/454314\/revisions"}],"wp:featuredmedia":[{"embeddable":true,"href":"https:\/\/www.europesays.com\/fr\/wp-json\/wp\/v2\/media\/454315"}],"wp:attachment":[{"href":"https:\/\/www.europesays.com\/fr\/wp-json\/wp\/v2\/media?parent=454314"}],"wp:term":[{"taxonomy":"category","embeddable":true,"href":"https:\/\/www.europesays.com\/fr\/wp-json\/wp\/v2\/categories?post=454314"},{"taxonomy":"post_tag","embeddable":true,"href":"https:\/\/www.europesays.com\/fr\/wp-json\/wp\/v2\/tags?post=454314"}],"curies":[{"name":"wp","href":"https:\/\/api.w.org\/{rel}","templated":true}]}}