{"id":454324,"date":"2025-10-11T05:52:13","date_gmt":"2025-10-11T05:52:13","guid":{"rendered":"https:\/\/www.europesays.com\/fr\/454324\/"},"modified":"2025-10-11T05:52:13","modified_gmt":"2025-10-11T05:52:13","slug":"en-images-thierry-roland-maxime-le-forestier-michel-drucker-ces-celebrites-qui-sont-passees-par-la-fete-du-livre-de-saint-etienne","status":"publish","type":"post","link":"https:\/\/www.europesays.com\/fr\/454324\/","title":{"rendered":"En images. Thierry Roland, Maxime Le Forestier, Michel Drucker&#8230; Ces c\u00e9l\u00e9brit\u00e9s qui sont pass\u00e9es par la F\u00eate du livre de Saint-Etienne"},"content":{"rendered":"<p>La F\u00eate du livre de Saint-Etienne commence ce vendredi pour trois jours. Au programme, des d\u00e9dicaces, des d\u00e9bats, des spectacles, des ateliers. Et, comme chaque ann\u00e9e, la pr\u00e9sence d&rsquo;auteurs reconnus voire de peoples. Car de nombreuses c\u00e9l\u00e9brit\u00e9s ont foul\u00e9 les marches de l&rsquo;h\u00f4tel de ville depuis la premi\u00e8re \u00e9dition en 1986. Certaines sont m\u00eame venues plusieurs fois. Revue de d\u00e9tails.<\/p>\n","protected":false},"excerpt":{"rendered":"La F\u00eate du livre de Saint-Etienne commence ce vendredi pour trois jours. Au programme, des d\u00e9dicaces, des d\u00e9bats,&hellip;\n","protected":false},"author":2,"featured_media":454325,"comment_status":"","ping_status":"","sticky":false,"template":"","format":"standard","meta":{"footnotes":""},"categories":[9653],"tags":[1111,11,2430,1687,7539,1777,674,57546,107,1011,27,5325,2798,3367,12,25,4001,273],"class_list":{"0":"post-454324","1":"post","2":"type-post","3":"status-publish","4":"format-standard","5":"has-post-thumbnail","7":"category-saint-etienne","8":"tag-actu","9":"tag-actualites","10":"tag-auvergne-rhone-alpes","11":"tag-culture-loisirs","12":"tag-edition-loire-sud","13":"tag-eu","14":"tag-europe","15":"tag-fete-du-livre-de-saint-etienne","16":"tag-fil-info","17":"tag-fr","18":"tag-france","19":"tag-galerie-media","20":"tag-galerie-photo","21":"tag-loire","22":"tag-news","23":"tag-republique-francaise","24":"tag-saint-etienne","25":"tag-selection-de-la-redaction"},"share_on_mastodon":{"url":"https:\/\/pubeurope.com\/@fr\/115353980109080524","error":""},"_links":{"self":[{"href":"https:\/\/www.europesays.com\/fr\/wp-json\/wp\/v2\/posts\/454324","targetHints":{"allow":["GET"]}}],"collection":[{"href":"https:\/\/www.europesays.com\/fr\/wp-json\/wp\/v2\/posts"}],"about":[{"href":"https:\/\/www.europesays.com\/fr\/wp-json\/wp\/v2\/types\/post"}],"author":[{"embeddable":true,"href":"https:\/\/www.europesays.com\/fr\/wp-json\/wp\/v2\/users\/2"}],"replies":[{"embeddable":true,"href":"https:\/\/www.europesays.com\/fr\/wp-json\/wp\/v2\/comments?post=454324"}],"version-history":[{"count":0,"href":"https:\/\/www.europesays.com\/fr\/wp-json\/wp\/v2\/posts\/454324\/revisions"}],"wp:featuredmedia":[{"embeddable":true,"href":"https:\/\/www.europesays.com\/fr\/wp-json\/wp\/v2\/media\/454325"}],"wp:attachment":[{"href":"https:\/\/www.europesays.com\/fr\/wp-json\/wp\/v2\/media?parent=454324"}],"wp:term":[{"taxonomy":"category","embeddable":true,"href":"https:\/\/www.europesays.com\/fr\/wp-json\/wp\/v2\/categories?post=454324"},{"taxonomy":"post_tag","embeddable":true,"href":"https:\/\/www.europesays.com\/fr\/wp-json\/wp\/v2\/tags?post=454324"}],"curies":[{"name":"wp","href":"https:\/\/api.w.org\/{rel}","templated":true}]}}