{"id":454326,"date":"2025-10-11T05:53:11","date_gmt":"2025-10-11T05:53:11","guid":{"rendered":"https:\/\/www.europesays.com\/fr\/454326\/"},"modified":"2025-10-11T05:53:11","modified_gmt":"2025-10-11T05:53:11","slug":"maxeville-un-complexe-de-padel-premium-sinstalle-sur-lecoparc","status":"publish","type":"post","link":"https:\/\/www.europesays.com\/fr\/454326\/","title":{"rendered":"Max\u00e9ville. Un complexe de padel \u00ab\u00a0premium\u00a0\u00bb s\u2019installe sur l\u2019\u00e9coparc"},"content":{"rendered":"<p>L\u2019\u00e9coparc Saint-Jacques II \u00e0 Max\u00e9ville finalise son d\u00e9veloppement et \u00ab\u00a0arrive \u00e0 maturit\u00e9\u00a0\u00bb, comme l\u2019expliquait <a href=\"https:\/\/www.lasemaine.fr\/non-classe\/francois-pelissier-il-faut-encourager-les-allers-retours-public-prive\/\" data-type=\"post\" data-id=\"236178\" rel=\"nofollow noopener\" target=\"_blank\">Fran\u00e7ois P\u00e9lissier<\/a>, son pr\u00e9sident, vendredi 10\u00a0octobre \u00e0 l\u2019occasion d\u2019une conf\u00e9rence de presse organis\u00e9e sur place. L\u2019occasion d\u2019annoncer la finalisation \u00ab\u00a0prochaine\u00a0\u00bb des voiries et de l\u2019offre de stationnement, avec la cr\u00e9ation d\u2019un giratoire au bout de la rue Haroun Tazieff et l\u2019ajout d\u2019un parking suppl\u00e9mentaire sur l\u2019emplacement provisoire, \u00e0 c\u00f4t\u00e9 du num\u00e9ro\u00a0127, d\u2019une capacit\u00e9 de 165 places. Tout en gardant la possibilit\u00e9 d\u2019am\u00e9nager une extension si besoin, sur une partie d\u2019une emprise fonci\u00e8re restante d\u2019environ 7\u00a0000\u00a0m2. Des \u00ab\u00a0pistes th\u00e9matiques sont \u00e0 l\u2019\u00e9tude\u00a0\u00bb pour l\u2019implantation potentielle d\u2019une activit\u00e9 de type \u00ab\u00a0petite unit\u00e9 industrielle, laboratoire ou atelier artisanal\u00a0\u00bb, d\u00e9veloppe Fran\u00e7ois P\u00e9lissier.<\/p>\n<p>Mais la grande annonce concerne l\u2019implantation de l\u2019entreprise rhodanienne Esprit Padel, qui a fait l\u2019acquisition de la derni\u00e8re grosse parcelle disponible sur l\u2019\u00e9coparc. Elle y pr\u00e9voit la cr\u00e9ation d\u2019un\u00a0<a href=\"https:\/\/www.lasemaine.fr\/commerce\/ca-ouvre-ca-ferme\/un-nouveau-padel-ouvre-ses-portes-pres-de-nancy\/\" data-type=\"post\" data-id=\"394324\" rel=\"nofollow noopener\" target=\"_blank\">complexe<\/a> d\u00e9di\u00e9 au sport et au loisir. Ce dernier se composera de 12 terrains de padel, un sport import\u00e9 du Mexique s\u2019apparentant au tennis dont la popularit\u00e9 est grandissante. Avec \u00ab\u00a01000 terrains suppl\u00e9mentaires en France chaque ann\u00e9e\u00a0\u00bb, le padel laisse entrevoir un \u00ab\u00a0d\u00e9veloppement important\u00a0\u00bb dans les ann\u00e9es \u00e0 venir, souligne S\u00e9bastien Cornet, fondateur d\u2019Esprit Padel. En plus de la location de terrain, il sera possible de s\u2019inscrire \u00e0 des cours individuels ou collectifs avec un professeur. Une \u00e9cole de padel sera r\u00e9serv\u00e9e aux enfants et une boutique de vente de mat\u00e9riel sportif doit \u00e9galement \u00eatre am\u00e9nag\u00e9e.<\/p>\n<p>L\u2019offre sportive sera compl\u00e9t\u00e9e par un bar lounge et un restaurant \u00e0 l\u2019\u00e9tage dans un espace enti\u00e8rement vitr\u00e9 avec vue sur les terrains ainsi qu\u2019une salle pouvant accueillir une trentaine de personnes pour l\u2019organisation de r\u00e9unions d\u2019entreprise ou de s\u00e9minaires. Le tout pour un investissement de 5\u00a0millions d\u2019euros. Une bonne nouvelle pour l\u2019attractivit\u00e9 de la commune, se r\u00e9jouit <a href=\"https:\/\/www.lasemaine.fr\/politique\/la-personnalite-de-la-semaine-christophe-choserot-face-a-la-crise-resister-et-accelerer\/\" data-type=\"post\" data-id=\"384993\" rel=\"nofollow noopener\" target=\"_blank\">Christophe Choserot, maire de Max\u00e9ville<\/a>.<\/p>\n<p>Livraison en 2027<\/p>\n<p>Pour rappel, le site Saint-Jacques II regroupe quatre grands p\u00f4les \u00e9conomiques (30 entreprises et 500 salari\u00e9s)\u00a0: le \u00ab\u00a0village tertiaire\u00a0\u00bb compos\u00e9 des quatre b\u00e2timents nomm\u00e9s \u00ab\u00a0Oc\u00e9anis\u00a0\u00bb sur 15\u00a0000\u00a0m2, le \u00ab\u00a0village automobile\u00a0\u00bb rassemblant Saint Christophe Automobile sur 50\u00a0000\u00a0m2, <a href=\"https:\/\/www.lasemaine.fr\/economie\/car-avenue-part-en-conquete-de-lallemagne\/\" data-type=\"post\" data-id=\"359351\" rel=\"nofollow noopener\" target=\"_blank\">Car Avenue<\/a> sur\u00a025\u00a0000\u00a0m2, groupe RCM sur 24\u00a0000\u00a0m2, l\u2019espace dit LaFABE (en cours de finalisation) d\u00e9di\u00e9 aux PME et artisans sur 10\u00a0000\u00a0m2 et, d\u00e9sormais, le complexe sport et loisirs Esprit Padel qui s\u2019\u00e9tendra sur 10\u00a0000\u00a0m2.<\/p>\n<p>Ce qui se passe en Meurthe-et-Moselle<\/p>\n<p>Les travaux doivent d\u00e9buter dans environ huit mois, le temps d\u2019obtenir le permis de construire, pour une livraison finale esp\u00e9r\u00e9e au cours du deuxi\u00e8me trimestre 2027. La partie conception et r\u00e9alisation du projet a \u00e9t\u00e9 confi\u00e9e \u00e0 l\u2019entreprise Accompagnement Projet Immobilier (API) et l\u2019accompagnement sur la partie transaction a \u00e9t\u00e9 assur\u00e9 par l\u2019entreprise lorraine Advenis. Une arriv\u00e9e qui s\u2019accompagne de nouveaux am\u00e9nagements cyclables et pi\u00e9tons sur la partie Saint-Jacques I, compl\u00e8te Christophe Choserot, qui imagine d\u00e9j\u00e0 la possibilit\u00e9 qu\u2019<a href=\"https:\/\/www.lasemaine.fr\/economie\/innovation\/meurthe-et-moselle-cette-entreprise-innovante-elue-start-up-de-lannee\/\" data-type=\"post\" data-id=\"402034\" rel=\"nofollow noopener\" target=\"_blank\">une ligne Urbanloop<\/a> desserve l\u2019\u00e9coparc.<\/p>\n","protected":false},"excerpt":{"rendered":"L\u2019\u00e9coparc Saint-Jacques II \u00e0 Max\u00e9ville finalise son d\u00e9veloppement et \u00ab\u00a0arrive \u00e0 maturit\u00e9\u00a0\u00bb, comme l\u2019expliquait Fran\u00e7ois P\u00e9lissier, son pr\u00e9sident,&hellip;\n","protected":false},"author":2,"featured_media":454327,"comment_status":"","ping_status":"","sticky":false,"template":"","format":"standard","meta":{"footnotes":""},"categories":[9635],"tags":[1111,11,1777,674,1011,27,775,1702,12,25],"class_list":{"0":"post-454326","1":"post","2":"type-post","3":"status-publish","4":"format-standard","5":"has-post-thumbnail","7":"category-nancy","8":"tag-actu","9":"tag-actualites","10":"tag-eu","11":"tag-europe","12":"tag-fr","13":"tag-france","14":"tag-grand-est","15":"tag-nancy","16":"tag-news","17":"tag-republique-francaise"},"share_on_mastodon":{"url":"https:\/\/pubeurope.com\/@fr\/115353983559884038","error":""},"_links":{"self":[{"href":"https:\/\/www.europesays.com\/fr\/wp-json\/wp\/v2\/posts\/454326","targetHints":{"allow":["GET"]}}],"collection":[{"href":"https:\/\/www.europesays.com\/fr\/wp-json\/wp\/v2\/posts"}],"about":[{"href":"https:\/\/www.europesays.com\/fr\/wp-json\/wp\/v2\/types\/post"}],"author":[{"embeddable":true,"href":"https:\/\/www.europesays.com\/fr\/wp-json\/wp\/v2\/users\/2"}],"replies":[{"embeddable":true,"href":"https:\/\/www.europesays.com\/fr\/wp-json\/wp\/v2\/comments?post=454326"}],"version-history":[{"count":0,"href":"https:\/\/www.europesays.com\/fr\/wp-json\/wp\/v2\/posts\/454326\/revisions"}],"wp:featuredmedia":[{"embeddable":true,"href":"https:\/\/www.europesays.com\/fr\/wp-json\/wp\/v2\/media\/454327"}],"wp:attachment":[{"href":"https:\/\/www.europesays.com\/fr\/wp-json\/wp\/v2\/media?parent=454326"}],"wp:term":[{"taxonomy":"category","embeddable":true,"href":"https:\/\/www.europesays.com\/fr\/wp-json\/wp\/v2\/categories?post=454326"},{"taxonomy":"post_tag","embeddable":true,"href":"https:\/\/www.europesays.com\/fr\/wp-json\/wp\/v2\/tags?post=454326"}],"curies":[{"name":"wp","href":"https:\/\/api.w.org\/{rel}","templated":true}]}}