{"id":454328,"date":"2025-10-11T05:55:16","date_gmt":"2025-10-11T05:55:16","guid":{"rendered":"https:\/\/www.europesays.com\/fr\/454328\/"},"modified":"2025-10-11T05:55:16","modified_gmt":"2025-10-11T05:55:16","slug":"le-reseau-stan-leur-offre-une-surprise","status":"publish","type":"post","link":"https:\/\/www.europesays.com\/fr\/454328\/","title":{"rendered":"le r\u00e9seau Stan leur offre\u00a0une\u00a0surprise"},"content":{"rendered":"<p>            Par<br \/>\n        <strong><br \/>\n            <a href=\"https:\/\/actu.fr\/auteur\/pierre-emile-bouchy-actu-fr\" title=\"Consulter tous les articles de Paul-Emile Bouchy\" rel=\"nofollow noopener\" target=\"_blank\">Paul-Emile Bouchy<\/a><br \/>\n        <\/strong><\/p>\n<p>        Publi\u00e9 le<\/p>\n<p>            11 oct. 2025 \u00e0 7h02        <\/p>\n<p>Pour venir \u00e0 l\u2019\u00e9glise et \u00e0 la mairie de Tomblaine, pr\u00e8s de Nancy, le samedi 13\u00a0septembre, <a href=\"https:\/\/actu.fr\/grand-est\/tomblaine_54526\/video-laura-et-romain-sont-venus-a-leur-mariage-dans-un-bus-du-reseau-stan-tout-le-monde-a-ete-surpris_63212886.html\" rel=\"nofollow noopener\" target=\"_blank\">Laura et Romain \u00e9taient venus \u00e0 leur mariage dans un bus du r\u00e9seau Stan<\/a>. Une initiative qui avait<strong> surpris leurs proches<\/strong> et qui avait <strong>s\u00e9duit de nombreux lecteurs et internautes<\/strong> sur nos r\u00e9seaux sociaux.<\/p>\n<blockquote class=\"tiktok-embed\" cite=\"https:\/\/www.tiktok.com\/@lorraine.actu\/video\/7554014820421455126\" data-video-id=\"7554014820421455126\" data-embed-from=\"oembed\" style=\"max-width:605px; min-width:325px;\"><p>\n<a target=\"_blank\" title=\"@lorraine.actu\" href=\"https:\/\/www.tiktok.com\/@lorraine.actu?refer=embed\" rel=\"nofollow noopener\">@lorraine.actu<\/a> <\/p>\n<p>Lors d\u2019un mariage, il n\u2019est pas rare de voir les mari\u00e9s arriver \u00e0 bord d\u2019un v\u00e9hicule de collection ou une voiture de luxe. En revanche, peu se hasardent \u00e0 prendre les transports en commune. C\u2019est pourtant le choix qu\u2019a fait Laura et Romain qui se sont mari\u00e9s \u00e0 Tomblaine, pr\u00e8s de Nancy (Meurthe-et-Moselle), le samedi 13\u00a0septembre 2025. Le couple s\u2019est rendu \u00e0 l\u2019\u00e9glise et \u00e0 la mairie \u00e0 bord d\u2019un bus du r\u00e9seau Stan. Contact\u00e9, le couple explique avoir au d\u00e9part pens\u00e9 \u00e0 louer un Hummer limousine. \u00ab\u2009Quand on a vu le prix pour le peu de temps pass\u00e9 \u00e0 l\u2019int\u00e9rieur, on a chang\u00e9 d\u2019avis. Ma femme a donc cherch\u00e9 des id\u00e9es originales via\u00a0Chat GPT et il lui a propos\u00e9 de prendre les transports en commun\u2009\u00bb, explique Romain. Ainsi, le jour de leur mariage, Romain en costume et Laura dans sa magnifique robe blanche, ont emprunt\u00e9 un des bus de la ligne 11\u2009: \u00ab\u2009Je savais qu\u2019il s\u2019arr\u00eatait devant la mairie donc on l\u2019a attendu l\u2019arr\u00eat juste avant.\u2009\u00bb Les mari\u00e9s \u00e9taient attendus \u00e0 14h20 \u00e0 la mairie. Heureusement pour eux, le bus de 13h57 \u00e9tait bien \u00e0 l\u2019heure. \u00ab\u2009Le chauffeur n\u2019\u00e9tait pas au courant. Quand il nous a vus \u00e0 l\u2019arr\u00eat, il a klaxonn\u00e9 puis il l\u2019a refait avant de nous d\u00e9poser\u2009\u00bb, sourit Romain. Le trajet a \u00e9t\u00e9 de courte dur\u00e9e au milieu des autres usagers mais la surprise a \u00e9t\u00e9 totale pour leurs proches\u2009: \u00ab\u2009Tr\u00e8s peu de personnes \u00e9taient dans la confidence. On voulait les surprendre et \u00e7a a march\u00e9. Ils ne s\u2019attendaient pas \u00e0 nous voir sortir du bus.\u2009\u00bb <a title=\"nancy\" target=\"_blank\" href=\"https:\/\/www.tiktok.com\/tag\/nancy?refer=embed\" rel=\"nofollow noopener\">#nancy<\/a> <a title=\"tomblaine\" target=\"_blank\" href=\"https:\/\/www.tiktok.com\/tag\/tomblaine?refer=embed\" rel=\"nofollow noopener\">#tomblaine<\/a> <a title=\"lorraine\" target=\"_blank\" href=\"https:\/\/www.tiktok.com\/tag\/lorraine?refer=embed\" rel=\"nofollow noopener\">#lorraine<\/a> <a title=\"bus\" target=\"_blank\" href=\"https:\/\/www.tiktok.com\/tag\/bus?refer=embed\" rel=\"nofollow noopener\">#bus<\/a> <a title=\"mariage\" target=\"_blank\" href=\"https:\/\/www.tiktok.com\/tag\/mariage?refer=embed\" rel=\"nofollow noopener\">#mariage<\/a> @R\u00e9seau Stan <\/p>\n<p> <a target=\"_blank\" title=\"\u266c son original - Lorraine Actu\" href=\"https:\/\/www.tiktok.com\/music\/son-original-7554014810221873942?refer=embed\" rel=\"nofollow noopener\">\u266c son original \u2013 Lorraine Actu<\/a> <\/p>\n<\/blockquote>\n<p class=\" wall-content\">\u00c0 la suite de notre article et pour les f\u00e9liciter, <strong>Keolis<\/strong>, exploitant du <a href=\"https:\/\/actu.fr\/tag\/reseau-stan\" rel=\"nofollow noopener\" target=\"_blank\">r\u00e9seau Stan<\/a>, a pris l\u2019initiative d\u2019<strong>offrir plusieurs cadeaux aux jeunes mari\u00e9s<\/strong>.<\/p>\n<p>Des pass pour prendre les bus du r\u00e9seau Stan et des goodies<\/p>\n<p class=\" wall-content\">Amus\u00e9 par leur d\u00e9marche, le r\u00e9seau de transports en commun du Grand Nancy a souhait\u00e9 marquer le coup aupr\u00e8s des mari\u00e9s. \u00c0 l\u2019origine, l\u2019id\u00e9e \u00e9tait de leur offrir \u00e0 chacun un abonnement. \u00ab\u2009Ils habitent pr\u00e8s de Pont-\u00e0-Mousson donc apr\u00e8s avoir \u00e9chang\u00e9 avec eux, <strong>on leur a offert deux pass 10 (un ticket valable pour 10 voyages)<\/strong> qui correspondent plus \u00e0 leur usage\u2009\u00bb, explique Keolis.<\/p>\n<p>    <img   decoding=\"async\" loading=\"lazy\" src=\"https:\/\/www.europesays.com\/fr\/wp-content\/uploads\/2025\/10\/reseau-stan-nancy-maries-cadeaux-960x640.png\" alt=\"En plus de deux pass 10 voyages, le r\u00e9seau Stan a offert plusieurs cadeaux aux jeunes mari\u00e9s.\" width=\"960\" height=\"640\"\/><br \/>\n    En plus de deux pass 10 voyages, le r\u00e9seau Stan a offert plusieurs cadeaux aux jeunes mari\u00e9s. (\u00a9DR\/ R\u00e9seau Stan)<\/p>\n<p class=\" wall-content\">Le colis envoy\u00e9 \u00e0 Laura et Romain cette semaine contient d\u2019autres surprises. \u00ab\u2009On y a joint <strong>des mugs, des porte-cl\u00e9s, un petit calepin, un stylo<\/strong> et aussi <strong>une carte de f\u00e9licitations<\/strong> accompagn\u00e9e d\u2019un mot de la directrice Ga\u00eblle Bardoul\u2009\u00bb, indique-t-il.<\/p>\n<p class=\" wall-content\">Personnalisez votre actualit\u00e9 en ajoutant vos villes et m\u00e9dias en favori avec <a href=\"https:\/\/moncompte.actu.fr\" title=\"D\u00e9couvez Mon Actu\" rel=\"nofollow noopener\" data-trk=\"{&quot;cta&quot;:{&quot;action&quot;:&quot;https:\\\/\\\/moncompte.actu.fr&quot;,&quot;category&quot;:&quot;mon compte&quot;,&quot;from&quot;:&quot;article footer&quot;,&quot;name&quot;:&quot;Mon actu&quot;,&quot;type&quot;:&quot;cta&quot;}}\" target=\"_blank\">Mon Actu<\/a>.<\/p>\n<p>                    <script async src=\"\/\/www.tiktok.com\/embed.js\"><\/script><\/p>\n","protected":false},"excerpt":{"rendered":"Par Paul-Emile Bouchy Publi\u00e9 le 11 oct. 2025 \u00e0 7h02 Pour venir \u00e0 l\u2019\u00e9glise et \u00e0 la mairie&hellip;\n","protected":false},"author":2,"featured_media":416831,"comment_status":"","ping_status":"","sticky":false,"template":"","format":"standard","meta":{"footnotes":""},"categories":[9635],"tags":[1111,11,1777,674,1011,27,775,1757,4999,1930,1702,12,25,9849],"class_list":{"0":"post-454328","1":"post","2":"type-post","3":"status-publish","4":"format-standard","5":"has-post-thumbnail","7":"category-nancy","8":"tag-actu","9":"tag-actualites","10":"tag-eu","11":"tag-europe","12":"tag-fr","13":"tag-france","14":"tag-grand-est","15":"tag-insolite","16":"tag-keolis","17":"tag-mariage","18":"tag-nancy","19":"tag-news","20":"tag-republique-francaise","21":"tag-reseau-stan"},"share_on_mastodon":{"url":"https:\/\/pubeurope.com\/@fr\/115353992079006724","error":""},"_links":{"self":[{"href":"https:\/\/www.europesays.com\/fr\/wp-json\/wp\/v2\/posts\/454328","targetHints":{"allow":["GET"]}}],"collection":[{"href":"https:\/\/www.europesays.com\/fr\/wp-json\/wp\/v2\/posts"}],"about":[{"href":"https:\/\/www.europesays.com\/fr\/wp-json\/wp\/v2\/types\/post"}],"author":[{"embeddable":true,"href":"https:\/\/www.europesays.com\/fr\/wp-json\/wp\/v2\/users\/2"}],"replies":[{"embeddable":true,"href":"https:\/\/www.europesays.com\/fr\/wp-json\/wp\/v2\/comments?post=454328"}],"version-history":[{"count":0,"href":"https:\/\/www.europesays.com\/fr\/wp-json\/wp\/v2\/posts\/454328\/revisions"}],"wp:featuredmedia":[{"embeddable":true,"href":"https:\/\/www.europesays.com\/fr\/wp-json\/wp\/v2\/media\/416831"}],"wp:attachment":[{"href":"https:\/\/www.europesays.com\/fr\/wp-json\/wp\/v2\/media?parent=454328"}],"wp:term":[{"taxonomy":"category","embeddable":true,"href":"https:\/\/www.europesays.com\/fr\/wp-json\/wp\/v2\/categories?post=454328"},{"taxonomy":"post_tag","embeddable":true,"href":"https:\/\/www.europesays.com\/fr\/wp-json\/wp\/v2\/tags?post=454328"}],"curies":[{"name":"wp","href":"https:\/\/api.w.org\/{rel}","templated":true}]}}