{"id":454329,"date":"2025-10-11T05:56:11","date_gmt":"2025-10-11T05:56:11","guid":{"rendered":"https:\/\/www.europesays.com\/fr\/454329\/"},"modified":"2025-10-11T05:56:11","modified_gmt":"2025-10-11T05:56:11","slug":"recit-dun-ex-toulonnais-devenu-joueur-de-northampton","status":"publish","type":"post","link":"https:\/\/www.europesays.com\/fr\/454329\/","title":{"rendered":"r\u00e9cit d\u2019un ex-Toulonnais devenu joueur de Northampton"},"content":{"rendered":"<p class=\"fs-5 \">Le soleil toulonnais est d\u00e9sormais bien loin. Apr\u00e8s une exp\u00e9rience de trois ans du c\u00f4t\u00e9 de Clermont-Ferrand, Anthony Belleau, 29 printemps, a travers\u00e9 la Manche au d\u00e9but du mois de juillet pour poser ses valises dans les Midlands de l\u2019Est, au c\u0153ur de l\u2019Angleterre. \u00ab Je suis parti du Sud et vais de plus en plus au Nord. Je ne sais pas o\u00f9 je vais atterrir \u00e0 la fin ! \u00bb, s\u2019en amuse l\u2019int\u00e9ress\u00e9.<\/p>\n<p class=\"fs-5 \">Pour lui, exit les balades en bord de mer sur la c\u00f4te varoise ou les randonn\u00e9es dans les montagnes d\u2019Auvergne. Avec sa conjointe toulonnaise, l\u2019ex-ouvreur du RCT vit aujourd\u2019hui \u00e0 l\u2019heure anglaise, \u00e0 proximit\u00e9 de petits villages typiques de la campagne britannique d\u00e9j\u00e0 valid\u00e9s et \u00e0 une heure de train du grand Londres. Car c\u2019est \u00e0 Northampton que le minot de Monflanquin a \u00e9lu domicile pour la saison.<\/p>\n<p>            <img decoding=\"async\" src=\"https:\/\/www.europesays.com\/fr\/wp-content\/uploads\/2025\/10\/2282395_upload-from-url-1-wfffkdmdgkpk-data-art-16395466.jpg\" loading=\"lazy\" alt=\"Mathieu Sma\u00efli disputera son premier match officiel de la saison \u00e0 Clermont. Photo doc Florian Escoffier \" class=\"img-fluid position-absolute w-100 object-fit-coverrounded-2\" width=\"600\" height=\"400\"\/><\/p>\n<p>                                                                                \u00ab C\u2019\u00e9tait un peu un r\u00eave \u00bb<\/p>\n<p class=\"fs-5 \">Un pari audacieux, tant les rugbymen frenchies se font rares dans la Perfide Albion, mais qui satisfait pleinement le curieux qu\u2019il est : \u00ab Partir \u00e0 l\u2019\u00e9tranger faisait partie des choses que je voulais accomplir dans ma carri\u00e8re. C\u2019\u00e9tait un peu un r\u00eave que j\u2019avais dans un coin de ma t\u00eate depuis tout jeune. \u00bb<\/p>\n<p class=\"fs-5 \">En fin de contrat avec l\u2019ASM et non conserv\u00e9 au terme de l\u2019exercice 2024-2025, l\u2019occasion \u00e9tait trop belle. \u00ab J\u2019ai sond\u00e9 le march\u00e9 pour savoir ce qui \u00e9tait faisable ou non. Northampton s\u2019est manifest\u00e9 avec un projet qui \u00e9tait \u00e9videmment tr\u00e8s motivant, donc j\u2019ai pris la d\u00e9cision de franchir le pas. \u00bb<\/p>\n<p>                                                                                M\u00e9t\u00e9o, vestiaire et Pollock<\/p>\n<p class=\"fs-5 \">Et pour cause. Le num\u00e9ro 10 ou trois-quarts centre n\u2019est pas tomb\u00e9 sur n\u2019importe quelle institution. Sacr\u00e9s rois d\u2019Angleterre en 2024 et finalistes de la derni\u00e8re Champions Cup, les Saints ont le vent en poupe et d\u00e9bordent d\u2019ambitions. Rapidement int\u00e9gr\u00e9 et loin d\u2019\u00eatre d\u00e9pass\u00e9 dans la langue de Shakespeare, Belleau y c\u00f4toie les nouveaux joyaux de la couronne : Fin Smith, son concurrent au poste, et Henry Pollock, enfant prodige et chambreur d\u00e9j\u00e0 ha\u00ef par la France du rugby. \u00ab C\u2019est simplement un gamin qui d\u00e9couvre le rugby professionnel avec plein d\u2019ambitions et qui a \u00e9norm\u00e9ment d\u2019\u00e9nergie \u00e0 revendre. Tout \u00e7a donne un petit cocktail explosif qui fait qu\u2019il est ce qu\u2019il est aujourd\u2019hui. De l\u2019ext\u00e9rieur, on a tendance \u00e0 penser que l\u2019homme est comme le joueur, alors qu\u2019au final, c\u2019est un super co\u00e9quipier. \u00bb<\/p>\n<p class=\"fs-5 \">Un pr\u00e9con\u00e7u parmi tant d\u2019autres, que l\u2019ex-minot de Toulon a d\u00e9j\u00e0 pu d\u00e9monter. Le vestiaire anglais, par exemple, est bien loin de la froideur que certains pourraient lui pr\u00eater. \u00ab L\u2019ambiance est g\u00e9niale, hyper chaleureuse, assure Belleau. On a aussi beaucoup l\u2019image de la grisaille anglaise, mais je dois avouer que pour l\u2019instant, hormis \u00e0 la fin ao\u00fbt o\u00f9 j\u2019ai un peu pris peur, je suis agr\u00e9ablement surpris. On a encore de tr\u00e8s belles journ\u00e9es. Bon, les mecs m\u2019ont dit \u201cProfite, parce qu\u2019\u00e0 partir de mi-octobre, on ne verra plus grand-chose.\u201d Mais \u00e7a va, apr\u00e8s \u00eatre pass\u00e9 dans le centre de la France, je peux aller partout ! (rires) \u00bb<\/p>\n<p>                                                                                \u00ab Un tournant de ma carri\u00e8re \u00bb<\/p>\n<p class=\"fs-5 \">Et c\u2019est tant mieux. Car, \u00e0 Northampton, \u00ab Sir Anthony Belleau \u00bb jouit des plaisirs d\u2019un \u00ab d\u00e9racinement complet, que ce soit dans la vie de tous les jours ou sur le plan rugbystique \u00bb : \u00ab Le rugby fran\u00e7ais est plus fait d\u2019initiatives. Le leur est davantage structur\u00e9. C\u2019est un peu ce qui nous oppose culturellement et j\u2019\u00e9tais curieux de le d\u00e9couvrir. Les m\u00e9thodes d\u2019entra\u00eenement sont aussi un petit peu diff\u00e9rentes. Apr\u00e8s, \u00e7a reste du rugby, mais c\u2019est d\u00e9paysant. Eux voient les choses diff\u00e9remment. \u00bb<\/p>\n<p class=\"fs-5 \">Ce que tout le monde a d\u00e9j\u00e0 vu, en revanche, ce sont ses d\u00e9buts r\u00e9ussis sous les couleurs noir, vert et or. En l\u2019absence de Fin Smith, le Fran\u00e7ais a encha\u00een\u00e9 deux titularisations sur les deux premi\u00e8res journ\u00e9es de Premiership, le championnat anglais. Et s\u2019est \u00e0 chaque fois montr\u00e9 d\u00e9cisif, que ce soit gr\u00e2ce \u00e0 son coup de botte, quelques courses lumineuses, ou encore une p\u00e9nalit\u00e9 de la victoire inscrite en coin dans les derni\u00e8res minutes, sur le pr\u00e9 de Gloucester.<\/p>\n<p class=\"fs-5 \">\u00ab Aujourd\u2019hui, je suis un petit peu dans un tournant de ma carri\u00e8re, estime l\u2019ancien Clermontois. Si on m\u2019avait dit il y a quelques mois que j\u2019allais \u00e9voluer ici, je ne l\u2019aurais pas forc\u00e9ment cru. \u00c9videmment, il y a des choses du rugby fran\u00e7ais qui me manquent. Le Top 14 est tellement relev\u00e9 que quand on y a go\u00fbt\u00e9\u2026 Voil\u00e0. Je ne me ferme aucune porte sur les projets. \u00bb<\/p>\n<p class=\"fs-5 \">Il aurait en effet bien tort. Sa curiosit\u00e9 l\u2019a d\u00e9j\u00e0 propuls\u00e9 dans une idylle inattendue du c\u00f4t\u00e9 du Franklin\u2019s Gardens, en \u00ab terre ennemie \u00bb. Et si de l\u2019amour \u00e0 la haine, il n\u2019y a souvent qu\u2019un pas, cela fonctionne visiblement aussi dans l\u2019autre sens.<\/p>\n<p class=\"fs-5 \">Si on m\u2019avait dit il y a quelques mois que j\u2019allais \u00e9voluer ici, je ne l\u2019aurais pas forc\u00e9ment cru.<\/p>\n<p class=\"fs-5 \">Huit ans pass\u00e9s dans le m\u00eame club, \u00e7a marque forc\u00e9ment un homme. En cela, Anthony Belleau n\u2019a \u00e9videmment rien oubli\u00e9 de ses ann\u00e9es v\u00e9cues \u00e0 Toulon, o\u00f9 il poss\u00e8de d\u2019ailleurs encore quelques attaches. Des moments qu\u2019il n\u2019\u00e9changerait \u00ab pour rien au monde \u00bb : \u00ab le RCT a fait partie de ma construction. Il aura toujours une place particuli\u00e8re dans mon c\u0153ur. \u00bb Et l\u2019un des faits d\u2019armes de l\u2019ouvreur aura, pour s\u00fbr, toujours une place dans celui des supporters varois. Le 26 mai 2017, \u00e0 la 81e minute d\u2019une demi-finale de Top 14 accroch\u00e9e contre La Rochelle, le jeune ouvreur, alors \u00e2g\u00e9 de 21 ans, exp\u00e9die le ballon entre les poteaux du V\u00e9lodrome de Marseille d\u2019un drop salvateur\u2026 Mais \u00ab plus symbolique qu\u2019autre chose \u00bb.<\/p>\n<p class=\"fs-5 \">\u00ab En soi, il n\u2019\u00e9tait absolument pas difficile \u00e0 frapper techniquement. Mais \u00e7a reste aujourd\u2019hui un symbole pour moi. Je me suis engag\u00e9 \u00e0 Toulon \u00e0 18 ans. Et, pour les jeunes, c\u2019\u00e9tait \u00e0 l\u2019\u00e9poque tr\u00e8s dur de percer en \u00e9quipe premi\u00e8re. Ce drop \u00e9tait un peu \u00e0 l\u2019image de mon parcours : \u00eatre ambitieux, audacieux et ne rien l\u00e2cher. La saison suivante, je devais \u00eatre pr\u00eat\u00e9 \u00e0 Agen en Pro D2. Et au fond de moi, je m\u2019\u00e9tais dit \u201cNon, c\u2019est impossible que je sois, quelque part, oblig\u00e9 de faire une petite man\u0153uvre pour y arriver.\u201d Un jour, j\u2019ai dit \u00e0 Mourad Boudjellal : \u201c\u00c9coute, je sens qu\u2019il y a quelque chose \u00e0 faire, je n\u2019ai plus envie de partir.\u201d Il m\u2019avait dit : \u201cOn va voir ce qu\u2019on peut faire.\u201d Et donc voil\u00e0, ce drop a \u00e9t\u00e9 un peu le d\u00e9tonateur. Mais le travail \u00e9tait d\u00e9j\u00e0 fait. C\u2019\u00e9tait plus le symbole qui a montr\u00e9 que je n\u2019avais pas baiss\u00e9 les bras et que j\u2019avais continu\u00e9 \u00e0 travailler pour r\u00e9aliser mon r\u00eave. \u00bb<\/p>\n<p class=\"fs-5 \">Si on m\u2019avait dit il y a quelques mois que j\u2019allais \u00e9voluer ici, je ne l\u2019aurais pas forc\u00e9ment cru.<\/p>\n<p>            <img decoding=\"async\" src=\"https:\/\/www.europesays.com\/fr\/wp-content\/uploads\/2025\/10\/2282395_upload-from-url-1-wfffkdmdgkpk-data-art-16395466.jpg\" loading=\"lazy\" alt=\"Mathieu Sma\u00efli disputera son premier match officiel de la saison \u00e0 Clermont. Photo doc Florian Escoffier \" class=\"img-fluid position-absolute w-100 object-fit-coverrounded-2\" width=\"600\" height=\"400\"\/><\/p>\n","protected":false},"excerpt":{"rendered":"Le soleil toulonnais est d\u00e9sormais bien loin. Apr\u00e8s une exp\u00e9rience de trois ans du c\u00f4t\u00e9 de Clermont-Ferrand, Anthony&hellip;\n","protected":false},"author":2,"featured_media":454330,"comment_status":"","ping_status":"","sticky":false,"template":"","format":"standard","meta":{"footnotes":""},"categories":[9619],"tags":[1111,11,1777,674,1011,27,12,882,3461,25,2310],"class_list":{"0":"post-454329","1":"post","2":"type-post","3":"status-publish","4":"format-standard","5":"has-post-thumbnail","7":"category-toulon","8":"tag-actu","9":"tag-actualites","10":"tag-eu","11":"tag-europe","12":"tag-fr","13":"tag-france","14":"tag-news","15":"tag-provence-alpes-cote-dazur","16":"tag-rct","17":"tag-republique-francaise","18":"tag-toulon"},"share_on_mastodon":{"url":"https:\/\/pubeurope.com\/@fr\/115353995516578651","error":""},"_links":{"self":[{"href":"https:\/\/www.europesays.com\/fr\/wp-json\/wp\/v2\/posts\/454329","targetHints":{"allow":["GET"]}}],"collection":[{"href":"https:\/\/www.europesays.com\/fr\/wp-json\/wp\/v2\/posts"}],"about":[{"href":"https:\/\/www.europesays.com\/fr\/wp-json\/wp\/v2\/types\/post"}],"author":[{"embeddable":true,"href":"https:\/\/www.europesays.com\/fr\/wp-json\/wp\/v2\/users\/2"}],"replies":[{"embeddable":true,"href":"https:\/\/www.europesays.com\/fr\/wp-json\/wp\/v2\/comments?post=454329"}],"version-history":[{"count":0,"href":"https:\/\/www.europesays.com\/fr\/wp-json\/wp\/v2\/posts\/454329\/revisions"}],"wp:featuredmedia":[{"embeddable":true,"href":"https:\/\/www.europesays.com\/fr\/wp-json\/wp\/v2\/media\/454330"}],"wp:attachment":[{"href":"https:\/\/www.europesays.com\/fr\/wp-json\/wp\/v2\/media?parent=454329"}],"wp:term":[{"taxonomy":"category","embeddable":true,"href":"https:\/\/www.europesays.com\/fr\/wp-json\/wp\/v2\/categories?post=454329"},{"taxonomy":"post_tag","embeddable":true,"href":"https:\/\/www.europesays.com\/fr\/wp-json\/wp\/v2\/tags?post=454329"}],"curies":[{"name":"wp","href":"https:\/\/api.w.org\/{rel}","templated":true}]}}