{"id":45433,"date":"2025-04-23T02:06:10","date_gmt":"2025-04-23T02:06:10","guid":{"rendered":"https:\/\/www.europesays.com\/fr\/45433\/"},"modified":"2025-04-23T02:06:10","modified_gmt":"2025-04-23T02:06:10","slug":"dix-ans-apres-sa-creation-latelier-photo-de-gourin-progresse-toujours-bien","status":"publish","type":"post","link":"https:\/\/www.europesays.com\/fr\/45433\/","title":{"rendered":"Dix ans apr\u00e8s sa cr\u00e9ation, l\u2019atelier photo de Gourin progresse toujours bien"},"content":{"rendered":"<p>L\u2019Atelier photo de Gourin, qui fonctionne dans le cadre des activit\u00e9s de l\u2019association D\u2019ateliers en expos, s\u2019est r\u00e9uni samedi apr\u00e8s-midi 19 avril, dans la salle sous le restaurant scolaire. Il s\u2019agissait notamment de dresser le bilan de l\u2019exposition des ateliers (photographie mais aussi peinture, broderie, sculpture, mosa\u00efque\u2026) qui s\u2019est tenue du 5 au 13 avril, au ch\u00e2teau de Tronjoly. \u00ab\u00a0En huit jours, plus de 900 visiteurs ont \u00e9t\u00e9 accueillis au ch\u00e2teau. Il y a eu de beaux \u00e9changes avec des gens curieux qui ont pos\u00e9 beaucoup de questions. La diversit\u00e9 des formats des photos expos\u00e9es a beaucoup plu. Notre groupe progresse vraiment bien au fur et \u00e0 mesure des ann\u00e9es. Gardons le m\u00eame \u00e9lan\u00a0!\u00a0\u00bb, commentait Jean-Loup Toniutti, responsable de cet atelier photo depuis dix ans.<\/p>\n<p>Des \u00e9changes envisag\u00e9s avec Paule<\/p>\n<p>Deux ateliers photo, un de Paule (22) et l\u2019autre de Brest, ont aussi d\u00e9couvert l\u2019exposition. \u00ab\u00a0Dans le groupe de Paule, il y a quelques anciens de notre \u00e9quipe et il pourrait \u00eatre int\u00e9ressant de mettre en place des \u00e9changes entre nous\u00a0\u00bb, sugg\u00e8re Jean-Loup Toniutti.<\/p>\n<p>Pour cette derni\u00e8re partie de la saison 2024-2025, l\u2019atelier photo s\u2019attarde notamment sur la manipulation et la connaissance des bo\u00eetiers photographiques quelle que soit la marque. \u00ab\u00a0Nous allons, lors de la prochaine r\u00e9union, revoir ce cours avec projection sur \u00e9cran pour visualiser le r\u00e9sultat lorsque l\u2019on travaille en priorit\u00e9 l\u2019ouverture ou la vitesse\u00a0\u00bb.<\/p>\n<p>Un projet de sortie le 28 juin<\/p>\n<p>Une sortie du groupe est pr\u00e9vue le samedi 28 juin pour terminer la saison 2024-2025. \u00ab\u00a0Le lieu n\u2019est pas encore fix\u00e9 mais nous penchons pour aller au festival de la photo \u00e0 La Gacilly. Ceci permettra de d\u00e9ambuler parmi les clich\u00e9s propos\u00e9s et de puiser de nouvelles id\u00e9es\u00a0\u00bb, dit l\u2019animateur.<\/p>\n<p><b>Pratique<\/b><\/p>\n<p class=\"note\">Prochaine rencontre de l\u2019atelier photo samedi 3 mai \u00e0 14\u00a0h dans la salle sous le restaurant scolaire, rue des Sans-Culottes. Contact\u00a0: Jean-Loup Toniutti, t\u00e9l. 07\u00a071\u00a017\u00a018\u00a072.<\/p>\n","protected":false},"excerpt":{"rendered":"L\u2019Atelier photo de Gourin, qui fonctionne dans le cadre des activit\u00e9s de l\u2019association D\u2019ateliers en expos, s\u2019est r\u00e9uni&hellip;\n","protected":false},"author":2,"featured_media":45434,"comment_status":"","ping_status":"","sticky":false,"template":"","format":"standard","meta":{"footnotes":""},"categories":[1358],"tags":[1348,1384,1385,1386,58,59,1011,27,4222],"class_list":{"0":"post-45433","1":"post","2":"type-post","3":"status-publish","4":"format-standard","5":"has-post-thumbnail","7":"category-arts-et-design","8":"tag-arts","9":"tag-arts-and-design","10":"tag-arts-et-design","11":"tag-design","12":"tag-divertissement","13":"tag-entertainment","14":"tag-fr","15":"tag-france","16":"tag-gourin"},"share_on_mastodon":{"url":"https:\/\/pubeurope.com\/@fr\/114384835991268575","error":""},"_links":{"self":[{"href":"https:\/\/www.europesays.com\/fr\/wp-json\/wp\/v2\/posts\/45433","targetHints":{"allow":["GET"]}}],"collection":[{"href":"https:\/\/www.europesays.com\/fr\/wp-json\/wp\/v2\/posts"}],"about":[{"href":"https:\/\/www.europesays.com\/fr\/wp-json\/wp\/v2\/types\/post"}],"author":[{"embeddable":true,"href":"https:\/\/www.europesays.com\/fr\/wp-json\/wp\/v2\/users\/2"}],"replies":[{"embeddable":true,"href":"https:\/\/www.europesays.com\/fr\/wp-json\/wp\/v2\/comments?post=45433"}],"version-history":[{"count":0,"href":"https:\/\/www.europesays.com\/fr\/wp-json\/wp\/v2\/posts\/45433\/revisions"}],"wp:featuredmedia":[{"embeddable":true,"href":"https:\/\/www.europesays.com\/fr\/wp-json\/wp\/v2\/media\/45434"}],"wp:attachment":[{"href":"https:\/\/www.europesays.com\/fr\/wp-json\/wp\/v2\/media?parent=45433"}],"wp:term":[{"taxonomy":"category","embeddable":true,"href":"https:\/\/www.europesays.com\/fr\/wp-json\/wp\/v2\/categories?post=45433"},{"taxonomy":"post_tag","embeddable":true,"href":"https:\/\/www.europesays.com\/fr\/wp-json\/wp\/v2\/tags?post=45433"}],"curies":[{"name":"wp","href":"https:\/\/api.w.org\/{rel}","templated":true}]}}