{"id":454339,"date":"2025-10-11T06:02:14","date_gmt":"2025-10-11T06:02:14","guid":{"rendered":"https:\/\/www.europesays.com\/fr\/454339\/"},"modified":"2025-10-11T06:02:14","modified_gmt":"2025-10-11T06:02:14","slug":"ce-nest-pas-un-cadeau-de-commencer-par-rouen-a-domicile-dans-la-nouvelle-grande-salle-avec-tous-nos-blesses-estime-lentraineur-des-beliers-de-kemper-thibault","status":"publish","type":"post","link":"https:\/\/www.europesays.com\/fr\/454339\/","title":{"rendered":"\u00ab\u00a0Ce n\u2019est pas un cadeau de commencer par Rouen \u00e0 domicile dans la nouvelle grande salle avec tous nos bless\u00e9s\u00a0\u00bb, estime l\u2019entra\u00eeneur des B\u00e9liers de Kemper Thibault Wolicki"},"content":{"rendered":"<p>\u00c9lite 2 (5e journ\u00e9e). Quimper &#8211; Rouen, ce samedi (20 h)<\/p>\n<p>Un double sentiment habite les B\u00e9liers de Kemper au moment de recevoir Rouen. Il y a d\u2019un c\u00f4t\u00e9 l\u2019euphorie de disputer le premier match \u00e0 domicile et \u00e0 guichets ferm\u00e9s dans la nouvelle grande salle et de l\u2018autre, ce sentiment de poisse apr\u00e8s les trois nouvelles blessures survenues lors du match de Coupe de France perdu sur le fil (<a href=\"https:\/\/www.letelegramme.fr\/sports\/basket\/battus-a-nantes-les-beliers-de-kemper-sont-elimines-de-la-coupe-de-france-6905073.php\" target=\"_blank\" rel=\"noopener\">89-87<\/a>), mardi, \u00e0 Nantes (\u00c9lite 2).<\/p>\n<p>Dudit sur le flanc six semaines<\/p>\n<p>La blessure la plus s\u00e9rieuse concerne Antoine Dudit, mal retomb\u00e9 sur un pied apr\u00e8s trois minutes de jeu et victime d\u2019une grosse entorse. Elle va tenir le capitaine et deuxi\u00e8me meneur \u00e9loign\u00e9 des parquets au moins six semaines et sans doute n\u00e9cessiter le recrutement d\u2019un pigiste m\u00e9dical.<\/p>\n<p>\u00c9galement touch\u00e9 au bout de sept minutes de jeu, l\u2019int\u00e9rieur kenyan Joel Awich souffre de son c\u00f4t\u00e9 d\u2019une blessure musculaire \u00e0 la cuisse et devrait aussi \u00eatre absent quelques semaines.<\/p>\n<p>Moins s\u00e9rieusement atteint dans sa chair, l\u2019autre int\u00e9rieur am\u00e9ricano-jama\u00efcain Will Butler est de son c\u00f4t\u00e9 tr\u00e8s incertain, alors que l\u2019ailier suisse Noah Burrell \u00e9tait en test en cette fin de semaine pour savoir s\u2019il allait pouvoir tenir sa place.<\/p>\n<p>Faire avec et serrer les dents<\/p>\n<p>\u00ab \u00c7a peut faire quatre joueurs en moins, souffle l\u2019entra\u00eeneur Thibaut Wolicki, mais il faudra faire avec et serrer les dents. On va composer avec \u00e7a. On ne va pas pouvoir jouer de la mani\u00e8re souhait\u00e9e, mais il y a d\u2019autres possibilit\u00e9s pour essayer d\u2019emb\u00eater Rouen. \u00bb<\/p>\n<p>\u00c0 la base, l\u2019\u00e9quipe normande n\u2019\u00e9tait d\u00e9j\u00e0 pas un cadeau pour cette grande premi\u00e8re dans la Kostum Park \u00c0 nous la vie, nom officiel de la nouvelle grande salle d\u00e9voil\u00e9 ce vendredi lors de son inauguration.<\/p>\n<p>\u00ab Rouen, c\u2019est une \u00e9quipe vraiment tr\u00e8s solide, avec quasiment tous les joueurs \u00e0 deux m\u00e8tres hormis les meneurs. C\u2019est une \u00e9quipe tr\u00e8s physique, tr\u00e8s dense, qui essaye d\u2019user l\u2019adversaire avec beaucoup d\u2019intensit\u00e9. Il va falloir que nous soyons pr\u00eats au combat pendant 40 minutes et on aura aussi besoin que la salle nous aide. Car ce n\u2019est pas un cadeau de commencer par Rouen \u00e0 domicile dans le contexte actuel. \u00bb<\/p>\n","protected":false},"excerpt":{"rendered":"\u00c9lite 2 (5e journ\u00e9e). Quimper &#8211; Rouen, ce samedi (20 h) Un double sentiment habite les B\u00e9liers de&hellip;\n","protected":false},"author":2,"featured_media":454340,"comment_status":"","ping_status":"","sticky":false,"template":"","format":"standard","meta":{"footnotes":""},"categories":[9587],"tags":[1111,11,1465,26419,7944,3166,1777,674,1011,27,12,5161,3319,25,9590,60],"class_list":{"0":"post-454339","1":"post","2":"type-post","3":"status-publish","4":"format-standard","5":"has-post-thumbnail","7":"category-rouen","8":"tag-actu","9":"tag-actualites","10":"tag-basket","11":"tag-beliers-de-kemper","12":"tag-elite-2","13":"tag-en-continu-sports","14":"tag-eu","15":"tag-europe","16":"tag-fr","17":"tag-france","18":"tag-news","19":"tag-normandie","20":"tag-quimper","21":"tag-republique-francaise","22":"tag-rouen","23":"tag-sports"},"share_on_mastodon":{"url":"https:\/\/pubeurope.com\/@fr\/115354018988959863","error":""},"_links":{"self":[{"href":"https:\/\/www.europesays.com\/fr\/wp-json\/wp\/v2\/posts\/454339","targetHints":{"allow":["GET"]}}],"collection":[{"href":"https:\/\/www.europesays.com\/fr\/wp-json\/wp\/v2\/posts"}],"about":[{"href":"https:\/\/www.europesays.com\/fr\/wp-json\/wp\/v2\/types\/post"}],"author":[{"embeddable":true,"href":"https:\/\/www.europesays.com\/fr\/wp-json\/wp\/v2\/users\/2"}],"replies":[{"embeddable":true,"href":"https:\/\/www.europesays.com\/fr\/wp-json\/wp\/v2\/comments?post=454339"}],"version-history":[{"count":0,"href":"https:\/\/www.europesays.com\/fr\/wp-json\/wp\/v2\/posts\/454339\/revisions"}],"wp:featuredmedia":[{"embeddable":true,"href":"https:\/\/www.europesays.com\/fr\/wp-json\/wp\/v2\/media\/454340"}],"wp:attachment":[{"href":"https:\/\/www.europesays.com\/fr\/wp-json\/wp\/v2\/media?parent=454339"}],"wp:term":[{"taxonomy":"category","embeddable":true,"href":"https:\/\/www.europesays.com\/fr\/wp-json\/wp\/v2\/categories?post=454339"},{"taxonomy":"post_tag","embeddable":true,"href":"https:\/\/www.europesays.com\/fr\/wp-json\/wp\/v2\/tags?post=454339"}],"curies":[{"name":"wp","href":"https:\/\/api.w.org\/{rel}","templated":true}]}}