{"id":454341,"date":"2025-10-11T06:04:14","date_gmt":"2025-10-11T06:04:14","guid":{"rendered":"https:\/\/www.europesays.com\/fr\/454341\/"},"modified":"2025-10-11T06:04:14","modified_gmt":"2025-10-11T06:04:14","slug":"grenoble-cette-grande-fete-populaire-est-de-retour-dans-les-rues-du-centre-ville","status":"publish","type":"post","link":"https:\/\/www.europesays.com\/fr\/454341\/","title":{"rendered":"Grenoble. Cette grande f\u00eate populaire est de retour dans les rues du centre-ville"},"content":{"rendered":"<p>            Par<br \/>\n        <strong><br \/>\n            <a href=\"https:\/\/actu.fr\/auteur\/lisa-rodrigues\" title=\"Consulter tous les articles de Lisa Rodrigues\" target=\"_blank\" rel=\"noopener\">Lisa Rodrigues<\/a><br \/>\n        <\/strong><\/p>\n<p>        Publi\u00e9 le<\/p>\n<p>            11 oct. 2025 \u00e0 6h16        <\/p>\n<p>Une nouvelle f\u00eate c\u00e9l\u00e9brant le monde agricole \u00e9branl\u00e9e par la <a href=\"https:\/\/actu.fr\/societe\/isere-128-communes-sous-surveillance-a-cause-d-une-maladie-touchant-les-bovins_63084154.html\" target=\"_blank\" rel=\"noopener\">dermatose nodulaire contagieuse<\/a>, maladie touchant les bovins. Samedi 11 octobre, le centre-ville de <a href=\"https:\/\/actu.fr\/auvergne-rhone-alpes\/grenoble_38185\" target=\"_blank\" rel=\"noopener\">Grenoble<\/a> accueille <strong>la Descente des Alpages<\/strong> apr\u00e8s une annulation en 2024. L\u2019\u00e9v\u00e9nement, cr\u00e9\u00e9 en 2010, attire environ 10 000 personnes.<\/p>\n<p class=\" wall-content\">Mais \u00e0 cause de l\u2019\u00e9pid\u00e9mie en cours, les vaches ne pourront pas d\u00e9filer pour l\u2019occasion dans les rues du centre-ville grenoblois. Pour autant, de nombreuses animations sont pr\u00e9vues tout au long de la journ\u00e9e.<\/p>\n<p>Stands gourmands, d\u00e9gustations et concours<\/p>\n<p class=\" wall-content\">Cette ann\u00e9e donc, point de d\u00e9fil\u00e9 ou de b\u00e9n\u00e9diction des vaches, mais diverses activit\u00e9s gourmandes organis\u00e9es en plusieurs secteurs de la ville d\u00e8s 9 heures :<\/p>\n<ul class=\" wall-content\">\n<li><strong>Rue de Strasbourg<\/strong> : d\u00e9monstrations culinaires de Meilleurs ouvriers de France, pr\u00e9sence de diverses confr\u00e9ries traditionnelles (Noix de Grenoble, Saint-Marcellin, Bleue du Vercors Sassenage\u2026) et fondue \u00e0 partager,<\/li>\n<li><strong>Place Vaucanson<\/strong> : grand march\u00e9 de sp\u00e9cialit\u00e9s locales, animations et d\u00e9monstrations des militaires des Troupes de Montagne, espace buvette et concerts,<\/li>\n<li><strong>Place de l\u2019\u00c9toile<\/strong> : concours de fromage organis\u00e9 par l\u2019Union des fromagers AURA en fin de matin\u00e9e et stands de producteurs,<\/li>\n<li>Une conf\u00e9rence \u00e0 10h30 au Mus\u00e9e Dauphinois sur les plantes des alpages.<\/li>\n<\/ul>\n<p>    <a href=\"https:\/\/www.facebook.com\/plugins\/video.php?height=314&amp;href=https%3A%2F%2Fwww.facebook.com%2Fladescentedesalpages.grenoble%2Fvideos%2F1047757470177647%2F&amp;show_text=false&amp;width=350&amp;t=0\" title=\"Ouvrie le lien\" target=\"_blank\" rel=\"noopener\">Cliquez ici pour visualiser le contenu<\/a><\/p>\n<p class=\" wall-content\">Des <strong>animaux seront tout de m\u00eame pr\u00e9sents<\/strong> sur le square Docteur-Martin, ainsi que sur la place de l\u2019\u00c9toile avec une ferme p\u00e9dagogique.<\/p>\n<p>Transports gratuits samedi apr\u00e8s-midi<\/p>\n<p>\u00c0 l&rsquo;occasion de la Descente des Alpages, le SMMAG a annonc\u00e9 la gratuit\u00e9 des transports en commun samedi 11 octobre, d\u00e8s 12 heures. L&rsquo;offre concerne l&rsquo;ensemble du r\u00e9seau, sur l&rsquo;agglom\u00e9ration grenobloise, le Pays Voironnais et le Gr\u00e9sivaudan.<\/p>\n<p>Votre r\u00e9gion, votre actu !<\/p>\n<p>Recevez chaque jour les infos qui comptent pour vous.<\/p>\n<p>\t<a href=\"https:\/\/actu.fr\/newsletter\" class=\"ac-btn ac-btn--corner ac-btn--medium ac-btn--blue800\" target=\"_blank\" rel=\"noopener\">S&rsquo;incrire<\/a><br \/>\nUn dispositif de soutien aux agriculteurs<\/p>\n<p class=\" wall-content\">Derri\u00e8re cet \u00e9v\u00e9nement \u2013 dont l\u2019objectif est de renouer avec l\u2019identit\u00e9 alpine de Grenoble -, on retrouve Chris Moiroud, passionn\u00e9 d\u2019\u00e9levage bovin, et <a href=\"https:\/\/actu.fr\/auvergne-rhone-alpes\/grenoble_38185\/le-meilleur-fromager-du-monde-est-a-grenoble-je-suis-ne-dans-le-fromage_56432495.html\" target=\"_blank\" rel=\"noopener\">Bernard Mure-Ravaud<\/a>, patron de la Fromagerie des Alpages et meilleur fromager du monde. Ce dernier pr\u00e9sidera d\u2019ailleurs le concours de fromages et remettra le troph\u00e9e qui porte son nom au gagnant.<\/p>\n<p class=\" wall-content\">Pour soutenir le monde agricole, les organisateurs ont pr\u00e9vu pour cette \u00e9dition de la Descente des Alpages <strong>un dispositif d\u2019aide aux agriculteurs<\/strong>. Si vous souhaitez participer, il faut d\u2019abord se rendre chez l\u2019un des commer\u00e7ants partenaires de l\u2019\u00e9v\u00e9nement pour r\u00e9cup\u00e9rer un jeton d\u2019une valeur de 1\u20ac \u00e0 glisser dans l\u2019urne install\u00e9e sur la place Vaucanson.<\/p>\n<p class=\" wall-content\">Personnalisez votre actualit\u00e9 en ajoutant vos villes et m\u00e9dias en favori avec <a href=\"https:\/\/moncompte.actu.fr\" title=\"D\u00e9couvez Mon Actu\" rel=\"nofollow noopener\" data-trk=\"{&quot;cta&quot;:{&quot;action&quot;:&quot;https:\\\/\\\/moncompte.actu.fr&quot;,&quot;category&quot;:&quot;mon compte&quot;,&quot;from&quot;:&quot;article footer&quot;,&quot;name&quot;:&quot;Mon actu&quot;,&quot;type&quot;:&quot;cta&quot;}}\" target=\"_blank\">Mon Actu<\/a>.<\/p>\n","protected":false},"excerpt":{"rendered":"Par Lisa Rodrigues Publi\u00e9 le 11 oct. 2025 \u00e0 6h16 Une nouvelle f\u00eate c\u00e9l\u00e9brant le monde agricole \u00e9branl\u00e9e&hellip;\n","protected":false},"author":2,"featured_media":454342,"comment_status":"","ping_status":"","sticky":false,"template":"","format":"standard","meta":{"footnotes":""},"categories":[9566],"tags":[1111,11,327,2430,1777,674,1011,27,2731,12,25,104,8194],"class_list":{"0":"post-454341","1":"post","2":"type-post","3":"status-publish","4":"format-standard","5":"has-post-thumbnail","7":"category-grenoble","8":"tag-actu","9":"tag-actualites","10":"tag-agriculture","11":"tag-auvergne-rhone-alpes","12":"tag-eu","13":"tag-europe","14":"tag-fr","15":"tag-france","16":"tag-grenoble","17":"tag-news","18":"tag-republique-francaise","19":"tag-societe","20":"tag-transport-de-lagglomeration-grenobloise-tag"},"share_on_mastodon":{"url":"https:\/\/pubeurope.com\/@fr\/115354026928407913","error":""},"_links":{"self":[{"href":"https:\/\/www.europesays.com\/fr\/wp-json\/wp\/v2\/posts\/454341","targetHints":{"allow":["GET"]}}],"collection":[{"href":"https:\/\/www.europesays.com\/fr\/wp-json\/wp\/v2\/posts"}],"about":[{"href":"https:\/\/www.europesays.com\/fr\/wp-json\/wp\/v2\/types\/post"}],"author":[{"embeddable":true,"href":"https:\/\/www.europesays.com\/fr\/wp-json\/wp\/v2\/users\/2"}],"replies":[{"embeddable":true,"href":"https:\/\/www.europesays.com\/fr\/wp-json\/wp\/v2\/comments?post=454341"}],"version-history":[{"count":0,"href":"https:\/\/www.europesays.com\/fr\/wp-json\/wp\/v2\/posts\/454341\/revisions"}],"wp:featuredmedia":[{"embeddable":true,"href":"https:\/\/www.europesays.com\/fr\/wp-json\/wp\/v2\/media\/454342"}],"wp:attachment":[{"href":"https:\/\/www.europesays.com\/fr\/wp-json\/wp\/v2\/media?parent=454341"}],"wp:term":[{"taxonomy":"category","embeddable":true,"href":"https:\/\/www.europesays.com\/fr\/wp-json\/wp\/v2\/categories?post=454341"},{"taxonomy":"post_tag","embeddable":true,"href":"https:\/\/www.europesays.com\/fr\/wp-json\/wp\/v2\/tags?post=454341"}],"curies":[{"name":"wp","href":"https:\/\/api.w.org\/{rel}","templated":true}]}}