{"id":454343,"date":"2025-10-11T06:05:14","date_gmt":"2025-10-11T06:05:14","guid":{"rendered":"https:\/\/www.europesays.com\/fr\/454343\/"},"modified":"2025-10-11T06:05:14","modified_gmt":"2025-10-11T06:05:14","slug":"un-nouveau-village-de-noel-va-sinstaller-sur-cette-place-de-rennes","status":"publish","type":"post","link":"https:\/\/www.europesays.com\/fr\/454343\/","title":{"rendered":"Un nouveau village de No\u00ebl va s\u2019installer sur cette place de Rennes"},"content":{"rendered":"<p>Comme chaque ann\u00e9e, <a href=\"https:\/\/www.letelegramme.fr\/ille-et-vilaine\/rennes-35000\/a-rennes-les-rues-du-centre-ville-se-parent-de-leurs-lumieres-de-noel-6713408.php\" target=\"_blank\" rel=\"nofollow noopener\">Rennes va se parer de ses plus belles lumi\u00e8res<\/a> pour se plonger dans la f\u00e9erie de No\u00ebl. \u00c0 travers les diff\u00e9rentes animations et d\u00e9corations partout en ville, il faudra s\u2019arr\u00eater cette ann\u00e9e sur la place Saint-Germain. Une nouvelle sc\u00e9nographie \u00ab a \u00e9t\u00e9 revisit\u00e9e par les services municipaux, qui ont fabriqu\u00e9 un atelier du p\u00e8re No\u00ebl, au toit enneig\u00e9 et \u00e0 l\u2018\u00a0int\u00e9rieur chaleureux \u00bb, annonce la Ville de Rennes. \u00ab Ce chalet grandeur nature, en bois, sera r\u00e9utilisable \u00e0 l\u2019avenir pour d\u2019autres \u00e9v\u00e9nements. Un tra\u00eeneau du p\u00e8re No\u00ebl et deux sapins illumin\u00e9s composeront \u00e9galement le d\u00e9cor, fabriqu\u00e9 par les services municipaux en valorisant du bois issu de la gestion du patrimoine arbor\u00e9 de la ville. \u00bb<\/p>\n<p>Les festivit\u00e9s de No\u00ebl d\u00e9marreront le samedi 29 novembre \u00e0 17 h avec une d\u00e9ambulation musicale qui partira de la place Sainte-Anne. Le parcours se termina place du Parlement pour le traditionnel lancement des illuminations \u00e0 18 h.<\/p>\n","protected":false},"excerpt":{"rendered":"Comme chaque ann\u00e9e, Rennes va se parer de ses plus belles lumi\u00e8res pour se plonger dans la f\u00e9erie&hellip;\n","protected":false},"author":2,"featured_media":454344,"comment_status":"","ping_status":"","sticky":false,"template":"","format":"standard","meta":{"footnotes":""},"categories":[2821],"tags":[1111,11,829,1777,674,1011,27,848,12,584,25],"class_list":{"0":"post-454343","1":"post","2":"type-post","3":"status-publish","4":"format-standard","5":"has-post-thumbnail","7":"category-rennes","8":"tag-actu","9":"tag-actualites","10":"tag-bretagne","11":"tag-eu","12":"tag-europe","13":"tag-fr","14":"tag-france","15":"tag-ille-et-vilaine","16":"tag-news","17":"tag-rennes","18":"tag-republique-francaise"},"share_on_mastodon":{"url":"https:\/\/pubeurope.com\/@fr\/115354030801587691","error":""},"_links":{"self":[{"href":"https:\/\/www.europesays.com\/fr\/wp-json\/wp\/v2\/posts\/454343","targetHints":{"allow":["GET"]}}],"collection":[{"href":"https:\/\/www.europesays.com\/fr\/wp-json\/wp\/v2\/posts"}],"about":[{"href":"https:\/\/www.europesays.com\/fr\/wp-json\/wp\/v2\/types\/post"}],"author":[{"embeddable":true,"href":"https:\/\/www.europesays.com\/fr\/wp-json\/wp\/v2\/users\/2"}],"replies":[{"embeddable":true,"href":"https:\/\/www.europesays.com\/fr\/wp-json\/wp\/v2\/comments?post=454343"}],"version-history":[{"count":0,"href":"https:\/\/www.europesays.com\/fr\/wp-json\/wp\/v2\/posts\/454343\/revisions"}],"wp:featuredmedia":[{"embeddable":true,"href":"https:\/\/www.europesays.com\/fr\/wp-json\/wp\/v2\/media\/454344"}],"wp:attachment":[{"href":"https:\/\/www.europesays.com\/fr\/wp-json\/wp\/v2\/media?parent=454343"}],"wp:term":[{"taxonomy":"category","embeddable":true,"href":"https:\/\/www.europesays.com\/fr\/wp-json\/wp\/v2\/categories?post=454343"},{"taxonomy":"post_tag","embeddable":true,"href":"https:\/\/www.europesays.com\/fr\/wp-json\/wp\/v2\/tags?post=454343"}],"curies":[{"name":"wp","href":"https:\/\/api.w.org\/{rel}","templated":true}]}}