{"id":454349,"date":"2025-10-11T06:08:10","date_gmt":"2025-10-11T06:08:10","guid":{"rendered":"https:\/\/www.europesays.com\/fr\/454349\/"},"modified":"2025-10-11T06:08:10","modified_gmt":"2025-10-11T06:08:10","slug":"on-se-serre-la-ceinture-les-associations-se-mobilisent-samedi-a-strasbourg-pour-denoncer-le-manque-de-moyens","status":"publish","type":"post","link":"https:\/\/www.europesays.com\/fr\/454349\/","title":{"rendered":"\u00ab\u00a0On se serre la ceinture\u00a0\u00bb : les associations se mobilisent samedi \u00e0 Strasbourg pour d\u00e9noncer le manque de moyens"},"content":{"rendered":"<p class=\"PopSlotParagraph qg-tx2 qg-xtra-lh svelte-1r0pyek\">C&rsquo;est plut\u00f4t rare.\u00a0<a href=\"https:\/\/www.francebleu.fr\/infos\/politique\/rassemblements-contre-l-extreme-droite-plusieurs-associations-et-syndicats-appellent-a-manifester-le-12-avril-3518791\" target=\"_blank\" rel=\"noopener nofollow\" class=\"\" data-testid=\"link\">Le monde associatif appelle \u00e0 une mobilisation nationale<\/a>\u00a0samedi 11 octobre. Elles veulent interpeller les pouvoirs publics sur les manques de moyens, dans un contexte o\u00f9 le budget de la France n&rsquo;a toujours pas \u00e9t\u00e9 vot\u00e9. \u00c0\u00a0Strasbourg, un rassemblement est pr\u00e9vu \u00e0 15h. Le slogan\u00a0: \u00ab\u00a0\u00e7a ne tient plus\u00a0!\u00a0\u00bb.<\/p>\n<p class=\"PopSlotParagraph qg-tx2 qg-xtra-lh svelte-1r0pyek\">Beaucoup d&rsquo;associations n&rsquo;ont plus d&rsquo;argent et ne peuvent donc plus embaucher. Elles se reportent sur les b\u00e9n\u00e9voles. \u00ab\u00a0On se rend compte que les moyens manquent. Le b\u00e9n\u00e9volat s&rsquo;\u00e9puise parce qu&rsquo;on les sollicite de plus en plus\u00a0\u00bb, explique Mohammed, directeur de l&rsquo;association Mistral-Est, compagnie de danses urbaines.<\/p>\n<p> \u00ab\u00a0On a d\u00fb annuler un projet\u00a0\u00bb<\/p>\n<p class=\"PopSlotParagraph qg-tx2 qg-xtra-lh svelte-1r0pyek\">C&rsquo;est d&rsquo;autant plus compliqu\u00e9 que l&rsquo;association ne b\u00e9n\u00e9fice plus du pass culture depuis le d\u00e9but de l&rsquo;ann\u00e9e. Elle a perdu cette ann\u00e9e <strong>19 000 euros de subventions<\/strong>. \u00ab\u00a0\u00c7a fait quand m\u00eame un grand manque pour nous. On se serre la ceinture, on revoit nos projets, mais souvent apr\u00e8s, on perd un peu en qualit\u00e9. Donc c&rsquo;est \u00e7a qui est dommage. On a d\u00fb annuler par exemple un projet qui regroupe les cultures urbaines, donc danse, rap, chant, street art et DJ. On n&rsquo;a pas pu l&rsquo;organiser sur le territoire parce qu&rsquo;on n&rsquo;avait pas le financement\u00a0\u00bb, regrette le directeur.<\/p>\n<p class=\"PopSlotParagraph qg-tx2 qg-xtra-lh svelte-1r0pyek\">\u00ab\u00a0Une baisse des moyens de travailler, une baisse des conditions de travail, une baisse de visibilit\u00e9, d&rsquo;accompagnement, d&rsquo;une vraie politique associative \u00e0 port\u00e9e globale ou nationale, c&rsquo;est moins de bien \u00eatre, moins de mieux vivre ensemble pour l&rsquo;ensemble de la soci\u00e9t\u00e9\u00a0\u00bb, r\u00e9sume J\u00e9r\u00f4me Bernard, directeur de la Maison des associations de Strasbourg.\u00a0\u00ab\u00a0\u00c7a veut dire qu&rsquo;aujourd&rsquo;hui, quand un enfant va faire du judo et que \u00e7a lui co\u00fbte 300 euros \u00e0 l&rsquo;ann\u00e9e, si on n&rsquo;a plus les conditions actuelles de travail, \u00e7a va peut-\u00eatre doubler, tripler\u00a0\u00bb, donne-t-il comme exemple. Il esp\u00e8re que <strong>le vote d&rsquo;un budget<\/strong> permettra de d\u00e9bloquer la situation.<\/p>\n","protected":false},"excerpt":{"rendered":"C&rsquo;est plut\u00f4t rare.\u00a0Le monde associatif appelle \u00e0 une mobilisation nationale\u00a0samedi 11 octobre. Elles veulent interpeller les pouvoirs publics&hellip;\n","protected":false},"author":2,"featured_media":454350,"comment_status":"","ping_status":"","sticky":false,"template":"","format":"standard","meta":{"footnotes":""},"categories":[2820],"tags":[1111,11,1777,674,1011,27,775,12,25,640],"class_list":{"0":"post-454349","1":"post","2":"type-post","3":"status-publish","4":"format-standard","5":"has-post-thumbnail","7":"category-strasbourg","8":"tag-actu","9":"tag-actualites","10":"tag-eu","11":"tag-europe","12":"tag-fr","13":"tag-france","14":"tag-grand-est","15":"tag-news","16":"tag-republique-francaise","17":"tag-strasbourg"},"share_on_mastodon":{"url":"https:\/\/pubeurope.com\/@fr\/115354042610660967","error":""},"_links":{"self":[{"href":"https:\/\/www.europesays.com\/fr\/wp-json\/wp\/v2\/posts\/454349","targetHints":{"allow":["GET"]}}],"collection":[{"href":"https:\/\/www.europesays.com\/fr\/wp-json\/wp\/v2\/posts"}],"about":[{"href":"https:\/\/www.europesays.com\/fr\/wp-json\/wp\/v2\/types\/post"}],"author":[{"embeddable":true,"href":"https:\/\/www.europesays.com\/fr\/wp-json\/wp\/v2\/users\/2"}],"replies":[{"embeddable":true,"href":"https:\/\/www.europesays.com\/fr\/wp-json\/wp\/v2\/comments?post=454349"}],"version-history":[{"count":0,"href":"https:\/\/www.europesays.com\/fr\/wp-json\/wp\/v2\/posts\/454349\/revisions"}],"wp:featuredmedia":[{"embeddable":true,"href":"https:\/\/www.europesays.com\/fr\/wp-json\/wp\/v2\/media\/454350"}],"wp:attachment":[{"href":"https:\/\/www.europesays.com\/fr\/wp-json\/wp\/v2\/media?parent=454349"}],"wp:term":[{"taxonomy":"category","embeddable":true,"href":"https:\/\/www.europesays.com\/fr\/wp-json\/wp\/v2\/categories?post=454349"},{"taxonomy":"post_tag","embeddable":true,"href":"https:\/\/www.europesays.com\/fr\/wp-json\/wp\/v2\/tags?post=454349"}],"curies":[{"name":"wp","href":"https:\/\/api.w.org\/{rel}","templated":true}]}}