{"id":45435,"date":"2025-04-23T02:07:11","date_gmt":"2025-04-23T02:07:11","guid":{"rendered":"https:\/\/www.europesays.com\/fr\/45435\/"},"modified":"2025-04-23T02:07:11","modified_gmt":"2025-04-23T02:07:11","slug":"je-suis-touche-par-la-rencontre-avec-le-public","status":"publish","type":"post","link":"https:\/\/www.europesays.com\/fr\/45435\/","title":{"rendered":"\u00ab je suis touch\u00e9 par la rencontre avec le public \u00bb"},"content":{"rendered":"<p>            Par<br \/>\n        <strong><br \/>\n            <a href=\"https:\/\/actu.fr\/auteur\/redaction-impartial\" title=\"Consulter tous les articles de R\u00e9daction L&#039;Impartial\" target=\"_blank\" rel=\"noopener\">R\u00e9daction L&rsquo;Impartial<\/a><br \/>\n        <\/strong><\/p>\n<p>        Publi\u00e9 le<\/p>\n<p>            22 avr. 2025 \u00e0 19h26        <\/p>\n<p>Figure embl\u00e9matique du paysage audiovisuel fran\u00e7ais, <b>Thierry Beccaro<\/b> a longtemps accompagn\u00e9 les matin\u00e9es des t\u00e9l\u00e9spectateurs avec l\u2019\u00e9mission culte <b>Motus<\/b> ou encore <b>T\u00e9l\u00e9matin<\/b>.<\/p>\n<p class=\" wall-content\">Aujourd\u2019hui, il sillonne la France non plus en tant qu\u2019animateur, mais comme com\u00e9dien, auteur et conf\u00e9rencier engag\u00e9.<\/p>\n<p class=\" wall-content\">\u00c0 l\u2019occasion de sa venue en Normandie pour le Salon du livre de <a href=\"https:\/\/actu.fr\/normandie\/romilly-sur-andelle_27493\" target=\"_blank\" rel=\"noopener\">Romilly-sur-Andelle<\/a> (<b>Eure<\/b>), le <b>dimanche 27 avril 2025<\/b>, o\u00f9 il pr\u00e9sente ses deux livres \u00ab Je suis n\u00e9 \u00e0 17 ans \u00bb, et \u00ab Ma r\u00e9silience \u00e0 moi \u00bb, il se livre \u00e0 L\u2019Impartial dans une interview o\u00f9 sinc\u00e9rit\u00e9 et humanit\u00e9 occupent une place centrale.<\/p>\n<p class=\"ac-article-content__question wall-content\">Vous avez incarn\u00e9 pendant des ann\u00e9es des \u00e9missions populaires, et pourtant, vous avez choisi de tourner une page. Pourquoi ce changement de cap ?<\/p>\n<p class=\" wall-content\">J\u2019ai tellement aim\u00e9 mes ann\u00e9es de t\u00e9l\u00e9vision. <a href=\"https:\/\/actu.fr\/loisirs-culture\/motus-thierry-beccaro-va-quitter-lemission-apres-29-ans-presentation_23592664.html\" target=\"_blank\" rel=\"noopener\">Motus<\/a>, T\u00e9l\u00e9matin, 40 degr\u00e9s \u00e0 l\u2019ombre\u2026 Des \u00e9missions que j\u2019ai eu la chance d\u2019animer pendant 29 ans. Des moments de partage, de rires, o\u00f9 les gens r\u00eavaient de venir. Une \u00e9poque pleine de complicit\u00e9 et de bonheur\u2026 Ce sont des souvenirs formidables. J\u2019ai rencontr\u00e9 des candidats venus de tous horizons : des Italiens, des Am\u00e9ricains, des profils atypiques ; parfois ils prenaient leurs vacances pour venir nous voir. C\u2019\u00e9tait fou !<\/p>\n<p class=\" wall-content\">Mais avec le temps, j\u2019ai ressenti le besoin de me reconnecter \u00e0 quelque chose de plus authentique. Le th\u00e9\u00e2tre, l\u2019\u00e9criture, les conf\u00e9rences\u2026 C\u2019est un retour \u00e0 l\u2019essentiel. J\u2019\u00e9tais pr\u00eat \u00e0 partir, m\u00eame si cela a surpris mon entourage. Mon livre \u00ab\u00a0Je suis n\u00e9 \u00e0 17 ans\u00a0\u00bb marchait tr\u00e8s bien, je jouais une pi\u00e8ce, j\u2019\u00e9tais devenu ambassadeur de l\u2019UNICEF. Je suis parti doucement, en \u00e9tant align\u00e9 avec moi-m\u00eame.<\/p>\n<p>Vid\u00e9os : en ce moment sur Actu<\/p>\n<p class=\"ac-article-content__question wall-content\">Vous \u00eates aujourd\u2019hui tr\u00e8s engag\u00e9 dans la lutte contre les violences intrafamiliales. Qu\u2019est-ce qui vous a pouss\u00e9 \u00e0 prendre la parole ?<\/p>\n<p class=\" wall-content\">Au d\u00e9but, j\u2019avais peur. Peur de dire que j\u2019ai \u00e9t\u00e9 un enfant battu. Mais\u00a0la productrice Monique Cara, qui connaissait mes blessures, m\u2019a encourag\u00e9 \u00e0 \u00e9crire.<\/p>\n<p class=\" wall-content\">Ce livre, il m\u2019a apais\u00e9. Je porte toujours ce sac \u00e0 dos, mais il est plus l\u00e9ger. Et surtout, je ne m\u2019attendais pas \u00e0 ce qu\u2019il lib\u00e8re autant de personnes. Les lecteurs viennent me dire : \u00ab Je connais ce que vous avez v\u00e9cu, merci de l\u2019avoir dit. \u00bb Ce sont des \u00e9changes bouleversants.<\/p>\n<p class=\" wall-content\">Je veux leur dire qu\u2019on peut s\u2019en sortir. C\u2019est possible. Il faut s\u2019en donner les moyens m\u00eame si c\u2019est difficile. Mon engagement est profond\u00e9ment humain. Si mon histoire peut en aider ne serait-ce qu\u2019une, alors cela a du sens.<\/p>\n<p class=\"ac-article-content__question wall-content\">Aujourd\u2019hui, vous \u00eates tr\u00e8s pr\u00e9sent sur les routes, au plus pr\u00e8s du public. Que vous apporte cette proximit\u00e9 ?<\/p>\n<p class=\" wall-content\">Je pars en tourn\u00e9e avec ma pi\u00e8ce \u00ab Le go\u00fbt du bonheur \u00bb, je vais bient\u00f4t \u00e0 Avignon\u2026 J\u2019aime aller \u00e0 la rencontre des gens. Et la province m\u2019\u00e9meut toujours : les spectateurs n\u2019ont pas toujours la possibilit\u00e9 de monter \u00e0 Paris, alors je vais vers eux. Il y a en province une bienveillance, une sinc\u00e9rit\u00e9 qui me touchent beaucoup.<\/p>\n<p class=\" wall-content\">Rien ne remplace le contact direct avec les gens. Ce lien vrai avec le public, me nourrit. Apr\u00e8s les repr\u00e9sentations, on discute, on me confie des choses\u2026 C\u2019est pr\u00e9cieux.<\/p>\n<p class=\"ac-article-content__question wall-content\">Vous semblez tr\u00e8s \u00e0 l\u2019aise aujourd\u2019hui avec votre histoire personnelle. Est-ce cette sinc\u00e9rit\u00e9 qui vous rend plus fort ?<\/p>\n<p class=\" wall-content\">Peut-\u00eatre. En tout cas, je n\u2019ai plus peur de dire qui je suis. Ce n\u2019\u00e9tait pas le cas il y a quelques ann\u00e9es. Aujourd\u2019hui, je suis en paix avec moi-m\u00eame. Je dis souvent : \u00ab La lumi\u00e8re, ce n\u2019est pas fait pour briller, mais pour \u00e9clairer. \u00bb C\u2019est un peu ma ligne de conduite.<\/p>\n<p class=\"ac-article-content__question wall-content\">Quel message aimeriez-vous adresser \u00e0 nos lecteurs ?<\/p>\n<p class=\" wall-content\">Je citerai une phrase de Frederick Douglass : \u00ab Il est plus facile de construire des enfants solides que de r\u00e9parer des hommes bris\u00e9s. \u00bb Cela r\u00e9sonne tr\u00e8s fort pour moi. Et si je peux contribuer, \u00e0 mon \u00e9chelle, \u00e0 cette prise de conscience, alors c\u2019est une belle mission.<\/p>\n<p class=\"ac-article-content__question wall-content\">Un dernier mot pour la Normandie, une r\u00e9gion que vous aimez ?<\/p>\n<p class=\" wall-content\">Comme le dit la chanson : \u00ab De temps en temps, je vais revoir ma Normandie\u2026 \u00bb Je suis tr\u00e8s heureux de revenir ici. Je serai au festival de Bagnoles-de-l\u2019Orne puis \u00e0 Romilly-sur-Andelle le 27 avril pour le Salon du livre. J\u2019ai h\u00e2te de retrouver le public !<\/p>\n<p>Salon du livre de Romilly-sur-Andelle (Eure), dimanche 27 avril 2025, \u00e0 l\u2019Espace Aragon, de 10h \u00e0 12h30 et de 14h \u00e0 18h30. Entr\u00e9e gratuite.<\/p>\n<p class=\" wall-content\">Suivez toute l\u2019actualit\u00e9 de vos villes et m\u00e9dias favoris en vous inscrivant \u00e0 <a href=\"https:\/\/moncompte.actu.fr\" title=\"D\u00e9couvez Mon Actu\" rel=\"nofollow noopener\" data-trk=\"{&quot;cta&quot;:{&quot;action&quot;:&quot;https:\\\/\\\/moncompte.actu.fr&quot;,&quot;category&quot;:&quot;mon compte&quot;,&quot;from&quot;:&quot;article footer&quot;,&quot;name&quot;:&quot;Mon actu&quot;,&quot;type&quot;:&quot;cta&quot;}}\" target=\"_blank\">Mon Actu<\/a>.<\/p>\n","protected":false},"excerpt":{"rendered":"Par R\u00e9daction L&rsquo;Impartial Publi\u00e9 le 22 avr. 2025 \u00e0 19h26 Figure embl\u00e9matique du paysage audiovisuel fran\u00e7ais, Thierry Beccaro&hellip;\n","protected":false},"author":2,"featured_media":45436,"comment_status":"","ping_status":"","sticky":false,"template":"","format":"standard","meta":{"footnotes":""},"categories":[1357],"tags":[1379,58,59,1011,27,1380,104,252,13428],"class_list":{"0":"post-45435","1":"post","2":"type-post","3":"status-publish","4":"format-standard","5":"has-post-thumbnail","7":"category-livres","8":"tag-books","9":"tag-divertissement","10":"tag-entertainment","11":"tag-fr","12":"tag-france","13":"tag-livres","14":"tag-societe","15":"tag-television","16":"tag-vallee-de-landelle"},"share_on_mastodon":{"url":"https:\/\/pubeurope.com\/@fr\/114384839919051454","error":""},"_links":{"self":[{"href":"https:\/\/www.europesays.com\/fr\/wp-json\/wp\/v2\/posts\/45435","targetHints":{"allow":["GET"]}}],"collection":[{"href":"https:\/\/www.europesays.com\/fr\/wp-json\/wp\/v2\/posts"}],"about":[{"href":"https:\/\/www.europesays.com\/fr\/wp-json\/wp\/v2\/types\/post"}],"author":[{"embeddable":true,"href":"https:\/\/www.europesays.com\/fr\/wp-json\/wp\/v2\/users\/2"}],"replies":[{"embeddable":true,"href":"https:\/\/www.europesays.com\/fr\/wp-json\/wp\/v2\/comments?post=45435"}],"version-history":[{"count":0,"href":"https:\/\/www.europesays.com\/fr\/wp-json\/wp\/v2\/posts\/45435\/revisions"}],"wp:featuredmedia":[{"embeddable":true,"href":"https:\/\/www.europesays.com\/fr\/wp-json\/wp\/v2\/media\/45436"}],"wp:attachment":[{"href":"https:\/\/www.europesays.com\/fr\/wp-json\/wp\/v2\/media?parent=45435"}],"wp:term":[{"taxonomy":"category","embeddable":true,"href":"https:\/\/www.europesays.com\/fr\/wp-json\/wp\/v2\/categories?post=45435"},{"taxonomy":"post_tag","embeddable":true,"href":"https:\/\/www.europesays.com\/fr\/wp-json\/wp\/v2\/tags?post=45435"}],"curies":[{"name":"wp","href":"https:\/\/api.w.org\/{rel}","templated":true}]}}