{"id":454353,"date":"2025-10-11T06:10:10","date_gmt":"2025-10-11T06:10:10","guid":{"rendered":"https:\/\/www.europesays.com\/fr\/454353\/"},"modified":"2025-10-11T06:10:10","modified_gmt":"2025-10-11T06:10:10","slug":"cette-serie-netflix-qui-cartonne-a-ete-en-partie-tournee-a-cote-de-nice","status":"publish","type":"post","link":"https:\/\/www.europesays.com\/fr\/454353\/","title":{"rendered":"Cette s\u00e9rie Netflix qui cartonne a \u00e9t\u00e9 en partie tourn\u00e9e \u00e0 c\u00f4t\u00e9 de Nice"},"content":{"rendered":"<p>            Par<br \/>\n        <strong><br \/>\n            <a href=\"https:\/\/actu.fr\/auteur\/ugo-maillard\" title=\"Consulter tous les articles de Ugo Maillard\" rel=\"nofollow noopener\" target=\"_blank\">Ugo Maillard<\/a><br \/>\n        <\/strong><\/p>\n<p>        Publi\u00e9 le<\/p>\n<p>            11 oct. 2025 \u00e0 7h14        <\/p>\n<p>Un joli coup de projecteur. Depuis le mercredi 8 octobre 2025, la plateforme de streaming <a href=\"https:\/\/actu.fr\/tag\/netflix\" rel=\"nofollow noopener\" target=\"_blank\">Netflix<\/a> propose \u00e0 ses abonn\u00e9s la s\u00e9rie fantastique-m\u00e9di\u00e9vale <strong>N\u00e9ro<\/strong>. Ce programme de huit \u00e9pisodes a \u00e9t\u00e9 imagin\u00e9 par quatre auteurs fran\u00e7ais, Jean-Patrick Benes, Allan Mauduit, Martin Douaire et Nicolas Digard.\u00a0<\/p>\n<p class=\" wall-content\">La production, elle aussi, est fran\u00e7aise. Et petit bonus pour les habitants des <a href=\"https:\/\/actu.fr\/provence-alpes-cote-d-azur\/alpes-maritimes_06\" rel=\"nofollow noopener\" target=\"_blank\">Alpes-Maritimes<\/a>, certaines sc\u00e8nes ont \u00e9t\u00e9 tourn\u00e9es \u00e0 l\u2019est du d\u00e9partement, que ce soit en France ou en Italie.\u00a0<\/p>\n<p class=\" wall-content\">\u00c0 noter que la s\u00e9rie a d\u2019ores et d\u00e9j\u00e0 int\u00e9gr\u00e9 le top 10 de la plateforme.<\/p>\n<p>Menton et Vintimille en d\u00e9cor<\/p>\n<p class=\" wall-content\">Les habitants de Menton peuvent d\u00e9couvrir le parvis de la basilique Saint-Michel, transform\u00e9 pour les besoins de la s\u00e9rie en forteresse. Des passages ont \u00e9galement \u00e9t\u00e9 <strong>tourn\u00e9s \u00e0 Nice<\/strong> ou encore \u00e0 Vintimille, en Italie.\u00a0<\/p>\n<p class=\" wall-content\">Des passages qui demeurent succincts puisque la majeure partie de la s\u00e9rie a \u00e9t\u00e9 film\u00e9e dans les Pyr\u00e9n\u00e9es-Orientales.<\/p>\n<p>Un r\u00f4le principal tenu par Pio Marma\u00ef<\/p>\n<p class=\" wall-content\">Le synopsys : nous sommes en 1504 et un <strong>mercenaire incarn\u00e9 par Pio Marma\u00ef<\/strong> doit prot\u00e9ger sa fille de diverses menaces. \u00ab\u00a0Un assassin chevronn\u00e9, une puissante sorci\u00e8re, une myst\u00e9rieuse proph\u00e9tie\u2026 Trahi par son patron, Nr\u00e9ro va devoir se battre pour prot\u00e9ger sa fille des forces du mal\u00a0\u00bb, r\u00e9sument les \u00e9quipes de Netflix.<\/p>\n<p class=\" wall-content\"><a href=\"https:\/\/www.instagram.com\/p\/DPik3_hD-qF\/embed\" title=\"Ouvrir le lien sur Instagram\" rel=\"nofollow noopener\" target=\"_blank\">Visualiser le contenu sur Instagram<\/a><\/p>\n<p class=\" wall-content\">M\u00ealant, aventure historique, humour et sc\u00e8ne d\u2019action, la s\u00e9rie N\u00e9ro a \u00e9t\u00e9 tr\u00e8s bien accueillie par la critique.<\/p>\n<p class=\" wall-content\">Personnalisez votre actualit\u00e9 en ajoutant vos villes et m\u00e9dias en favori avec <a href=\"https:\/\/moncompte.actu.fr\" title=\"D\u00e9couvez Mon Actu\" rel=\"nofollow noopener\" data-trk=\"{&quot;cta&quot;:{&quot;action&quot;:&quot;https:\\\/\\\/moncompte.actu.fr&quot;,&quot;category&quot;:&quot;mon compte&quot;,&quot;from&quot;:&quot;article footer&quot;,&quot;name&quot;:&quot;Mon actu&quot;,&quot;type&quot;:&quot;cta&quot;}}\" target=\"_blank\">Mon Actu<\/a>.<\/p>\n<p>                    <script async src=\"\/\/www.instagram.com\/embed.js\"><\/script><\/p>\n","protected":false},"excerpt":{"rendered":"Par Ugo Maillard Publi\u00e9 le 11 oct. 2025 \u00e0 7h14 Un joli coup de projecteur. Depuis le mercredi&hellip;\n","protected":false},"author":2,"featured_media":454354,"comment_status":"","ping_status":"","sticky":false,"template":"","format":"standard","meta":{"footnotes":""},"categories":[2819],"tags":[1111,11,1777,674,1011,27,1652,127,12,2401,882,25],"class_list":{"0":"post-454353","1":"post","2":"type-post","3":"status-publish","4":"format-standard","5":"has-post-thumbnail","7":"category-nice","8":"tag-actu","9":"tag-actualites","10":"tag-eu","11":"tag-europe","12":"tag-fr","13":"tag-france","14":"tag-loisirs-culture","15":"tag-netflix","16":"tag-news","17":"tag-nice","18":"tag-provence-alpes-cote-dazur","19":"tag-republique-francaise"},"share_on_mastodon":{"url":"https:\/\/pubeurope.com\/@fr\/115354050434220144","error":""},"_links":{"self":[{"href":"https:\/\/www.europesays.com\/fr\/wp-json\/wp\/v2\/posts\/454353","targetHints":{"allow":["GET"]}}],"collection":[{"href":"https:\/\/www.europesays.com\/fr\/wp-json\/wp\/v2\/posts"}],"about":[{"href":"https:\/\/www.europesays.com\/fr\/wp-json\/wp\/v2\/types\/post"}],"author":[{"embeddable":true,"href":"https:\/\/www.europesays.com\/fr\/wp-json\/wp\/v2\/users\/2"}],"replies":[{"embeddable":true,"href":"https:\/\/www.europesays.com\/fr\/wp-json\/wp\/v2\/comments?post=454353"}],"version-history":[{"count":0,"href":"https:\/\/www.europesays.com\/fr\/wp-json\/wp\/v2\/posts\/454353\/revisions"}],"wp:featuredmedia":[{"embeddable":true,"href":"https:\/\/www.europesays.com\/fr\/wp-json\/wp\/v2\/media\/454354"}],"wp:attachment":[{"href":"https:\/\/www.europesays.com\/fr\/wp-json\/wp\/v2\/media?parent=454353"}],"wp:term":[{"taxonomy":"category","embeddable":true,"href":"https:\/\/www.europesays.com\/fr\/wp-json\/wp\/v2\/categories?post=454353"},{"taxonomy":"post_tag","embeddable":true,"href":"https:\/\/www.europesays.com\/fr\/wp-json\/wp\/v2\/tags?post=454353"}],"curies":[{"name":"wp","href":"https:\/\/api.w.org\/{rel}","templated":true}]}}