{"id":45437,"date":"2025-04-23T02:08:16","date_gmt":"2025-04-23T02:08:16","guid":{"rendered":"https:\/\/www.europesays.com\/fr\/45437\/"},"modified":"2025-04-23T02:08:16","modified_gmt":"2025-04-23T02:08:16","slug":"je-voulais-voter-contre-joana","status":"publish","type":"post","link":"https:\/\/www.europesays.com\/fr\/45437\/","title":{"rendered":"Je voulais voter contre Joana"},"content":{"rendered":"<p>Une tribu r\u00e9unifi\u00e9e, mais toujours divis\u00e9e. Ce mardi 22 avril 2025 dans <a href=\"https:\/\/www.programme-tv.net\/news\/tv\/370938-koh-lanta-2025-date-de-diffusion-candidats-nouveautes-toutes-les-infos-sur-la-revanche-des-4-terres-la-nouvelle-saison-du-jeu-de-tf1\/\" data-api-deeplink=\"teleloisirs:\/\/news\/370938\" target=\"_blank\" rel=\"noopener\">Koh-Lanta, La revanche des 4 terres<\/a>, au bout du suspense, c&rsquo;est <a href=\"https:\/\/www.programme-tv.net\/news\/people\/377287-vous-allez-finir-ensemble-nais-et-adrien-koh-lanta-2025-rejouent-une-scene-culte-dune-comedie-romantique-les-internautes-exultent\/\" data-api-deeplink=\"teleloisirs:\/\/news\/377287\" target=\"_blank\" rel=\"noopener\">Adrien<\/a> qui <a href=\"https:\/\/www.programme-tv.net\/news\/tv\/376725-koh-lanta-les-candidats-sont-ils-suivis-par-la-production-apres-avoir-ete-elimines\/\" data-api-deeplink=\"teleloisirs:\/\/news\/376725\" target=\"_blank\" rel=\"noopener\">a \u00e9t\u00e9 \u00e9limin\u00e9 par ses pairs sur TF1<\/a>. Deux tours de votes ont \u00e9t\u00e9 n\u00e9cessaires, \u00e0 l&rsquo;issue desquels il a obtenu une \u00e9galit\u00e9 de voix avec <a href=\"https:\/\/www.programme-tv.net\/news\/tv\/372244-j-ai-pu-discuter-avec-cynthiana-koh-lanta-2025-eliminee-elle-revient-sur-son-clash-avec-noemie-dans-le-premier-episode\/\" data-api-deeplink=\"teleloisirs:\/\/news\/372244\" target=\"_blank\" rel=\"noopener\">No\u00e9mie<\/a> (sept chacun). Denis Brogniart a donc proc\u00e9d\u00e9 au tirage de la boule noire et c&rsquo;est le Sudiste qui a eu la main malheureuse. \u00ab\u00a0Je suis tr\u00e8s triste pour Adrien, je perds un ami\u00a0\u00bb, a d\u00e9clar\u00e9 la Bretonne, qui n&rsquo;a pas pu retenir ses larmes. Elle revient pour T\u00e9l\u00e9-Loisirs sur cet \u00e9pisode \u00e9prouvant.<\/p>\n<p>\u00ab\u00a0On y allait tous avec une grosse appr\u00e9hension\u00a0\u00bb : No\u00e9mie revient sur son conseil \u00e9prouvant dans Koh-Lanta 2025<\/p>\n<p><b>T\u00e9l\u00e9-Loisirs<\/b><b> :<\/b> <b>Comment avez-vous v\u00e9cu ce conseil pas comme les autres ?<\/b><br \/><b>No\u00e9mie :<\/b> Tr\u00e8s mal,<b> c&rsquo;\u00e9tait horrible comme conseil<\/b> parce que c&rsquo;\u00e9tait vraiment le premier de la r\u00e9unification. Tout le monde s&rsquo;est lanc\u00e9 dans les strat\u00e9gies et \u00e7a a \u00e9t\u00e9 un gros bazar pendant toute une journ\u00e9e. On n\u2019en connaissait pas du tout l\u2019issue. En arrivant au conseil, j&rsquo;avais un \u00e9norme mal de t\u00eate, on y allait tous avec une grosse appr\u00e9hension.<\/p>\n<p><b>Avant d\u2019aller au conseil, saviez-vous que votre nom \u00e9tait dans la balance ?<br \/><\/b>Plus ou moins. J&rsquo;avais entendu mon nom passer. Apr\u00e8s, on n&rsquo;est jamais s\u00fbr mais je m&rsquo;y attendais un petit peu\u2026<\/p>\n<p><b>\u00c0 l&rsquo;issue du premier tour de vote, quand vous voyez que vous \u00eates \u00e0 \u00e9galit\u00e9 avec Adrien, que se passe-t-il dans votre t\u00eate ?<br \/><\/b>C\u2019\u00e9tait horrible parce qu\u2019on \u00e9tait persuad\u00e9s qu&rsquo;on allait avoir les votes des filles du nord, Joana et Claire, qui s&rsquo;\u00e9taient engag\u00e9es aupr\u00e8s de Fr\u00e9d\u00e9ric \u00e0 s&rsquo;allier avec nous. Et en fait, j&rsquo;ai tr\u00e8s vite compris que ce n&rsquo;\u00e9tait pas le cas, mais je ne pensais vraiment pas que \u00e7a allait faire une \u00e9galit\u00e9.<\/p>\n<p>No\u00e9mie pensait-elle tirer la boule noire dans Koh-Lanta ? Elle nous r\u00e9pond<\/p>\n<p><b>Et donc, Denis Brogniart proc\u00e8de \u00e0 un second tour de vote, aviez-vous espoir que certains aventuriers modifient leur vote ?<br \/><\/b>Forc\u00e9ment, il faut toujours esp\u00e9rer. Tout peut arriver, mais souvent, les seconds votes, on sait que c&rsquo;est d\u00e9j\u00e0 r\u00e9gl\u00e9. Au second vote, je savais que \u00e7a allait finir \u00e0 la boule noire, donc psychologiquement, j&rsquo;\u00e9tais en train de me pr\u00e9parer et je ne faisais pas ma fi\u00e8re.<\/p>\n<p><b>Dans le face-\u00e0-face avec Adrien, \u00e9tiez-vous persuad\u00e9e d\u2019avoir la boule noire ?<br \/><\/b>Je suis assez optimiste. Donc j&rsquo;\u00e9tais s\u00fbre de continuer l&rsquo;aventure. Pour moi, c&rsquo;\u00e9tait juste impossible de m&rsquo;arr\u00eater l\u00e0 parce que physiquement, je pouvais aller encore loin.<\/p>\n<p>\u00ab\u00a0C&rsquo;est une personne attachante\u00a0\u00bb : No\u00e9mie explique pourquoi elle ne voulait pas \u00e9liminer Adrien dans Koh-Lanta, La revanche des 4 terres <\/p>\n<p><b>Malgr\u00e9 la boule blanche en votre faveur, vous vous mettez \u00e0 pleurer. Pour quelle raison ?<br \/><\/b>La situation \u00e9tait tr\u00e8s dure parce qu\u2019on \u00e9tait deux rouges en face l\u2019un de l\u2019autre. Adrien, c&rsquo;est une personne avec laquelle je m&rsquo;entendais tr\u00e8s bien, qui est attachante. Je ne pensais pas que c&rsquo;\u00e9tait possible de me retrouver face \u00e0 lui. <b>Je ne faisais pas la fi\u00e8re <\/b>parce que je savais que c&rsquo;\u00e9tait la fin de l&rsquo;aventure d&rsquo;Adrien et que je ne me voyais mal laisser exploser ma joie, que je n&rsquo;avais pas forc\u00e9ment. C&rsquo;\u00e9tait aussi un soulagement. Beaucoup d\u2019\u00e9motions me sont pass\u00e9es dans la t\u00eate \u00e0 ce moment-l\u00e0 et j\u2019ai eu beaucoup de tristesse pour Adrien.<\/p>\n<p><b>Avez-vous compris pourquoi tous les votes se sont focalis\u00e9s contre Adrien ?<br \/><\/b>Oui. Il y avait l&rsquo;objectif de faire sauter un bleu. Et Adrien faisait partie des personnes fortes de cette \u00e9quipe. Et<b> je crois qu&rsquo;il aga\u00e7ait un petit peu certains rouges<\/b>, certains de mon alliance, donc on s&rsquo;\u00e9tait mis sur le nom d&rsquo;Adrien.<\/p>\n<p><b>Avez-vous vot\u00e9 \u00e0 contrec\u0153ur contre lui ?<br \/><\/b>Compl\u00e8tement. Moi, <b>je me voyais plus voter contre Joana <\/b>parce que je sentais qu&rsquo;au niveau de nos caract\u00e8res, \u00e7a n&rsquo;allait pas le faire pour la suite de l&rsquo;aventure. Je sentais qu&rsquo;on n&rsquo;\u00e9tait pas compatibles. Et j&rsquo;\u00e9tais mille fois plus \u00e0 l&rsquo;aise de voter contre Joana que de voter contre Adrien. Mais je ne pouvais pas jouer solo. En plus, je savais qu&rsquo;il y avait mon nom. J&rsquo;\u00e9tais oblig\u00e9e de suivre le vote des autres.<\/p>\n<p><b>Avec le coup d\u2019envoi de la r\u00e9unification apr\u00e8s la cr\u00e9ation des deux \u00e9quipes et la disparition des \u00e9quipes r\u00e9gionales, avez-vous eu le sentiment de vivre un troisi\u00e8me <\/b><b>Koh-Lanta<\/b><b> ?<br \/><\/b>Oui. C&rsquo;est dingue. Franchement, cette saison, elle est dingue parce qu&rsquo;on a quand m\u00eame nos alliances de base, de r\u00e9gions. On rajoute une alliance rouge ou jaune. Et ensuite, on m\u00e9lange tout \u00e7a et \u00e7a devient un bazar pas possible. Comme les alliances n&rsquo;\u00e9taient pas d\u00e9finies ce jour-l\u00e0, il fallait vraiment \u00eatre \u00e0 l&rsquo;aff\u00fbt de tout et r\u00e9ussir \u00e0 cr\u00e9er des affinit\u00e9s en fonction des couleurs. J\u2019avais h\u00e2te de revoir l\u2019\u00e9pisode pour comprendre certaines choses.<\/p>\n<p><b>La r\u00e9unification a aussi marqu\u00e9 vos retrouvailles avec J\u00e9r\u00f4me, l\u2019ancien leader de l\u2019ouest. L\u2019avez-vous trouv\u00e9 chang\u00e9 ?<br \/><\/b>Physiquement, il a souffert pendant ces dix jours et on sentait qu&rsquo;il avait bien maigri. Ce qui est cool avec J\u00e9r\u00f4me, c&rsquo;est qu&rsquo;il est droit. Quand il dit quelque chose, il le fait et il ne passe pas par quatre chemins. On sentait qu\u2019il \u00e9tait avec nous.<\/p>\n<p><b>Pensez-vous que votre pass\u00e9 de sportive de haut niveau vous a \u00e9t\u00e9 utile pour cette aventure ?<br \/><\/b>Compl\u00e8tement. J\u2019ai toujours \u00e9t\u00e9 en \u00e9quipage donc j&rsquo;ai toujours su m&rsquo;adapter \u00e0 un groupe, \u00e0 ne pas forc\u00e9ment me mettre trop en avant et plut\u00f4t \u00e0 mettre en avant les comp\u00e9tences de chacun. Donc \u00e7a, je pense que \u00e7a m&rsquo;a pas mal aid\u00e9. Et m\u00eame physiquement, j&rsquo;arrive quand m\u00eame \u00e0 faire des belles choses, notamment dans le dernier \u00e9pisode au-dessus de l\u2019eau.<\/p>\n","protected":false},"excerpt":{"rendered":"Une tribu r\u00e9unifi\u00e9e, mais toujours divis\u00e9e. Ce mardi 22 avril 2025 dans Koh-Lanta, La revanche des 4 terres,&hellip;\n","protected":false},"author":2,"featured_media":45438,"comment_status":"","ping_status":"","sticky":false,"template":"","format":"standard","meta":{"footnotes":""},"categories":[1356],"tags":[13429,1409,244,58,59,1011,27,2173,2278,680,2277,252,199,1364],"class_list":{"0":"post-45437","1":"post","2":"type-post","3":"status-publish","4":"format-standard","5":"has-post-thumbnail","7":"category-television","8":"tag-adrien-koh-lanta","9":"tag-bande-annonce","10":"tag-commentaire","11":"tag-divertissement","12":"tag-entertainment","13":"tag-fr","14":"tag-france","15":"tag-interview","16":"tag-joana-koh-lanta","17":"tag-koh-lanta","18":"tag-la-revanche-des-4-terres","19":"tag-television","20":"tag-tf1","21":"tag-tv"},"share_on_mastodon":{"url":"https:\/\/pubeurope.com\/@fr\/114384843809403753","error":""},"_links":{"self":[{"href":"https:\/\/www.europesays.com\/fr\/wp-json\/wp\/v2\/posts\/45437","targetHints":{"allow":["GET"]}}],"collection":[{"href":"https:\/\/www.europesays.com\/fr\/wp-json\/wp\/v2\/posts"}],"about":[{"href":"https:\/\/www.europesays.com\/fr\/wp-json\/wp\/v2\/types\/post"}],"author":[{"embeddable":true,"href":"https:\/\/www.europesays.com\/fr\/wp-json\/wp\/v2\/users\/2"}],"replies":[{"embeddable":true,"href":"https:\/\/www.europesays.com\/fr\/wp-json\/wp\/v2\/comments?post=45437"}],"version-history":[{"count":0,"href":"https:\/\/www.europesays.com\/fr\/wp-json\/wp\/v2\/posts\/45437\/revisions"}],"wp:featuredmedia":[{"embeddable":true,"href":"https:\/\/www.europesays.com\/fr\/wp-json\/wp\/v2\/media\/45438"}],"wp:attachment":[{"href":"https:\/\/www.europesays.com\/fr\/wp-json\/wp\/v2\/media?parent=45437"}],"wp:term":[{"taxonomy":"category","embeddable":true,"href":"https:\/\/www.europesays.com\/fr\/wp-json\/wp\/v2\/categories?post=45437"},{"taxonomy":"post_tag","embeddable":true,"href":"https:\/\/www.europesays.com\/fr\/wp-json\/wp\/v2\/tags?post=45437"}],"curies":[{"name":"wp","href":"https:\/\/api.w.org\/{rel}","templated":true}]}}