{"id":454374,"date":"2025-10-11T06:23:14","date_gmt":"2025-10-11T06:23:14","guid":{"rendered":"https:\/\/www.europesays.com\/fr\/454374\/"},"modified":"2025-10-11T06:23:14","modified_gmt":"2025-10-11T06:23:14","slug":"certains-soirs-jai-limpression-quelle-passe-juste-en-dessous-de-mon-jardin","status":"publish","type":"post","link":"https:\/\/www.europesays.com\/fr\/454374\/","title":{"rendered":"\u00ab\u00a0Certains soirs, j\u2019ai l\u2019impression qu\u2019elle passe juste en dessous de mon jardin\u00a0\u00bb"},"content":{"rendered":"<p>Il a d\u00e9m\u00e9nag\u00e9 de Villeurbanne pour une location \u00e0 Dardilly, il y a quelque temps, avec sa femme et son jeune gar\u00e7on. La commune leur pla\u00eet beaucoup et, en juillet dernier, la petite famille franchit le pas en devenant propri\u00e9taire de cette jolie maison avec jardin, situ\u00e9e dans un lotissement verdoyant et apparemment loin de tout vacarme.<\/p>\n<p>Mais Benjamin Beno\u00eet d\u00e9chante tr\u00e8s rapidement. \u00ab\u00a0Le 14\u00a0juillet, j\u2019ai mis un message sur le groupe WhatsApp du lotissement car j\u2019avais l\u2019impression que l\u2019autoroute passait derri\u00e8re l\u2019\u00e9cole primaire, situ\u00e9e juste en contrebas de notre maison. J\u2019ai eu une \u00e9norme angoisse et la peur de m\u2019\u00eatre tromp\u00e9 dans l\u2019achat de ce bien qui repr\u00e9sente pourtant notre r\u00eave. Je me suis dit que si c\u2019\u00e9tait comme cela tout le temps, cela allait me rendre dingue\u00a0\u00bb, t\u00e9moigne-t-il.<\/p>\n<p><strong>&gt;&gt;\u00a0<a href=\"https:\/\/www.leprogres.fr\/culture-loisirs\/2025\/10\/10\/six-semaines-de-cris-sous-nos-fenetres-c-est-insoutenable-la-vogue-des-marrons-crispe-les-riverains-qui-reclament-la-fin-des-maneges-a-hurlements\" rel=\"nofollow noopener\" target=\"_blank\">\u00ab\u00a0Six semaines de cris sous nos fen\u00eatres, c\u2019est insoutenable\u00a0\u00bb\u00a0: la Vogue des marrons crispe les riverains qui\u00a0r\u00e9clament la fin des&#8230;<\/a><\/strong><\/p>\n","protected":false},"excerpt":{"rendered":"Il a d\u00e9m\u00e9nag\u00e9 de Villeurbanne pour une location \u00e0 Dardilly, il y a quelque temps, avec sa femme&hellip;\n","protected":false},"author":2,"featured_media":454375,"comment_status":"","ping_status":"","sticky":false,"template":"","format":"standard","meta":{"footnotes":""},"categories":[1889],"tags":[1111,11,2430,3542,29359,3153,436,1777,674,1011,27,2428,12,1800,25,2429,20284,2803],"class_list":{"0":"post-454374","1":"post","2":"type-post","3":"status-publish","4":"format-standard","5":"has-post-thumbnail","7":"category-lyon","8":"tag-actu","9":"tag-actualites","10":"tag-auvergne-rhone-alpes","11":"tag-circulation","12":"tag-dardilly","13":"tag-edition-ouest-lyonnais","14":"tag-environnement","15":"tag-eu","16":"tag-europe","17":"tag-fr","18":"tag-france","19":"tag-lyon","20":"tag-news","21":"tag-pollution","22":"tag-republique-francaise","23":"tag-rhone","24":"tag-tassin-la-demi-lune-bassin","25":"tag-transport"},"share_on_mastodon":{"url":"https:\/\/pubeurope.com\/@fr\/115354101634930511","error":""},"_links":{"self":[{"href":"https:\/\/www.europesays.com\/fr\/wp-json\/wp\/v2\/posts\/454374","targetHints":{"allow":["GET"]}}],"collection":[{"href":"https:\/\/www.europesays.com\/fr\/wp-json\/wp\/v2\/posts"}],"about":[{"href":"https:\/\/www.europesays.com\/fr\/wp-json\/wp\/v2\/types\/post"}],"author":[{"embeddable":true,"href":"https:\/\/www.europesays.com\/fr\/wp-json\/wp\/v2\/users\/2"}],"replies":[{"embeddable":true,"href":"https:\/\/www.europesays.com\/fr\/wp-json\/wp\/v2\/comments?post=454374"}],"version-history":[{"count":0,"href":"https:\/\/www.europesays.com\/fr\/wp-json\/wp\/v2\/posts\/454374\/revisions"}],"wp:featuredmedia":[{"embeddable":true,"href":"https:\/\/www.europesays.com\/fr\/wp-json\/wp\/v2\/media\/454375"}],"wp:attachment":[{"href":"https:\/\/www.europesays.com\/fr\/wp-json\/wp\/v2\/media?parent=454374"}],"wp:term":[{"taxonomy":"category","embeddable":true,"href":"https:\/\/www.europesays.com\/fr\/wp-json\/wp\/v2\/categories?post=454374"},{"taxonomy":"post_tag","embeddable":true,"href":"https:\/\/www.europesays.com\/fr\/wp-json\/wp\/v2\/tags?post=454374"}],"curies":[{"name":"wp","href":"https:\/\/api.w.org\/{rel}","templated":true}]}}