{"id":454376,"date":"2025-10-11T06:24:14","date_gmt":"2025-10-11T06:24:14","guid":{"rendered":"https:\/\/www.europesays.com\/fr\/454376\/"},"modified":"2025-10-11T06:24:14","modified_gmt":"2025-10-11T06:24:14","slug":"delais-a-rallonge-pour-passer-le-permis-de-conduire-en-ile-de-france-cest-toujours-lembouteillage-monstre","status":"publish","type":"post","link":"https:\/\/www.europesays.com\/fr\/454376\/","title":{"rendered":"D\u00e9lais \u00e0 rallonge pour passer le permis de conduire : en \u00cele-de-France, c\u2019est toujours l\u2019embouteillage monstre"},"content":{"rendered":"<p class=\"paragraph text_align_left lp-f-body-02\">Vous voulez passer votre <a href=\"https:\/\/www.leparisien.fr\/futurs\/permis-de-conduire-pourquoi-celui-des-francais-est-envie-dans-le-monde-entier-27-08-2025-52BAOVTGAFHSLB2DRWVBO5SLEU.php\" target=\"_blank\" rel=\"noreferrer noopener\">permis de conduire<\/a> ? Alors il va falloir vous armer de patience. Faute d\u2019embauches suffisantes d\u2019examinateurs, les listes d\u2019attente pour passer l\u2019examen atteignent des sommets, <a href=\"https:\/\/www.leparisien.fr\/societe\/il-ny-a-plus-de-place-pour-passer-le-permis-de-conduire-cest-lembouteillage-11-07-2025-QK7SCKTGIRHEBAPHSPATWFWSRU.php\" target=\"_blank\" rel=\"noreferrer noopener\">particuli\u00e8rement en r\u00e9gion parisienne<\/a>. \u00ab Selon nos estimations, il y aurait 45 000 candidats en attente \u00bb, avance-t-on chez En voiture Simone, une auto-\u00e9cole en ligne.<\/p>\n<p class=\"paragraph text_align_left lp-f-body-02\">Le temps d\u2019attente pour une date d\u2019examen est pass\u00e9 de 40 \u00e0 80 jours en six ans, alors que le d\u00e9lai l\u00e9gal est de 45 jours. Et, en \u00cele-de-France, il peut m\u00eame monter jusqu\u2019\u00e0 huit mois !<\/p>\n","protected":false},"excerpt":{"rendered":"Vous voulez passer votre permis de conduire ? Alors il va falloir vous armer de patience. Faute d\u2019embauches&hellip;\n","protected":false},"author":2,"featured_media":454377,"comment_status":"","ping_status":"","sticky":false,"template":"","format":"standard","meta":{"footnotes":""},"categories":[1592],"tags":[1111,11,1777,674,1011,27,662,1944,12,626,25,104,2382],"class_list":{"0":"post-454376","1":"post","2":"type-post","3":"status-publish","4":"format-standard","5":"has-post-thumbnail","7":"category-ile-de-france","8":"tag-actu","9":"tag-actualites","10":"tag-eu","11":"tag-europe","12":"tag-fr","13":"tag-france","14":"tag-ile-de-france","15":"tag-ma-ville","16":"tag-news","17":"tag-paris","18":"tag-republique-francaise","19":"tag-societe","20":"tag-transport-idf-oise"},"share_on_mastodon":{"url":"https:\/\/pubeurope.com\/@fr\/115354105556379312","error":""},"_links":{"self":[{"href":"https:\/\/www.europesays.com\/fr\/wp-json\/wp\/v2\/posts\/454376","targetHints":{"allow":["GET"]}}],"collection":[{"href":"https:\/\/www.europesays.com\/fr\/wp-json\/wp\/v2\/posts"}],"about":[{"href":"https:\/\/www.europesays.com\/fr\/wp-json\/wp\/v2\/types\/post"}],"author":[{"embeddable":true,"href":"https:\/\/www.europesays.com\/fr\/wp-json\/wp\/v2\/users\/2"}],"replies":[{"embeddable":true,"href":"https:\/\/www.europesays.com\/fr\/wp-json\/wp\/v2\/comments?post=454376"}],"version-history":[{"count":0,"href":"https:\/\/www.europesays.com\/fr\/wp-json\/wp\/v2\/posts\/454376\/revisions"}],"wp:featuredmedia":[{"embeddable":true,"href":"https:\/\/www.europesays.com\/fr\/wp-json\/wp\/v2\/media\/454377"}],"wp:attachment":[{"href":"https:\/\/www.europesays.com\/fr\/wp-json\/wp\/v2\/media?parent=454376"}],"wp:term":[{"taxonomy":"category","embeddable":true,"href":"https:\/\/www.europesays.com\/fr\/wp-json\/wp\/v2\/categories?post=454376"},{"taxonomy":"post_tag","embeddable":true,"href":"https:\/\/www.europesays.com\/fr\/wp-json\/wp\/v2\/tags?post=454376"}],"curies":[{"name":"wp","href":"https:\/\/api.w.org\/{rel}","templated":true}]}}