{"id":454378,"date":"2025-10-11T06:25:10","date_gmt":"2025-10-11T06:25:10","guid":{"rendered":"https:\/\/www.europesays.com\/fr\/454378\/"},"modified":"2025-10-11T06:25:10","modified_gmt":"2025-10-11T06:25:10","slug":"on-dissuade-beaucoup-bientot-deux-fois-plus-dagents-de-securite-dans-les-transports-dile-de-france","status":"publish","type":"post","link":"https:\/\/www.europesays.com\/fr\/454378\/","title":{"rendered":"\u00ab\u00a0On dissuade beaucoup\u00a0\u00bb\u00a0: bient\u00f4t deux fois plus d\u2019agents de s\u00e9curit\u00e9 dans les transports d\u2019\u00cele-de-France"},"content":{"rendered":"<p class=\"paragraph text_align_left lp-f-body-02\">Ils \u00e9taient 25 en 2024, sont une centaine aujourd\u2019hui et ils seront deux fois plus d\u2019ici la fin de l\u2019ann\u00e9e. Val\u00e9rie P\u00e9cresse a annonc\u00e9 ce vendredi matin, en gare de Persan-Beaumont (Val-d\u2019Oise), le doublement des effectifs de la Brigade r\u00e9gionale de s\u00fbret\u00e9 des transports (BRT).<\/p>\n<p class=\"paragraph text_align_left lp-f-body-02\">La pr\u00e9sidente de la r\u00e9gion \u00cele-de-France et d\u2019\u00cele-de-France Mobilit\u00e9s a choisi cette gare du nord francilien pour marteler son message : la s\u00e9curit\u00e9 dans les transports reste une priorit\u00e9. Cr\u00e9\u00e9e en juillet 2024, pendant les Jeux olympiques, la BRT va donc passer de 100 \u00e0 200 agents d\u2019ici la fin de l\u2019ann\u00e9e.<\/p>\n","protected":false},"excerpt":{"rendered":"Ils \u00e9taient 25 en 2024, sont une centaine aujourd\u2019hui et ils seront deux fois plus d\u2019ici la fin&hellip;\n","protected":false},"author":2,"featured_media":454379,"comment_status":"","ping_status":"","sticky":false,"template":"","format":"standard","meta":{"footnotes":""},"categories":[1592],"tags":[1111,11,1777,674,1011,27,662,1944,12,626,25,2382],"class_list":{"0":"post-454378","1":"post","2":"type-post","3":"status-publish","4":"format-standard","5":"has-post-thumbnail","7":"category-ile-de-france","8":"tag-actu","9":"tag-actualites","10":"tag-eu","11":"tag-europe","12":"tag-fr","13":"tag-france","14":"tag-ile-de-france","15":"tag-ma-ville","16":"tag-news","17":"tag-paris","18":"tag-republique-francaise","19":"tag-transport-idf-oise"},"share_on_mastodon":{"url":"https:\/\/pubeurope.com\/@fr\/115354109491856266","error":""},"_links":{"self":[{"href":"https:\/\/www.europesays.com\/fr\/wp-json\/wp\/v2\/posts\/454378","targetHints":{"allow":["GET"]}}],"collection":[{"href":"https:\/\/www.europesays.com\/fr\/wp-json\/wp\/v2\/posts"}],"about":[{"href":"https:\/\/www.europesays.com\/fr\/wp-json\/wp\/v2\/types\/post"}],"author":[{"embeddable":true,"href":"https:\/\/www.europesays.com\/fr\/wp-json\/wp\/v2\/users\/2"}],"replies":[{"embeddable":true,"href":"https:\/\/www.europesays.com\/fr\/wp-json\/wp\/v2\/comments?post=454378"}],"version-history":[{"count":0,"href":"https:\/\/www.europesays.com\/fr\/wp-json\/wp\/v2\/posts\/454378\/revisions"}],"wp:featuredmedia":[{"embeddable":true,"href":"https:\/\/www.europesays.com\/fr\/wp-json\/wp\/v2\/media\/454379"}],"wp:attachment":[{"href":"https:\/\/www.europesays.com\/fr\/wp-json\/wp\/v2\/media?parent=454378"}],"wp:term":[{"taxonomy":"category","embeddable":true,"href":"https:\/\/www.europesays.com\/fr\/wp-json\/wp\/v2\/categories?post=454378"},{"taxonomy":"post_tag","embeddable":true,"href":"https:\/\/www.europesays.com\/fr\/wp-json\/wp\/v2\/tags?post=454378"}],"curies":[{"name":"wp","href":"https:\/\/api.w.org\/{rel}","templated":true}]}}