{"id":454383,"date":"2025-10-11T06:28:12","date_gmt":"2025-10-11T06:28:12","guid":{"rendered":"https:\/\/www.europesays.com\/fr\/454383\/"},"modified":"2025-10-11T06:28:12","modified_gmt":"2025-10-11T06:28:12","slug":"paris-on-a-visite-le-palace-george-v-icone-de-lhotellerie-mondiale-apres-sa-renovation","status":"publish","type":"post","link":"https:\/\/www.europesays.com\/fr\/454383\/","title":{"rendered":"Paris\u00a0: on a visit\u00e9 le palace George\u00a0V, \u00ab\u00a0ic\u00f4ne de l\u2019h\u00f4tellerie mondiale\u00a0\u00bb, apr\u00e8s sa r\u00e9novation"},"content":{"rendered":"<p class=\"paragraph text_align_left lp-f-body-02\">La maison va bient\u00f4t f\u00eater ses 100 ans. Un si\u00e8cle de prestige au c\u0153ur du <a href=\"https:\/\/www.leparisien.fr\/paris-75\/paris-dans-le-triangle-dor-une-partie-de-monopoly-se-joue-a-ciel-ouvert-26-02-2025-RQ5EL4BXIVCFZLH766UXWXURNI.php\" target=\"_blank\" rel=\"noreferrer nofollow noopener\">Triangle d\u2019or<\/a> (Paris VIIIe) en 2028 pour l\u2019un des \u00e9tablissements h\u00f4teliers les plus r\u00e9put\u00e9s de la plan\u00e8te. Si les d\u00e9corations d\u2019anniversaire attendront, de nouvelles compositions florales, un duo d\u2019hortensias et de gla\u00efeuls, accueillent les clients du Four Seasons Hotel George V Paris. Depuis 25 ans, l\u2019Am\u00e9ricain Jeff Leatham, tel un \u00ab magicien \u00bb, colore ce qu\u2019il surnomme \u00ab le palace des fleurs \u00bb.<\/p>\n","protected":false},"excerpt":{"rendered":"La maison va bient\u00f4t f\u00eater ses 100 ans. Un si\u00e8cle de prestige au c\u0153ur du Triangle d\u2019or (Paris&hellip;\n","protected":false},"author":2,"featured_media":454384,"comment_status":"","ping_status":"","sticky":false,"template":"","format":"standard","meta":{"footnotes":""},"categories":[1888],"tags":[11,1777,674,1011,27,1944,12,626,25],"class_list":{"0":"post-454383","1":"post","2":"type-post","3":"status-publish","4":"format-standard","5":"has-post-thumbnail","7":"category-paris","8":"tag-actualites","9":"tag-eu","10":"tag-europe","11":"tag-fr","12":"tag-france","13":"tag-ma-ville","14":"tag-news","15":"tag-paris","16":"tag-republique-francaise"},"share_on_mastodon":{"url":"https:\/\/pubeurope.com\/@fr\/115354121577738080","error":""},"_links":{"self":[{"href":"https:\/\/www.europesays.com\/fr\/wp-json\/wp\/v2\/posts\/454383","targetHints":{"allow":["GET"]}}],"collection":[{"href":"https:\/\/www.europesays.com\/fr\/wp-json\/wp\/v2\/posts"}],"about":[{"href":"https:\/\/www.europesays.com\/fr\/wp-json\/wp\/v2\/types\/post"}],"author":[{"embeddable":true,"href":"https:\/\/www.europesays.com\/fr\/wp-json\/wp\/v2\/users\/2"}],"replies":[{"embeddable":true,"href":"https:\/\/www.europesays.com\/fr\/wp-json\/wp\/v2\/comments?post=454383"}],"version-history":[{"count":0,"href":"https:\/\/www.europesays.com\/fr\/wp-json\/wp\/v2\/posts\/454383\/revisions"}],"wp:featuredmedia":[{"embeddable":true,"href":"https:\/\/www.europesays.com\/fr\/wp-json\/wp\/v2\/media\/454384"}],"wp:attachment":[{"href":"https:\/\/www.europesays.com\/fr\/wp-json\/wp\/v2\/media?parent=454383"}],"wp:term":[{"taxonomy":"category","embeddable":true,"href":"https:\/\/www.europesays.com\/fr\/wp-json\/wp\/v2\/categories?post=454383"},{"taxonomy":"post_tag","embeddable":true,"href":"https:\/\/www.europesays.com\/fr\/wp-json\/wp\/v2\/tags?post=454383"}],"curies":[{"name":"wp","href":"https:\/\/api.w.org\/{rel}","templated":true}]}}