{"id":454385,"date":"2025-10-11T06:29:11","date_gmt":"2025-10-11T06:29:11","guid":{"rendered":"https:\/\/www.europesays.com\/fr\/454385\/"},"modified":"2025-10-11T06:29:11","modified_gmt":"2025-10-11T06:29:11","slug":"un-corps-delite-de-vrais-athletes-les-pompiers-de-paris-vont-enflammer-la-piste-du-cirque-dhiver-bouglione","status":"publish","type":"post","link":"https:\/\/www.europesays.com\/fr\/454385\/","title":{"rendered":"\u00ab\u00a0Un corps d\u2019\u00e9lite de vrais athl\u00e8tes\u00a0\u00bb\u00a0: les pompiers de Paris vont enflammer la piste du Cirque d\u2019Hiver Bouglione"},"content":{"rendered":"<p class=\"paragraph text_align_left lp-f-body-02\">Et soudain, <a href=\"https:\/\/www.leparisien.fr\/paris-75\/paris-michel-palmer-monsieur-loyal-du-cirque-bouglione-a-realise-son-reve-de-gosse-26-10-2021-T7532H4GIVHPRKKLOKPK65WLFM.php\" target=\"_self\" rel=\"nofollow noopener\">Monsieur Loyal<\/a>, le ma\u00eetre de c\u00e9r\u00e9monie dans sa redingote rouge, pr\u00e9sente le clou du spectacle. \u00ab Merci d\u2019accueillir ces v\u00e9ritables h\u00e9ros du quotidien, la brigade de sapeurs-pompiers de Paris ! \u00bb Sur la piste circulaire du <a href=\"https:\/\/www.leparisien.fr\/paris-75\/paris-au-cirque-bouglione-les-femmes-tiennent-les-renes-13-12-2022-B7DVOXTL4BDGHP527TU7TYO4F4.php\" target=\"_self\" rel=\"nofollow noopener\">Cirque d\u2019Hiver Bouglione<\/a> \u00e0 Paris (<a href=\"https:\/\/www.leparisien.fr\/paris-75\/paris-75011\/\" target=\"_blank\" rel=\"noreferrer nofollow noopener\">XIe arrondissement<\/a>), cinq soldats du feu en tenue d\u2019intervention accompagn\u00e9s de quatre acrobates, \u00e9chelles et lances \u00e0 eau dans les mains, s\u2019envolent dans les airs et encha\u00eenent les cabrioles.<\/p>\n<p class=\"paragraph text_align_left lp-f-body-02\">Ils sont l\u2019une des attractions du nouveau spectacle annuel du plus ancien cirque de Paris, \u00ab Tempo \u00bb, dont la saison s\u2019ouvre ce samedi. Pour la premi\u00e8re fois, la section gymnastique de <a href=\"https:\/\/www.leparisien.fr\/paris-75\/paris-comment-les-pompiers-ont-divise-par-4-le-nombres-de-deplacements-inutiles-apres-des-canulars-21-03-2025-7YAQMP5RA5EP7DDWP53U3QDQB4.php\" target=\"_self\" rel=\"nofollow noopener\">la brigade de sapeurs-pompiers de Paris (BSPP)<\/a> int\u00e8gre la troupe d\u2019artistes d\u2019excellence du Cirque d\u2019Hiver Bouglione pour un num\u00e9ro d\u2019exception.<\/p>\n","protected":false},"excerpt":{"rendered":"Et soudain, Monsieur Loyal, le ma\u00eetre de c\u00e9r\u00e9monie dans sa redingote rouge, pr\u00e9sente le clou du spectacle. \u00ab&hellip;\n","protected":false},"author":2,"featured_media":454386,"comment_status":"","ping_status":"","sticky":false,"template":"","format":"standard","meta":{"footnotes":""},"categories":[1888],"tags":[11,872,1777,674,1011,27,1944,12,626,25],"class_list":{"0":"post-454385","1":"post","2":"type-post","3":"status-publish","4":"format-standard","5":"has-post-thumbnail","7":"category-paris","8":"tag-actualites","9":"tag-culture-et-loisirs","10":"tag-eu","11":"tag-europe","12":"tag-fr","13":"tag-france","14":"tag-ma-ville","15":"tag-news","16":"tag-paris","17":"tag-republique-francaise"},"share_on_mastodon":{"url":"https:\/\/pubeurope.com\/@fr\/115354125212967606","error":""},"_links":{"self":[{"href":"https:\/\/www.europesays.com\/fr\/wp-json\/wp\/v2\/posts\/454385","targetHints":{"allow":["GET"]}}],"collection":[{"href":"https:\/\/www.europesays.com\/fr\/wp-json\/wp\/v2\/posts"}],"about":[{"href":"https:\/\/www.europesays.com\/fr\/wp-json\/wp\/v2\/types\/post"}],"author":[{"embeddable":true,"href":"https:\/\/www.europesays.com\/fr\/wp-json\/wp\/v2\/users\/2"}],"replies":[{"embeddable":true,"href":"https:\/\/www.europesays.com\/fr\/wp-json\/wp\/v2\/comments?post=454385"}],"version-history":[{"count":0,"href":"https:\/\/www.europesays.com\/fr\/wp-json\/wp\/v2\/posts\/454385\/revisions"}],"wp:featuredmedia":[{"embeddable":true,"href":"https:\/\/www.europesays.com\/fr\/wp-json\/wp\/v2\/media\/454386"}],"wp:attachment":[{"href":"https:\/\/www.europesays.com\/fr\/wp-json\/wp\/v2\/media?parent=454385"}],"wp:term":[{"taxonomy":"category","embeddable":true,"href":"https:\/\/www.europesays.com\/fr\/wp-json\/wp\/v2\/categories?post=454385"},{"taxonomy":"post_tag","embeddable":true,"href":"https:\/\/www.europesays.com\/fr\/wp-json\/wp\/v2\/tags?post=454385"}],"curies":[{"name":"wp","href":"https:\/\/api.w.org\/{rel}","templated":true}]}}