{"id":454387,"date":"2025-10-11T06:30:19","date_gmt":"2025-10-11T06:30:19","guid":{"rendered":"https:\/\/www.europesays.com\/fr\/454387\/"},"modified":"2025-10-11T06:30:19","modified_gmt":"2025-10-11T06:30:19","slug":"vos-questions-rdc-demantelement-dun-reseau-clandestin-dexploitation-dor","status":"publish","type":"post","link":"https:\/\/www.europesays.com\/fr\/454387\/","title":{"rendered":"[Vos questions] RDC : d\u00e9mant\u00e8lement d\u2019un r\u00e9seau clandestin d\u2019exploitation d\u2019or"},"content":{"rendered":"<p>\n                                                Les journalistes et experts de RFI r\u00e9pondent \u00e9galement \u00e0 vos questions sur l&rsquo;aide chinoise \u00e0 la Russie dans la guerre et les p\u00e9nuries d&rsquo;essence en Russie.                    <\/p>\n<p>                                                                RDC : d\u00e9mant\u00e8lement d\u2019un r\u00e9seau clandestin d\u2019exploitation d\u2019or\u00a0\u00a0 <\/p>\n<p>Une vaste op\u00e9ration men\u00e9e dans la province du Haut-U\u00e9l\u00e9, dans le nord-est de la RDC, a permis de d\u00e9manteler un r\u00e9seau d\u2019exploitation ill\u00e9gale d\u2019or impliquant des ressortissants chinois.\u00a0Comment ce r\u00e9seau a-t-il pu op\u00e9rer en toute ill\u00e9galit\u00e9 ? Quelles mesures les autorit\u00e9s mettent-elles en place pour mettre fin \u00e0 la fraude mini\u00e8re ?<\/p>\n<p><strong>Avec <a href=\"https:\/\/www.rfi.fr\/fr\/auteur\/patient-ligodi\/\" target=\"_self\" rel=\"nofollow noopener\">Patient Ligodi<\/a>, journaliste au service Afrique de RFI.\u00a0\u00a0<\/strong><\/p>\n<p>\u00a0<\/p>\n<p> Guerre en Ukraine : comment la Chine facilite les bombardements russes\u00a0?\u00a0 <\/p>\n<p>Kiev accuse P\u00e9kin de jouer un r\u00f4le indirect dans les attaques russes en fournissant \u00e0 Moscou des renseignements satellitaires pour lui permettre de mieux cibler les infrastructures ukrainiennes. Quel int\u00e9r\u00eat la Chine aurait-elle \u00e0 coop\u00e9rer avec la Russie alors qu&rsquo;officiellement elle affiche une neutralit\u00e9 dans le conflit ? Quels sont les risques diplomatiques pour la Chine si ces soup\u00e7ons se confirment ?\u00a0\u00a0\u00a0<\/p>\n<p><strong>Avec <a href=\"https:\/\/www.inalco.fr\/annuaire-enseignement-recherche\/veron-emmanuel\" target=\"_blank\" rel=\"nofollow noopener\">Emmanuel V\u00e9ron<\/a>, g\u00e9ographe, sp\u00e9cialiste de la Chine contemporaine, chercheur associ\u00e9 \u00e0 l\u2019Inalco, membre de l&rsquo;IFRAE.\u00a0\u00a0<\/strong><\/p>\n<p>\u00a0<\/p>\n<p> Russie : des p\u00e9nuries d\u2019essence apr\u00e8s des attaques ukrainiennes \u00a0\u00a0 <\/p>\n<p>Troisi\u00e8me producteur mondial de p\u00e9trole, la Russie se retrouve \u00e0 court d&rsquo;essence apr\u00e8s une s\u00e9rie d\u2019attaques de drones ukrainiens sur de nombreuses raffineries. Cette p\u00e9nurie peut-elle affecter la logistique militaire russe, notamment sur le front ukrainien ? Cette situation pourrait-elle perturber le march\u00e9 mondial du p\u00e9trole ?\u00a0<\/p>\n<p><strong>Avec <a href=\"https:\/\/x.com\/UBounat?ref_src=twsrc^google|twcamp^serp|twgr^author\" target=\"_blank\" rel=\"nofollow\">Ulrich Bounat<\/a>, analyste g\u00e9opolitique, chercheur-associ\u00e9 chez Euro Cr\u00e9ative.<\/strong><\/p>\n<p>\u00a0<\/p>\n<p><strong>Et en fin d&rsquo;\u00e9mission, la chronique\u00a0\u00ab Un \u0153il sur les r\u00e9seaux \u00bb de Jessica Taieb. Au programme, une pol\u00e9mique au Togo alors que les internautes peuvent d\u00e9sormais \u00eatre sanctionn\u00e9s par la justice pour un commentaire, un \u00ab j&rsquo;aime \u00bb ou un partage sur des publications jug\u00e9es \u00ab illicites \u00bb par les autorit\u00e9s.<\/strong><\/p>\n","protected":false},"excerpt":{"rendered":"Les journalistes et experts de RFI r\u00e9pondent \u00e9galement \u00e0 vos questions sur l&rsquo;aide chinoise \u00e0 la Russie dans&hellip;\n","protected":false},"author":2,"featured_media":454388,"comment_status":"","ping_status":"","sticky":false,"template":"","format":"standard","meta":{"footnotes":""},"categories":[1591],"tags":[11,4872,309,1887,9042,12,844,4873,1885,1886,132,220],"class_list":{"0":"post-454387","1":"post","2":"type-post","3":"status-publish","4":"format-standard","5":"has-post-thumbnail","7":"category-russie","8":"tag-actualites","9":"tag-appels-sur-lactualite","10":"tag-chine","11":"tag-federation-de-russie","12":"tag-la-guerre-en-ukraine-au-jour-le-jour","13":"tag-news","14":"tag-petrole","15":"tag-rdc","16":"tag-russia","17":"tag-russian-federation","18":"tag-russie","19":"tag-ukraine"},"share_on_mastodon":{"url":"https:\/\/pubeurope.com\/@fr\/115354129135580652","error":""},"_links":{"self":[{"href":"https:\/\/www.europesays.com\/fr\/wp-json\/wp\/v2\/posts\/454387","targetHints":{"allow":["GET"]}}],"collection":[{"href":"https:\/\/www.europesays.com\/fr\/wp-json\/wp\/v2\/posts"}],"about":[{"href":"https:\/\/www.europesays.com\/fr\/wp-json\/wp\/v2\/types\/post"}],"author":[{"embeddable":true,"href":"https:\/\/www.europesays.com\/fr\/wp-json\/wp\/v2\/users\/2"}],"replies":[{"embeddable":true,"href":"https:\/\/www.europesays.com\/fr\/wp-json\/wp\/v2\/comments?post=454387"}],"version-history":[{"count":0,"href":"https:\/\/www.europesays.com\/fr\/wp-json\/wp\/v2\/posts\/454387\/revisions"}],"wp:featuredmedia":[{"embeddable":true,"href":"https:\/\/www.europesays.com\/fr\/wp-json\/wp\/v2\/media\/454388"}],"wp:attachment":[{"href":"https:\/\/www.europesays.com\/fr\/wp-json\/wp\/v2\/media?parent=454387"}],"wp:term":[{"taxonomy":"category","embeddable":true,"href":"https:\/\/www.europesays.com\/fr\/wp-json\/wp\/v2\/categories?post=454387"},{"taxonomy":"post_tag","embeddable":true,"href":"https:\/\/www.europesays.com\/fr\/wp-json\/wp\/v2\/tags?post=454387"}],"curies":[{"name":"wp","href":"https:\/\/api.w.org\/{rel}","templated":true}]}}