{"id":454389,"date":"2025-10-11T06:31:11","date_gmt":"2025-10-11T06:31:11","guid":{"rendered":"https:\/\/www.europesays.com\/fr\/454389\/"},"modified":"2025-10-11T06:31:11","modified_gmt":"2025-10-11T06:31:11","slug":"comment-les-russes-confisquent-en-masse-des-logements-en-ukraine","status":"publish","type":"post","link":"https:\/\/www.europesays.com\/fr\/454389\/","title":{"rendered":"comment les Russes confisquent en masse des logements en Ukraine"},"content":{"rendered":"<p>Plus le temps passe et plus cette politique complique la perspective d\u2019une future d\u00e9soccupation. \u00abImaginez qu\u2019elle ait lieu : je rentre chez moi, j\u2019ouvre la porte, et je trouve des Russes qui m\u2019affirment qu\u2019ils ont pay\u00e9, qu\u2019ils ont contract\u00e9 un cr\u00e9dit et que c\u2019est maintenant leur maison\u2026 Que va-t-il se passer alors ?\u00bb, s\u2019interroge Vira, d\u00e9sempar\u00e9e. Pour Myroslava et Oleh, leur seul espoir est que l\u2019arm\u00e9e ukrainienne lib\u00e8re leur ville natale de Melitopol. \u00abJe suis persuad\u00e9e qu\u2019on y retournera et qu\u2019on r\u00e9cup\u00e9rera notre maison\u00bb, souffle Anna, la fille d\u2019Oleh, devenue adulte. Inspir\u00e9e par cette exp\u00e9rience, la jeune femme a commenc\u00e9 des \u00e9tudes de droit international \u00e0 Kiev. \u00abUne maison, ce n\u2019est pas que des murs, c\u2019est une partie de nous qu\u2019ils ont vol\u00e9e\u00bb, lance Myroslava, \u00abJe ne veux pas envoyer des missiles sur la Russie enti\u00e8re. Je veux que ce crime ne reste pas impuni\u2026 Je veux juste rentrer chez moi.\u00bb<\/p>\n","protected":false},"excerpt":{"rendered":"Plus le temps passe et plus cette politique complique la perspective d\u2019une future d\u00e9soccupation. \u00abImaginez qu\u2019elle ait lieu&hellip;\n","protected":false},"author":2,"featured_media":454390,"comment_status":"","ping_status":"","sticky":false,"template":"","format":"standard","meta":{"footnotes":""},"categories":[1590],"tags":[11,2120,1777,674,131,12,132,220,135],"class_list":{"0":"post-454389","1":"post","2":"type-post","3":"status-publish","4":"format-standard","5":"has-post-thumbnail","7":"category-ukraine","8":"tag-actualites","9":"tag-conflit","10":"tag-eu","11":"tag-europe","12":"tag-guerre-en-ukraine","13":"tag-news","14":"tag-russie","15":"tag-ukraine","16":"tag-vladimir-poutine"},"share_on_mastodon":{"url":"https:\/\/pubeurope.com\/@fr\/115354133072477797","error":""},"_links":{"self":[{"href":"https:\/\/www.europesays.com\/fr\/wp-json\/wp\/v2\/posts\/454389","targetHints":{"allow":["GET"]}}],"collection":[{"href":"https:\/\/www.europesays.com\/fr\/wp-json\/wp\/v2\/posts"}],"about":[{"href":"https:\/\/www.europesays.com\/fr\/wp-json\/wp\/v2\/types\/post"}],"author":[{"embeddable":true,"href":"https:\/\/www.europesays.com\/fr\/wp-json\/wp\/v2\/users\/2"}],"replies":[{"embeddable":true,"href":"https:\/\/www.europesays.com\/fr\/wp-json\/wp\/v2\/comments?post=454389"}],"version-history":[{"count":0,"href":"https:\/\/www.europesays.com\/fr\/wp-json\/wp\/v2\/posts\/454389\/revisions"}],"wp:featuredmedia":[{"embeddable":true,"href":"https:\/\/www.europesays.com\/fr\/wp-json\/wp\/v2\/media\/454390"}],"wp:attachment":[{"href":"https:\/\/www.europesays.com\/fr\/wp-json\/wp\/v2\/media?parent=454389"}],"wp:term":[{"taxonomy":"category","embeddable":true,"href":"https:\/\/www.europesays.com\/fr\/wp-json\/wp\/v2\/categories?post=454389"},{"taxonomy":"post_tag","embeddable":true,"href":"https:\/\/www.europesays.com\/fr\/wp-json\/wp\/v2\/tags?post=454389"}],"curies":[{"name":"wp","href":"https:\/\/api.w.org\/{rel}","templated":true}]}}