{"id":454391,"date":"2025-10-11T06:32:12","date_gmt":"2025-10-11T06:32:12","guid":{"rendered":"https:\/\/www.europesays.com\/fr\/454391\/"},"modified":"2025-10-11T06:32:12","modified_gmt":"2025-10-11T06:32:12","slug":"usa-donald-trump-en-sante-exceptionnelle-selon-son-medecin-11-10-2025-a-0809","status":"publish","type":"post","link":"https:\/\/www.europesays.com\/fr\/454391\/","title":{"rendered":"USA-Donald Trump en \u00ab\u00a0sant\u00e9 exceptionnelle\u00a0\u00bb, selon son m\u00e9decin &#8211; 11\/10\/2025 \u00e0 08:09"},"content":{"rendered":"<p>\n par Trevor Hunnicutt, Gram Slattery et Steve Holland\n<\/p>\n<p>\n Le pr\u00e9sident<br \/>\nam\u00e9ricain Donald Trump est en \u00ab\u00a0sant\u00e9 exceptionnelle\u00a0\u00bb, a affirm\u00e9<br \/>\nvendredi son m\u00e9decin Sean Barbabella dans une note diffus\u00e9e par<br \/>\nla Maison blanche, pr\u00e9cisant que son \u00ab\u00a0\u00e2ge cardiaque\u00a0\u00bb est<br \/>\ninf\u00e9rieur de 14 ans \u00e0 son \u00e2ge r\u00e9el.\n<\/p>\n<p>\n \u00c2g\u00e9 de 79 ans, Donald Trump est devenu en janvier le<br \/>\npr\u00e9sident le plus \u00e2g\u00e9 \u00e0 entrer en fonction aux \u00c9tats-Unis. Il<br \/>\nest \u00e9galement le deuxi\u00e8me plus \u00e2g\u00e9 \u00e0 avoir exerc\u00e9 cette fonction<br \/>\ndans l&rsquo;histoire du pays.\n<\/p>\n<p>\n Depuis son retour \u00e0 la Maison blanche, le pr\u00e9sident<br \/>\nr\u00e9publicain a maintenu un rythme soutenu et continue d&rsquo;afficher<br \/>\nun go\u00fbt prononc\u00e9 pour la viande rouge. Il pr\u00e9voit de se rendre<br \/>\nau Proche-Orient dimanche, apr\u00e8s avoir n\u00e9goci\u00e9 un accord de<br \/>\ncessez-le-feu \u00e0 Gaza.\n<\/p>\n<p>\n \u00ab\u00a0Donald Trump reste en sant\u00e9 exceptionnelle, pr\u00e9sentant de<br \/>\nsolides performances cardiovasculaires, pulmonaires,<br \/>\nneurologiques et physiques\u00a0\u00bb, a \u00e9crit Sean Barbabella dans une<br \/>\nnote adress\u00e9e \u00e0 la porte-parole de la Maison blanche Karoline<br \/>\nLeavitt.\n<\/p>\n<p>\n Le pr\u00e9sident a \u00e9galement re\u00e7u des examens de sant\u00e9<br \/>\npr\u00e9ventifs et des vaccins, notamment contre la grippe<br \/>\nsaisonni\u00e8re et une dose de rappel actualis\u00e9e contre le COVID-19,<br \/>\nen pr\u00e9vision de son prochain d\u00e9placement \u00e0 l&rsquo;\u00e9tranger.\n<\/p>\n<p>\n \u00ab\u00a0Son \u00e2ge cardiaque \u2013 une mesure valid\u00e9e de la vitalit\u00e9<br \/>\ncardiovasculaire via ECG \u2013 a \u00e9t\u00e9 estim\u00e9 \u00e0 environ 14 ans de<br \/>\nmoins que son \u00e2ge chronologique\u00a0\u00bb, pr\u00e9cise la note, qui ne<br \/>\ncomporte que quelques paragraphes.\n<\/p>\n<p>\n La sant\u00e9 de Donald Trump est scrut\u00e9e de pr\u00e8s, un an apr\u00e8s<br \/>\nque Joe Biden a renonc\u00e9 \u00e0 briguer un second mandat en 2024, sur<br \/>\nfond de doutes concernant sa capacit\u00e9 \u00e0 exercer ses fonctions.<br \/>\nDurant la campagne pr\u00e9sidentielle de l&rsquo;an dernier, Donald Trump<br \/>\navait mis en avant sa vitalit\u00e9 pour se d\u00e9marquer de son rival<br \/>\nd\u00e9mocrate.\n<\/p>\n<p>\n Vendredi matin, il s&rsquo;est rendu au centre m\u00e9dical militaire<br \/>\nnational Walter Reed, \u00e0 Bethesda (Maryland), pour un examen<br \/>\nm\u00e9dical annuel de routine, ainsi qu&rsquo;une rencontre avec des<br \/>\nmilitaires et une prise de parole.\n<\/p>\n<p>\n Cette visite intervient six mois apr\u00e8s un examen physique<br \/>\napprofondi. Une note publi\u00e9e \u00e0 l&rsquo;issue de cet examen en avril<br \/>\nindiquait que Trump mesurait 1,90 m\u00e8tre (6 pieds 3 pouces),<br \/>\npesait 102 kg (224 livres) et pr\u00e9sentait un taux de cholest\u00e9rol<br \/>\nbien contr\u00f4l\u00e9. Le document saluait \u00e9galement sa robustesse et<br \/>\nses performances au golf.\n<\/p>\n<p>\n En juillet, la Maison blanche avait r\u00e9v\u00e9l\u00e9 que Trump<br \/>\nsouffrait d&rsquo;un gonflement des jambes et d&rsquo;ecchymoses \u00e0 la main<br \/>\ndroite, apr\u00e8s la diffusion de photos montrant ses chevilles<br \/>\nenfl\u00e9es et une zone maquill\u00e9e sur sa main.\n<\/p>\n<p>\n Sean Barbabella avait alors pr\u00e9cis\u00e9 que les examens m\u00e9dicaux<br \/>\navaient conclu \u00e0 une \u00ab\u00a0insuffisance veineuse chronique\u00a0\u00bb, une<br \/>\naffection b\u00e9nigne et fr\u00e9quente chez les personnes de plus de 70<br \/>\nans. Il avait \u00e9galement attribu\u00e9 les ecchymoses \u00e0 une irritation<br \/>\nmineure des tissus mous, caus\u00e9e par des poign\u00e9es de main<br \/>\nfr\u00e9quentes et la prise d&rsquo;aspirine dans le cadre d&rsquo;un \u00ab\u00a0traitement<br \/>\nstandard de pr\u00e9vention cardiovasculaire\u00a0\u00bb.\n<\/p>\n<p>\n Depuis, la Maison blanche a minimis\u00e9 les inqui\u00e9tudes<br \/>\nconcernant la sant\u00e9 du pr\u00e9sident, sans d\u00e9tailler les modalit\u00e9s<br \/>\nde traitement du probl\u00e8me veineux.\n<\/p>\n<p>\n En 2020, lors de son premier mandat, la Maison blanche avait<br \/>\nlivr\u00e9 des \u00e9valuations contradictoires et opaques sur l&rsquo;\u00e9tat de<br \/>\nsant\u00e9 de Trump apr\u00e8s sa contamination au COVID-19.\n<\/p>\n<p>\n (version fran\u00e7aise Nicolas Delame)<\/p>\n","protected":false},"excerpt":{"rendered":"par Trevor Hunnicutt, Gram Slattery et Steve Holland Le pr\u00e9sident am\u00e9ricain Donald Trump est en \u00ab\u00a0sant\u00e9 exceptionnelle\u00a0\u00bb, a&hellip;\n","protected":false},"author":2,"featured_media":2486,"comment_status":"","ping_status":"","sticky":false,"template":"","format":"standard","meta":{"footnotes":""},"categories":[1589],"tags":[400,11,398,408,405,73,1866,403,402,399,404,12,401,406,1864,1865,1863,308,407],"class_list":{"0":"post-454391","1":"post","2":"type-post","3":"status-publish","4":"format-standard","5":"has-post-thumbnail","7":"category-etats-unis","8":"tag-action-cac-40","9":"tag-actualites","10":"tag-bourse-de-paris","11":"tag-boursorama","12":"tag-cotations","13":"tag-etats-unis","14":"tag-etats-unis-damerique","15":"tag-indices-devises","16":"tag-investir","17":"tag-investissement","18":"tag-marche-boursier","19":"tag-news","20":"tag-sicav","21":"tag-trackers","22":"tag-united-states","23":"tag-united-states-of-america","24":"tag-us","25":"tag-usa","26":"tag-warrants"},"share_on_mastodon":{"url":"https:\/\/pubeurope.com\/@fr\/115354137017475252","error":""},"_links":{"self":[{"href":"https:\/\/www.europesays.com\/fr\/wp-json\/wp\/v2\/posts\/454391","targetHints":{"allow":["GET"]}}],"collection":[{"href":"https:\/\/www.europesays.com\/fr\/wp-json\/wp\/v2\/posts"}],"about":[{"href":"https:\/\/www.europesays.com\/fr\/wp-json\/wp\/v2\/types\/post"}],"author":[{"embeddable":true,"href":"https:\/\/www.europesays.com\/fr\/wp-json\/wp\/v2\/users\/2"}],"replies":[{"embeddable":true,"href":"https:\/\/www.europesays.com\/fr\/wp-json\/wp\/v2\/comments?post=454391"}],"version-history":[{"count":0,"href":"https:\/\/www.europesays.com\/fr\/wp-json\/wp\/v2\/posts\/454391\/revisions"}],"wp:featuredmedia":[{"embeddable":true,"href":"https:\/\/www.europesays.com\/fr\/wp-json\/wp\/v2\/media\/2486"}],"wp:attachment":[{"href":"https:\/\/www.europesays.com\/fr\/wp-json\/wp\/v2\/media?parent=454391"}],"wp:term":[{"taxonomy":"category","embeddable":true,"href":"https:\/\/www.europesays.com\/fr\/wp-json\/wp\/v2\/categories?post=454391"},{"taxonomy":"post_tag","embeddable":true,"href":"https:\/\/www.europesays.com\/fr\/wp-json\/wp\/v2\/tags?post=454391"}],"curies":[{"name":"wp","href":"https:\/\/api.w.org\/{rel}","templated":true}]}}