{"id":454394,"date":"2025-10-11T06:34:25","date_gmt":"2025-10-11T06:34:25","guid":{"rendered":"https:\/\/www.europesays.com\/fr\/454394\/"},"modified":"2025-10-11T06:34:25","modified_gmt":"2025-10-11T06:34:25","slug":"lallemagne-deroule-la-belgique-et-la-suede-galerent-mondial-2026-qualifs-europe-resume","status":"publish","type":"post","link":"https:\/\/www.europesays.com\/fr\/454394\/","title":{"rendered":"L\u2019Allemagne d\u00e9roule, la Belgique et la Su\u00e8de gal\u00e8rent &#8211; Mondial 2026 &#8211; Qualifs Europe &#8211; R\u00e9sum\u00e9"},"content":{"rendered":"<p>Le plus important en Su\u00e8de cette semaine, c\u2019\u00e9tait les remises des prix Nobel.<\/p>\n<p>Peu de buts, un seul match dingue, le multiplex de la soir\u00e9e europ\u00e9enne de qualifications au Mondial a \u00e9t\u00e9 timide. Gr\u00e2ce \u00e0 un seul penalty sign\u00e9 Granit Xhaka, la Suisse bat la Su\u00e8de et confirme son statut de favori du groupe B <strong>(2-0)<\/strong>. La Su\u00e8de, qui aurait pu \u00e9galiser par Alexander Isak juste avant la mi-temps, rate tout dans ce d\u00e9but de parcours de qualifications. Son attaque \u00e0 210 millions d\u2019euros n\u2019a marqu\u00e9 que deux buts en trois matchs. L\u2019avenir de Jon Dahl Tomasson s\u2019\u00e9crit en pointill\u00e9. Les Bl\u00e5gult, qui ont jou\u00e9 devant 50 000 personnes ce soir, sont derniers de leur groupe, alors que Kosovo et Slov\u00e9nie ont fait match nul <strong>(0-0)<\/strong>.<\/p>\n<p>Sur le m\u00eame score, avec pourtant Kevin De Bruyne, Jeremy Doku, Leandro Trossard et pas mal de jolis noms, la Belgique de Rudi Garcia a \u00e9t\u00e9 incapable de battre la Mac\u00e9doine du Nord \u00e0 domicile, \u00e0 Gand, malgr\u00e9 une nette domination <strong>(0-0)<\/strong>. Les Belges n\u2019ont qu\u2019un point d\u2019avance sur le Pays de Galles, leur futur adversaire. L\u2019ogre du groupe reste premier, peut-\u00eatre gr\u00e2ce \u00e0 l\u2019activit\u00e9 d\u2019un certain Tihomir Kostadinov. Rien \u00e0 voir avec le bourreau des Bleus : il est milieu de terrain au Sigma Olomouc. En Tch\u00e9quie, bien s\u00fbr.<\/p>\n<p>L\u2019Allemagne d\u00e9roule<\/p>\n<p>Dans le groupe A, l\u2019Irlande du Nord s\u2019est impos\u00e9e contre la Slovaquie<strong> (2-0)<\/strong>, et rejoint son adversaire du soir et l\u2019Allemagne en t\u00eate du groupe. Sans Jamal Musiala, Antonio R\u00fcdiger, ni Marc-Andr\u00e9 ter Stegen, la Mannschaft a logiquement d\u00e9roul\u00e9 contre le Luxembourg. Pour autant, le score <strong>(4-0)<\/strong>\u00a0para\u00eet peu \u00e9lev\u00e9 par rapport au fait que le Luxembourg a \u00e9t\u00e9 r\u00e9duit \u00e0 10 d\u00e8s la 20e minute. Allemagne et Irlande du Nord s\u2019affrontent la semaine prochaine.<\/p>\n<p>Festival de buts dans le groupe de la France<\/p>\n<p>S\u2019il y a bien un endroit o\u00f9 il fallait \u00eatre ce soir, c\u2019est dans le groupe de l\u2019\u00e9quipe de France : en Islande. L\u2019\u00eele a \u00e9t\u00e9 men\u00e9e \u00e0 trois reprises et a fini par l\u00e2cher contre l\u2019Ukraine<strong> (3-5)<\/strong>. Les deux \u00e9quipes se disputeront la place de barragiste.<\/p>\n<p>Les multiplex de National sont plus sympas.<\/p>\n<p><img decoding=\"async\" loading=\"lazy\" class=\"blason blason-grand\" src=\"https:\/\/www.europesays.com\/fr\/wp-content\/uploads\/2025\/05\/1748654169_748_grande.jpg\"\/> Allemagne 4-0 Luxembourg <img decoding=\"async\" loading=\"lazy\" class=\"blason blason-grand\" src=\"https:\/\/www.europesays.com\/fr\/wp-content\/uploads\/2025\/09\/1757283026_990_grande.jpg\"\/><\/p>\n<p>Buts : Raum (12e), Kimmich ( 21e SP et 50e) et Gnabry (48e) pour les Allemands<\/p>\n<p>Expulsion : Carlson (20e) c\u00f4t\u00e9 luxembourgeois<\/p>\n<p><img decoding=\"async\" loading=\"lazy\" class=\"blason blason-grand\" src=\"https:\/\/www.europesays.com\/fr\/wp-content\/uploads\/2025\/09\/1757283025_631_grande.jpg\"\/>Irlande du Nord 2-0 Slovaquie<img decoding=\"async\" loading=\"lazy\" class=\"blason blason-grand\" src=\"https:\/\/www.europesays.com\/fr\/wp-content\/uploads\/2025\/09\/1757283026_643_grande.jpg\"\/><\/p>\n<p>Buts : Hro\u0161ovsk\u00fd (CSC, 18e) et Hume (81e) pour les Nord-Irlandais<\/p>\n<p><img decoding=\"async\" loading=\"lazy\" class=\"blason blason-grand\" src=\"https:\/\/www.europesays.com\/fr\/wp-content\/uploads\/2025\/05\/1748654174_998_grande.jpg\"\/> Su\u00e8de 0-2 Suisse <img decoding=\"async\" loading=\"lazy\" class=\"blason blason-grand\" src=\"https:\/\/www.europesays.com\/fr\/wp-content\/uploads\/2025\/05\/1748654172_567_grande.jpg\"\/><\/p>\n<p>Buts : Xhaka ( 64e SP) et Manzambi (90e+4) pour les Suisses<\/p>\n<p><img decoding=\"async\" loading=\"lazy\" class=\"blason blason-grand\" src=\"https:\/\/www.europesays.com\/fr\/wp-content\/uploads\/2025\/09\/1757371759_932_grande.jpg\"\/> Kosovo 0-0 Slov\u00e9nie <img decoding=\"async\" loading=\"lazy\" class=\"blason blason-grand\" src=\"https:\/\/www.europesays.com\/fr\/wp-content\/uploads\/2025\/09\/1757371761_489_grande.jpg\"\/><br \/>\n<img decoding=\"async\" loading=\"lazy\" class=\"blason blason-grand\" src=\"https:\/\/www.europesays.com\/fr\/wp-content\/uploads\/2025\/05\/1748654172_488_grande.jpg\"\/> Islande 3-5 Ukraine <img decoding=\"async\" loading=\"lazy\" class=\"blason blason-grand\" src=\"https:\/\/www.europesays.com\/fr\/wp-content\/uploads\/2025\/10\/1760164463_301_grande.jpg\"\/><\/p>\n<p>Buts : Ellertsson (35e), Gudmundsson (59e et 75e) pour les Islandais \/\/ Malinovskyi (14e et 45e+5), Gutsulyak (45e), Kaliuzhny (85e) et Ocheretko (89e) pour les Ukrainiens<\/p>\n<p><img decoding=\"async\" loading=\"lazy\" class=\"blason blason-grand\" src=\"https:\/\/www.europesays.com\/fr\/wp-content\/uploads\/2025\/05\/1748654173_99_grande.jpg\"\/> Belgique 0-0 Mac\u00e9doine du Nord <img decoding=\"async\" loading=\"lazy\" class=\"blason blason-grand\" src=\"https:\/\/www.europesays.com\/fr\/wp-content\/uploads\/2025\/10\/1760164465_943_grande.jpg\"\/><br \/>\n\t\t\t\t\t\t\t\t\t\t<a class=\"lien-connexe\" href=\"https:\/\/www.sofoot.com\/breves\/touche-a-la-cheville-kylian-mbappe-ne-fera-pas-le-voyage-en-islande-et-va-rejoindre-le-real-madrid\" rel=\"nofollow noopener\" target=\"_blank\">Kylian Mbapp\u00e9 ne sera pas du voyage en Islande<\/a>\t\t\t\t\t<\/p>\n","protected":false},"excerpt":{"rendered":"Le plus important en Su\u00e8de cette semaine, c\u2019\u00e9tait les remises des prix Nobel. Peu de buts, un seul&hellip;\n","protected":false},"author":2,"featured_media":454395,"comment_status":"","ping_status":"","sticky":false,"template":"","format":"standard","meta":{"footnotes":""},"categories":[1587],"tags":[47,11,61,672,69,1804,65,1805,1803,64,1777,674,63,1801,68,66,12,62,70,1802,67],"class_list":{"0":"post-454394","1":"post","2":"type-post","3":"status-publish","4":"format-standard","5":"has-post-thumbnail","7":"category-allemagne","8":"tag-actualite","9":"tag-actualites","10":"tag-actus-football","11":"tag-allemagne","12":"tag-bundesliga","13":"tag-bundesrepublik-deutschland","14":"tag-championnats-europeens","15":"tag-de","16":"tag-deutschland","17":"tag-equipe-de-france","18":"tag-eu","19":"tag-europe","20":"tag-football","21":"tag-germany","22":"tag-ligua","23":"tag-ligue-1","24":"tag-news","25":"tag-news-foot","26":"tag-premier-league","27":"tag-republique-federale-dallemagne","28":"tag-serie-a"},"share_on_mastodon":{"url":"https:\/\/pubeurope.com\/@fr\/115354146217339486","error":""},"_links":{"self":[{"href":"https:\/\/www.europesays.com\/fr\/wp-json\/wp\/v2\/posts\/454394","targetHints":{"allow":["GET"]}}],"collection":[{"href":"https:\/\/www.europesays.com\/fr\/wp-json\/wp\/v2\/posts"}],"about":[{"href":"https:\/\/www.europesays.com\/fr\/wp-json\/wp\/v2\/types\/post"}],"author":[{"embeddable":true,"href":"https:\/\/www.europesays.com\/fr\/wp-json\/wp\/v2\/users\/2"}],"replies":[{"embeddable":true,"href":"https:\/\/www.europesays.com\/fr\/wp-json\/wp\/v2\/comments?post=454394"}],"version-history":[{"count":0,"href":"https:\/\/www.europesays.com\/fr\/wp-json\/wp\/v2\/posts\/454394\/revisions"}],"wp:featuredmedia":[{"embeddable":true,"href":"https:\/\/www.europesays.com\/fr\/wp-json\/wp\/v2\/media\/454395"}],"wp:attachment":[{"href":"https:\/\/www.europesays.com\/fr\/wp-json\/wp\/v2\/media?parent=454394"}],"wp:term":[{"taxonomy":"category","embeddable":true,"href":"https:\/\/www.europesays.com\/fr\/wp-json\/wp\/v2\/categories?post=454394"},{"taxonomy":"post_tag","embeddable":true,"href":"https:\/\/www.europesays.com\/fr\/wp-json\/wp\/v2\/tags?post=454394"}],"curies":[{"name":"wp","href":"https:\/\/api.w.org\/{rel}","templated":true}]}}