{"id":454398,"date":"2025-10-11T06:36:13","date_gmt":"2025-10-11T06:36:13","guid":{"rendered":"https:\/\/www.europesays.com\/fr\/454398\/"},"modified":"2025-10-11T06:36:13","modified_gmt":"2025-10-11T06:36:13","slug":"si-lue-ne-maitrise-pas-les-technologies-quelle-veut-encadrer-elle-deviendra-une-commentatrice-impuissante","status":"publish","type":"post","link":"https:\/\/www.europesays.com\/fr\/454398\/","title":{"rendered":"\u00ab\u00a0Si l\u2019UE ne ma\u00eetrise pas les technologies qu\u2019elle veut encadrer, elle deviendra une commentatrice impuissante\u00a0\u00bb"},"content":{"rendered":"\n<p class=\"article__paragraph  \"><a href=\"https:\/\/www.lemonde.fr\/economie\/article\/2024\/09\/09\/le-cri-d-alarme-de-mario-draghi-sur-le-decrochage-de-l-economie-europeenne_6309670_3234.html\" rel=\"nofollow noopener\" target=\"_blank\">Le rapport Draghi<\/a> [sur l\u2019\u00e9conomie europ\u00e9enne] a f\u00eat\u00e9 son premier anniversaire il y a quelques jours, l\u2019occasion de rappeler le constat amer d\u2019un d\u00e9crochage europ\u00e9en, qui semble d\u00e9sormais inexorable. Mario Draghi [ancien pr\u00e9sident de la Banque centrale europ\u00e9enne] est parvenu \u00e0 instaurer un relatif consensus sur les difficult\u00e9s de notre continent, mais notre mod\u00e8le \u00e9conomique continue de s\u2019essouffler. Surtout, il met \u00e0 l\u2019\u00e9preuve l\u2019id\u00e9e selon laquelle nos valeurs, fragiles mais bien r\u00e9elles, peuvent encore coexister avec un monde toujours plus concurrentiel, rapide et instable.<\/p>\n<p class=\"article__paragraph  \"><a href=\"https:\/\/www.lemonde.fr\/livres\/article\/2025\/09\/18\/europe-la-vie-sans-les-etats-unis-mode-d-emploi_6641619_3260.html\" rel=\"nofollow noopener\" target=\"_blank\">Or ces valeurs, nous y sommes attach\u00e9s<\/a>. Elles s\u2019incarnent d\u2019abord dans notre mod\u00e8le social et redistributif, qui continue de prot\u00e9ger les travailleurs et maintient un niveau d\u2019in\u00e9galit\u00e9s parmi les plus faibles au monde. Elles se manifestent aussi dans nos r\u00e9gulations, qui prot\u00e8gent les citoyens comme nulle part ailleurs, et garantissent un temps de vie hors de l\u2019entreprise.<\/p>\n<p class=\"article__paragraph  \">Enfin, elles se traduisent par une action climatique et environnementale, sans doute toujours insuffisante, mais incontestablement plus volontariste et stable qu\u2019en bien d\u2019autres r\u00e9gions. A tout cela s\u2019ajoute un attachement profond, grav\u00e9 dans nos trait\u00e9s, \u00e0 une concurrence pure, \u00e0 une certaine rigueur budg\u00e9taire et aux vertus du libre-\u00e9change.<\/p>\n<p class=\"article__paragraph  \">Mais ces valeurs ont un co\u00fbt lorsqu\u2019elles se transforment en r\u00e8gles et en pratique qui freinent la prise de risque, limitent l\u2019agilit\u00e9 de l\u2019action publique et alourdissent le fonctionnement des entreprises. Les cons\u00e9quences sont connues\u00a0: retard d\u2019ex\u00e9cution, difficult\u00e9 \u00e0 transformer la recherche en innovation, \u00e0 mobiliser l\u2019\u00e9pargne, \u00e0 industrialiser nos d\u00e9couvertes scientifiques, \u00e0 ma\u00eetriser les technologies-cl\u00e9s et \u00e0 retenir nos entreprises les plus innovantes. Chaque semaine, un nouvel indicateur rappelle le d\u00e9crochage technologique du continent, et de la France en particulier.<\/p>\n<p>                              Lire le d\u00e9cryptage (2023) |  Article r\u00e9serv\u00e9 \u00e0 nos abonn\u00e9s  <a href=\"https:\/\/www.lemonde.fr\/economie\/article\/2023\/12\/05\/le-grand-decrochage-de-la-productivite-en-france_6203940_3234.html\" class=\"js-article-read-also catcher--favoris__link\" data-premium=\"1\" id=\"article-title-3348836\" rel=\"nofollow noopener\" target=\"_blank\">Le grand d\u00e9crochage de la productivit\u00e9 en France<\/a>    <\/p>\n<p>   Lire plus tard  <\/p>\n<p class=\"article__paragraph  \">L\u2019Union europ\u00e9enne a rat\u00e9 la r\u00e9volution informatique puis num\u00e9rique, et les gains de croissance qui les accompagnaient. Aujourd\u2019hui, les m\u00eames freins continuent d\u2019agir\u00a0: proc\u00e9dures trop lentes, march\u00e9s fragment\u00e9s, financements dispers\u00e9s, frilosit\u00e9 au risque. En cons\u00e9quence, nous prenons d\u00e9j\u00e0 du retard dans les technologies du XXIe\u00a0si\u00e8cle\u00a0: intelligence artificielle, biotechnologies ou v\u00e9hicules autonomes. Cette perte de vitesse n\u2019est plus seulement une question de comp\u00e9titivit\u00e9. Dans un monde fragment\u00e9, elle devient une question de souverainet\u00e9.<\/p>\n<p class=\"reading-mode-only \"><strong>Il vous reste 58.14% de cet article \u00e0 lire. La suite est r\u00e9serv\u00e9e aux abonn\u00e9s.<\/strong><\/p>\n","protected":false},"excerpt":{"rendered":"Le rapport Draghi [sur l\u2019\u00e9conomie europ\u00e9enne] a f\u00eat\u00e9 son premier anniversaire il y a quelques jours, l\u2019occasion de&hellip;\n","protected":false},"author":2,"featured_media":454399,"comment_status":"","ping_status":"","sticky":false,"template":"","format":"standard","meta":{"footnotes":""},"categories":[1586],"tags":[11,1777,674,1779,1011,27,12,25,1778,364],"class_list":{"0":"post-454398","1":"post","2":"type-post","3":"status-publish","4":"format-standard","5":"has-post-thumbnail","7":"category-europe","8":"tag-actualites","9":"tag-eu","10":"tag-europe","11":"tag-european-union","12":"tag-fr","13":"tag-france","14":"tag-news","15":"tag-republique-francaise","16":"tag-ue","17":"tag-union-europeenne"},"share_on_mastodon":{"url":"https:\/\/pubeurope.com\/@fr\/115354152784486241","error":""},"_links":{"self":[{"href":"https:\/\/www.europesays.com\/fr\/wp-json\/wp\/v2\/posts\/454398","targetHints":{"allow":["GET"]}}],"collection":[{"href":"https:\/\/www.europesays.com\/fr\/wp-json\/wp\/v2\/posts"}],"about":[{"href":"https:\/\/www.europesays.com\/fr\/wp-json\/wp\/v2\/types\/post"}],"author":[{"embeddable":true,"href":"https:\/\/www.europesays.com\/fr\/wp-json\/wp\/v2\/users\/2"}],"replies":[{"embeddable":true,"href":"https:\/\/www.europesays.com\/fr\/wp-json\/wp\/v2\/comments?post=454398"}],"version-history":[{"count":0,"href":"https:\/\/www.europesays.com\/fr\/wp-json\/wp\/v2\/posts\/454398\/revisions"}],"wp:featuredmedia":[{"embeddable":true,"href":"https:\/\/www.europesays.com\/fr\/wp-json\/wp\/v2\/media\/454399"}],"wp:attachment":[{"href":"https:\/\/www.europesays.com\/fr\/wp-json\/wp\/v2\/media?parent=454398"}],"wp:term":[{"taxonomy":"category","embeddable":true,"href":"https:\/\/www.europesays.com\/fr\/wp-json\/wp\/v2\/categories?post=454398"},{"taxonomy":"post_tag","embeddable":true,"href":"https:\/\/www.europesays.com\/fr\/wp-json\/wp\/v2\/tags?post=454398"}],"curies":[{"name":"wp","href":"https:\/\/api.w.org\/{rel}","templated":true}]}}