{"id":454406,"date":"2025-10-11T06:40:16","date_gmt":"2025-10-11T06:40:16","guid":{"rendered":"https:\/\/www.europesays.com\/fr\/454406\/"},"modified":"2025-10-11T06:40:16","modified_gmt":"2025-10-11T06:40:16","slug":"stephen-curry-vise-le-pga-tour-champions-apres-le-basket","status":"publish","type":"post","link":"https:\/\/www.europesays.com\/fr\/454406\/","title":{"rendered":"Stephen Curry vise le PGA Tour Champions apr\u00e8s le basket"},"content":{"rendered":"<p>\t\t\t\t\t\t<img width=\"770\" height=\"556\" src=\"https:\/\/www.europesays.com\/fr\/wp-content\/uploads\/2025\/10\/afp__20250709__2223705182__v10__highres__practiceroundday1acccelebritygolfchampionsh-770x556.jpg\" class=\"img-responsive wp-post-image\" alt=\"\" decoding=\"async\" fetchpriority=\"high\"  \/>\t\t\t\t\t<\/p>\n<p>\t\t\t\t\t\t Partager cet article <\/p>\n<p class=\"screen-reader-text juiz_sps_maybe_hidden_text\">Partager la publication \u00ab\u00a0Stephen Curry vise le PGA Tour Champions apr\u00e8s le basket\u00a0\u00bb<\/p>\n<p><strong>Passionn\u00e9 de golf, Stephen Curry imagine d\u00e9j\u00e0 son avenir sur le PGA Tour Champions tout en continuant de soutenir les jeunes golfeurs d\u00e9favoris\u00e9s.<\/strong><\/p>\n<p>\t\t\t\t\t<a id=\"185373\" href=\"https:\/\/eu.dunlopsports.com\/cleveland-golf\/clubs\/wedges\/cbz\" target=\"_blank\" rel=\"sponsorised nofollow noopener\"><img decoding=\"async\" src=\"data:image\/svg+xml,%3Csvg%20xmlns=\" http:=\"\" class=\"img-responsive\" alt=\"\" data-lazy-src=\"https:\/\/www.europesays.com\/fr\/wp-content\/uploads\/2025\/09\/cleveland-e18-wedges-cbz-1170x275-1.jpg\"\/><\/a><\/p>\n<p>La superstar de la NBA <strong>Stephen Curry<\/strong>, qui investit d\u00e9j\u00e0 dans la promotion des jeunes talents issus de communaut\u00e9s sous-repr\u00e9sent\u00e9es par le biais de <a href=\"https:\/\/www.golfplanete.com\/actualites\/le-basketteur-stephen-curry-lance-un-mini-circuit-pour-les-jeunes-golfeurs-defavorises\/\" rel=\"nofollow noopener\" target=\"_blank\">l\u2019<strong>Underrated Golf Tour<\/strong><\/a>, envisage une carri\u00e8re professionnelle sur le <strong>PGA Tour Champions<\/strong> une fois qu\u2019il sera retrait\u00e9 des parquets.<\/p>\n<p>Ag\u00e9 de 37 ans, celui qui est consid\u00e9r\u00e9 comme le meilleur tireur de l\u2019histoire du basket-ball a maintenu un handicap de +2 alors qu\u2019il ne joue que deux fois par mois pendant l\u2019intersaison. Il a d\u00e9j\u00e0 particip\u00e9 \u00e0 deux tournois du <strong>Korn Ferry Tour<\/strong>\u00a0dont il a manqu\u00e9 le cut, mais sans \u00eatre ridicule pour autant. Steph Curry a aussi d\u00e9j\u00e0 montr\u00e9 la pr\u00e9cision dont il \u00e9tait capable clubs en mains \u00e0 de nombreuses reprises.<\/p>\n<blockquote class=\"twitter-tweet\" data-media-max-width=\"560\"><p>&#13;<\/p>\n<p dir=\"ltr\" lang=\"en\">HOLE-IN-ONE FOR <a href=\"https:\/\/twitter.com\/StephenCurry30?ref_src=twsrc%5Etfw\" rel=\"nofollow noopener\" target=\"_blank\">@StephenCurry30<\/a>!!! <a href=\"https:\/\/t.co\/aMEMeVretq\" rel=\"nofollow\">pic.twitter.com\/aMEMeVretq<\/a><\/p>\n<p>&#13;<br \/>\n&#13;<br \/>\n\u2014 PGA TOUR (@PGATOUR) <a href=\"https:\/\/twitter.com\/PGATOUR\/status\/1680290179158884355?ref_src=twsrc%5Etfw\" rel=\"nofollow noopener\" target=\"_blank\">July 15, 2023<\/a><\/p><\/blockquote>\n<p>Aux yeux de certains comme <strong>Jordan Spieth<\/strong>, une deuxi\u00e8me carri\u00e8re sportive sur le PGA Tour Champions, m\u00eame s\u2019il ne sera \u00e9ligible que dans 13 ans, n\u2019est pas totalement irr\u00e9aliste.<\/p>\n<blockquote><p>&#13;<br \/>\nCe serait certainement un objectif ambitieux. Mais c\u2019est quelque chose que je vais certainement essayer de r\u00e9aliser.&#13;<\/p>\n<p>Stephen Curry<\/p>\n<p>&#13;\n<\/p><\/blockquote>\n<p>\u00ab C\u2019est certainement dans mes projets. Je le dis avec tout le respect que je dois au niveau des joueurs du Champions Tour. Je sais que cela ne sera pas facile. Tout le monde me demande si je vais essayer d\u2019aller \u00e0 la Q School quand j\u2019aurai fini de jouer, a-t-il expliqu\u00e9 dans une interview dont bunkered a publi\u00e9 des extraits sur <a href=\"https:\/\/www.bunkered.co.uk\/golf-news\/stephen-curry-pga-tour-champions-is-on-my-radar-when-i-retire\/\" target=\"_blank\" rel=\"noopener nofollow\">son site web<\/a>. Il n\u2019en est pas question, car je sais ce que cela m\u2019obligerait \u00e0 faire pour franchir ce cap. Mais si je parviens \u00e0 maintenir mon niveau de golf, c\u2019est fou ce que vous dites \u2013 dans 13 ans \u2013, mais l\u2019id\u00e9e que le golf est un sport pour la vie, si je peux rester en bonne sant\u00e9, rester souple, aller sur le parcours et me qualifier, passer par les qualifications du lundi pour un \u00e9v\u00e9nement du Champions Tour, ce serait certainement un objectif ambitieux. Mais c\u2019est quelque chose que je vais certainement essayer de r\u00e9aliser. \u00bb<\/p>\n<p>Dans un avenir plus proche, il a confi\u00e9 qu\u2019il pourrait participer \u00e0 un tournoi du <strong>PGA Tour<\/strong> gr\u00e2ce \u00e0 une invitation d\u2019un sponsor \u00ab\u00a0si le moment et l\u2019occasion \u00e9taient propices\u00a0\u00bb.<\/p>\n<p>\t\t\t\t\t<a id=\"187759\" href=\"https:\/\/leclub-golf.com\/fr\/private-card\/offre-15-mois-carte-classic?utm_source=golf+planete&amp;utm_medium=referral&amp;utm_campaign=15+mois+offerts+classic&amp;utm_id=15+mois+offerts+classic__golf+planete_referral_banner\" target=\"_blank\" rel=\"sponsorised nofollow noopener\"><img decoding=\"async\" src=\"data:image\/svg+xml,%3Csvg%20xmlns=\" http:=\"\" class=\"img-responsive\" alt=\"\" data-lazy-src=\"https:\/\/www.europesays.com\/fr\/wp-content\/uploads\/2025\/09\/leclubgolf-e12-douceur-automne-1170x275-1.jpg\"\/><\/a><\/p>\n<p>Photo\u00a0: David Calvert \/ Getty Images via AFP<\/p>\n<p>\t\t\t<script async src=\"https:\/\/platform.twitter.com\/widgets.js\" charset=\"utf-8\"><\/script><\/p>\n","protected":false},"excerpt":{"rendered":"Partager cet article Partager la publication \u00ab\u00a0Stephen Curry vise le PGA Tour Champions apr\u00e8s le basket\u00a0\u00bb Passionn\u00e9 de&hellip;\n","protected":false},"author":2,"featured_media":454407,"comment_status":"","ping_status":"","sticky":false,"template":"","format":"standard","meta":{"footnotes":""},"categories":[1418],"tags":[1011,27,1472,60],"class_list":{"0":"post-454406","1":"post","2":"type-post","3":"status-publish","4":"format-standard","5":"has-post-thumbnail","7":"category-golf","8":"tag-fr","9":"tag-france","10":"tag-golf","11":"tag-sports"},"share_on_mastodon":{"url":"https:\/\/pubeurope.com\/@fr\/115354168857850074","error":""},"_links":{"self":[{"href":"https:\/\/www.europesays.com\/fr\/wp-json\/wp\/v2\/posts\/454406","targetHints":{"allow":["GET"]}}],"collection":[{"href":"https:\/\/www.europesays.com\/fr\/wp-json\/wp\/v2\/posts"}],"about":[{"href":"https:\/\/www.europesays.com\/fr\/wp-json\/wp\/v2\/types\/post"}],"author":[{"embeddable":true,"href":"https:\/\/www.europesays.com\/fr\/wp-json\/wp\/v2\/users\/2"}],"replies":[{"embeddable":true,"href":"https:\/\/www.europesays.com\/fr\/wp-json\/wp\/v2\/comments?post=454406"}],"version-history":[{"count":0,"href":"https:\/\/www.europesays.com\/fr\/wp-json\/wp\/v2\/posts\/454406\/revisions"}],"wp:featuredmedia":[{"embeddable":true,"href":"https:\/\/www.europesays.com\/fr\/wp-json\/wp\/v2\/media\/454407"}],"wp:attachment":[{"href":"https:\/\/www.europesays.com\/fr\/wp-json\/wp\/v2\/media?parent=454406"}],"wp:term":[{"taxonomy":"category","embeddable":true,"href":"https:\/\/www.europesays.com\/fr\/wp-json\/wp\/v2\/categories?post=454406"},{"taxonomy":"post_tag","embeddable":true,"href":"https:\/\/www.europesays.com\/fr\/wp-json\/wp\/v2\/tags?post=454406"}],"curies":[{"name":"wp","href":"https:\/\/api.w.org\/{rel}","templated":true}]}}