{"id":454410,"date":"2025-10-11T06:42:11","date_gmt":"2025-10-11T06:42:11","guid":{"rendered":"https:\/\/www.europesays.com\/fr\/454410\/"},"modified":"2025-10-11T06:42:11","modified_gmt":"2025-10-11T06:42:11","slug":"le-stade-francais-attend-encore-pour-revoir-la-vie-en-rose","status":"publish","type":"post","link":"https:\/\/www.europesays.com\/fr\/454410\/","title":{"rendered":"le Stade Fran\u00e7ais attend encore pour revoir la vie en rose"},"content":{"rendered":"<p>\n    Rassur\u00e9s par leur d\u00e9but de saison, les Parisiens attendent de valider leur renouveau ce samedi contre La Rochelle avant de se r\u00e9jouir. Mais les raisons d\u2019y croire ne manquent pas.<\/p>\n<p class=\"fig-paragraph\">Le pire n\u2019est jamais certain. Demandez au Stade Fran\u00e7ais. \u00c0 la peine toute la saison derni\u00e8re, on pr\u00e9disait au club parisien une nouvelle ann\u00e9e difficile, \u00e0 lutter pour le maintien. Alors, quand on bout de cinq journ\u00e9es de Top 14, on retrouve les Soldats roses \u00e0 la\u00a0<a href=\"https:\/\/www.lefigaro.fr\/sports\/rugby\/top-14\/classement\" target=\"_blank\" rel=\"sponsored noopener nofollow\" data-gtm-custom-categorie=\"navigation\" data-gtm-custom-action=\"crossclick\" data-gtm-custom-label=\"Contextuel\" data-gtm-event=\"customEventSPE\">2e place du classement<\/a>, la tonalit\u00e9 change. Bonne surprise, retour au sommet, promesses pour l\u2019avenir. L\u2019emballement est \u00e0 la hauteur du pronostic initial.<\/p>\n<p class=\"fig-paragraph\">Ce changement radical d\u2019optique ne trompe cependant pas les Parisiens. \u00c0 l\u2019image de l\u2019entra\u00eeneur en charge de l\u2019attaque, Morgan Parra. \u00abOn est tr\u00e8s prudent, s\u2019agacerait presque l\u2019ancien demi de m\u00eal\u00e9e du XV de France. On est content mais on ne s\u2019enflamme pas. On sait d\u2019o\u00f9 on vient. On sait qu\u2019il faut encore travailler pour valider la victoire \u00e0 Perpignan. Aujourd\u2019hui, on n\u2019a aucune certitude. Tout est fragile. On n\u2019en est qu\u2019\u00e0 la 5e journ\u00e9e. Peut-\u00eatre qu\u2019\u00e0 la 11e on jouera le maintien\u2026 On est mieux mais on esp\u00e8re un gros match dans tous les secteurs ce samedi face aux Rochelais. On verra alors si on est dans le vrai\u2026\u00bb<\/p>\n<blockquote class=\"fig-quote&#10;    \">\n<p class=\"fig-quote__text\">On est all\u00e9 chercher des points importants \u00e0 Perpignan, mais ce n\u2019est pas une finalit\u00e9. Si tu valides \u00e0 domicile, l\u00e0 oui, ce sera fondateur\u00a0\u00bb<\/p>\n<p>            Morgan Parra, entra\u00eeneur des trois-quarts parisiens\n    <\/p><\/blockquote>\n<p>                                    <a class=\"fig-a11y-skip a11y-hidden\" href=\"#fig-a11y-skip-main-inarticle\"><br \/>\n        Passer la publicit\u00e9<br \/>\n    <\/a><\/p>\n<p class=\"fig-paragraph\">Les Parisiens ont trop souffert la saison derni\u00e8re, \u00e9chappant d\u2019un rien, lors de la derni\u00e8re journ\u00e9e de la saison r\u00e9guli\u00e8re, au p\u00e9rilleux Access Match contre le pr\u00e9tendant de Pro D2 \u00e0 la mont\u00e9e, pour se voir trop beaux. Le jeu offensif qui para\u00eet plus emballant\u00a0? \u00abOn fait un peu plus de passes, conc\u00e8de Morgan Parra. On est dans le bon tempo mais on sait que \u00e7a reste tr\u00e8s fragile.\u00bb Et de se montrer, logiquement, plus exigeant. \u00abOn veut toujours plus. Mais il y a d\u00e9j\u00e0 une \u00e9volution. Les joueurs prennent les choses en main. Il faut garder cette stabilit\u00e9 tout en perfectionnant le jeu \u00e9tape apr\u00e8s \u00e9tape.\u00bb<\/p>\n<p class=\"fig-paragraph\">Le technicien n\u2019en d\u00e9mord pas. Cette r\u00e9ception\u00a0<a href=\"http:\/\/www.lefigaro.fr\/sports\/rugby\/top-14\/top-14-fin-de-cycle-difficultes-a-l-exterieur-combat-defaillant-pourquoi-le-stade-rochelais-est-rentre-dans-le-rang-20251006\" data-fig-type=\"NewsFlash\" data-gtm-custom-categorie=\"navigation\" data-gtm-custom-action=\"crossclick\" data-gtm-custom-label=\"Contextuel\" data-gtm-event=\"customEventSPE\" data-fig-domain=\"LEFIGARO\" rel=\"nofollow noopener\" target=\"_blank\">des Rochelais dans le dur en ce d\u00e9but de saison<\/a>, et donc en qu\u00eate de r\u00e9action, va faire office de juge de paix. Une nouvelle victoire, la 4e en six journ\u00e9es, confirmera les progr\u00e8s du Stade Fran\u00e7ais. La rechute, en revanche, le ferait rentrer dans le rang. \u00abLa Rochelle est un gros morceau. J\u2019ai mis les joueurs en garde. Notre adversaire conna\u00eet les grands rendez-vous, sait r\u00e9pondre dans la difficult\u00e9. On verra contre lui si on est dans le vrai. On est all\u00e9 chercher des points importants \u00e0 Perpignan, mais ce n\u2019est pas une finalit\u00e9. Si tu valides \u00e0 domicile, l\u00e0 oui, ce sera fondateur\u00bb, r\u00e9sume Morgan Parra.<\/p>\n<p>Un staff loyal \u00e0 forte consonance anglo-saxonne<\/p>\n<p class=\"fig-paragraph\">Mais comment expliquer cette m\u00e9tamorphose entrevue depuis le d\u00e9but de la saison\u00a0? L\u2019entra\u00eeneur fait la moue, h\u00e9site \u00e0 r\u00e9pondre, se contente de notions floues. Il constate \u00abde l\u2019application, des joueurs concern\u00e9s, avec un autre d\u2019\u00e9tat d\u2019esprit\u00bb. \u00abIl y a beaucoup de choses qui changent\u00bb, consent-il \u00e0 l\u00e2cher du bout des l\u00e8vres quand il est relanc\u00e9 sur le sujet. \u00abDes changements dans le staff avec un nouveau manager \u2018\u2019entier\u2019\u2019 (l\u2019Anglais Paul Gustard, qui avait \u00e9t\u00e9 promu en cours de saison derni\u00e8re, NDLR), un nouvel entra\u00eeneur de la d\u00e9fense (Rory Kockott), de la m\u00eal\u00e9e (Perry Freshwater)\u2026 Mais rien de r\u00e9volutionnaire.\u00bb<\/p>\n<p class=\"fig-body-link\">\n            \u00c0 lire aussi<br \/>\n        <a class=\"fig-body-link__link\" href=\"http:\/\/www.lefigaro.fr\/sports\/rugby\/top-14\/top-14-coup-dur-pour-zack-henry-et-le-stade-francais-20251010\" data-fig-type=\"NewsFlash\" data-gtm-custom-categorie=\"navigation\" data-gtm-custom-action=\"crossclick\" data-gtm-custom-label=\"Contextuel\" data-gtm-event=\"customEventSPE\" data-fig-domain=\"LEFIGARO\" rel=\"nofollow noopener\" target=\"_blank\">Top 14\u00a0: coup dur pour Zack Henry et le Stade Fran\u00e7ais<br \/>\n    <\/a>\n<\/p>\n<p class=\"fig-paragraph\">Il laisse le soin aux autres d\u2019\u00eatre plus pr\u00e9cis. De souligner qu\u2019il est le seul rescap\u00e9 parmi les adjoints de la saison derni\u00e8re, Paul Gustard ayant eu les coud\u00e9es franches pour constituer un staff qui lui est (enfin) loyal, et \u00e0 forte consonance anglo-saxonne (en plus de Freshwater, N\u00e9o-Z\u00e9landais naturalis\u00e9 Anglais et du Sud-Africain Kockott, le pr\u00e9parateur physique, Scott Crean, est N\u00e9o-Z\u00e9landais et l\u2019entra\u00eeneur des skills, Ian Vass est un compatriote). Sans oublier le renfort de Thibaut Nilles, nouveau pr\u00e9parateur mental.<\/p>\n<p class=\"fig-paragraph\">L\u2019arri\u00e8re international, L\u00e9o Barr\u00e9, pr\u00e9f\u00e8re, lui, insister sur le nouvel \u00e9tat d\u2019esprit des joueurs. \u00abOn s\u2019est remis individuellement en question pour mieux performer cette saison. \u00c0 nous de conserver cette connexion, ce lien, entre les joueurs qu\u2019on a retrouv\u00e9 depuis le d\u00e9but de saison. On r\u00e9pond en \u00e9quipe, et pas qu\u2019en individu. On a plus confiance en nous, en particulier en attaque, et c\u2019est le principal.\u00bb De quoi voir l\u2019avenir en rose\u00a0? \u00abPour l\u2019instant, je touche du bois, on est sur une bonne dynamique. Si on valide ce week-end, on conservera cette euphorie\u00bb, se projette L\u00e9o Barr\u00e9 qui souligne que le large succ\u00e8s \u00e0 domicile face \u00e0 l\u2019UBB \u00aba fait du bien \u00e0 la t\u00eate\u00bb.<\/p>\n<p>                                    <a class=\"fig-a11y-skip a11y-hidden\" href=\"#fig-a11y-skip-main-inarticle_mtf\"><br \/>\n        Passer la publicit\u00e9<br \/>\n    <\/a><\/p>\n<p>Un recrutement minimaliste mais bien cibl\u00e9<\/p>\n<p class=\"fig-paragraph\">Ce renouveau se voit particuli\u00e8rement chez quelques joueurs en difficult\u00e9 la saison derni\u00e8re et qui semblent enfin r\u00e9pondre aux attentes depuis un mois, comme l\u2019ouvreur Louis Carbonel ou le troisi\u00e8me-ligne Yoan Tanga. Dernier volet du renouveau, le recrutement. Minimaliste mais bien cibl\u00e9. Ainsi les centres Tani Vili et Noah Nene (retour de pr\u00eat pour ce jeune talent), ou les\u2026 ex-Rochelais Thierry Pa\u00efva (pilier) et Tawera Kerr-Barlow. Ce dernier, fort de son exp\u00e9rience (ex-All Black, double champion d\u2019Europe avec les Maritimes) a pris les choses en main. Nouveau patron de la l\u00e9gion aux \u00e9clairs. \u00abPaul Gustard souhaitait que j\u2019apporte un peu de maturit\u00e9 et de leadership, parce que le Stade fran\u00e7ais est une \u00e9quipe assez jeune.\u00bb<\/p>\n<p class=\"fig-body-link\">\n            \u00c0 lire aussi<br \/>\n        <a class=\"fig-body-link__link\" href=\"http:\/\/www.lefigaro.fr\/sports\/rugby\/top-14\/top-14-un-international-americain-vient-renforcer-la-melee-du-stade-francais-20251006\" data-fig-type=\"NewsFlash\" data-gtm-custom-categorie=\"navigation\" data-gtm-custom-action=\"crossclick\" data-gtm-custom-label=\"Contextuel\" data-gtm-event=\"customEventSPE\" data-fig-domain=\"LEFIGARO\" rel=\"nofollow noopener\" target=\"_blank\">Top 14\u00a0: un international am\u00e9ricain vient renforcer la m\u00eal\u00e9e du Stade Fran\u00e7ais<br \/>\n    <\/a>\n<\/p>\n<p class=\"fig-paragraph\">Arriv\u00e9 \u00e0 l\u2019intersaison apr\u00e8s huit saisons \u00e0 La Rochelle, le demi de m\u00eal\u00e9e n\u00e9o-z\u00e9landais de 35 ans appuie cependant le discours de prudence. \u00abNous avan\u00e7ons dans la bonne direction, en essayant de renforcer la culture existante ici. Mais le Top 14, c\u2019est une saison tr\u00e8s longue. Donc gardons les pieds sur terre.\u00bb Le leitmotiv dans les rangs des Soldats roses. Ne pas se croire \u00e0 l\u2019abri parce que le Stade Fran\u00e7ais est la premi\u00e8re \u00e9quipe \u00e0 avoir ramen\u00e9 un bonus offensif \u00e0 l\u2019ext\u00e9rieur cette saison.<\/p>\n<blockquote class=\"fig-quote&#10;    \">\n<p class=\"fig-quote__text\">Je suis content de la direction prise par l\u2019\u00e9quipe<\/p>\n<p>            Paul Gustard, manager du Stade Fran\u00e7ais Paris\n    <\/p><\/blockquote>\n<p class=\"fig-paragraph\">\u00abJe suis content de la direction prise par l\u2019\u00e9quipe, r\u00e9sume Paul Gustard. Mais l\u2019important, c\u2019est de garder les deux pieds au sol. Je ne regarde jamais le classement. L\u2019important, \u00e0 mes yeux, c\u2019est de se concentrer sur le process. Cette saison, tous les mecs sont align\u00e9s et il y a un bon \u00e9quilibre, une bonne balance entre le plaisir et le travail. On doit prolonger cet \u00e9tat d\u2019esprit.\u00bb La meilleure mani\u00e8re, apr\u00e8s avoir longtemps gal\u00e9r\u00e9, de viser d\u00e9sormais plus haut.<\/p>\n","protected":false},"excerpt":{"rendered":"Rassur\u00e9s par leur d\u00e9but de saison, les Parisiens attendent de valider leur renouveau ce samedi contre La Rochelle&hellip;\n","protected":false},"author":2,"featured_media":454411,"comment_status":"","ping_status":"","sticky":false,"template":"","format":"standard","meta":{"footnotes":""},"categories":[1416],"tags":[1011,27,57993,479,1468,60,2558],"class_list":{"0":"post-454410","1":"post","2":"type-post","3":"status-publish","4":"format-standard","5":"has-post-thumbnail","7":"category-rugby","8":"tag-fr","9":"tag-france","10":"tag-morgan-parra","11":"tag-rugby","12":"tag-rugby-football","13":"tag-sports","14":"tag-stade-francais"},"share_on_mastodon":{"url":"https:\/\/pubeurope.com\/@fr\/115354176322141415","error":""},"_links":{"self":[{"href":"https:\/\/www.europesays.com\/fr\/wp-json\/wp\/v2\/posts\/454410","targetHints":{"allow":["GET"]}}],"collection":[{"href":"https:\/\/www.europesays.com\/fr\/wp-json\/wp\/v2\/posts"}],"about":[{"href":"https:\/\/www.europesays.com\/fr\/wp-json\/wp\/v2\/types\/post"}],"author":[{"embeddable":true,"href":"https:\/\/www.europesays.com\/fr\/wp-json\/wp\/v2\/users\/2"}],"replies":[{"embeddable":true,"href":"https:\/\/www.europesays.com\/fr\/wp-json\/wp\/v2\/comments?post=454410"}],"version-history":[{"count":0,"href":"https:\/\/www.europesays.com\/fr\/wp-json\/wp\/v2\/posts\/454410\/revisions"}],"wp:featuredmedia":[{"embeddable":true,"href":"https:\/\/www.europesays.com\/fr\/wp-json\/wp\/v2\/media\/454411"}],"wp:attachment":[{"href":"https:\/\/www.europesays.com\/fr\/wp-json\/wp\/v2\/media?parent=454410"}],"wp:term":[{"taxonomy":"category","embeddable":true,"href":"https:\/\/www.europesays.com\/fr\/wp-json\/wp\/v2\/categories?post=454410"},{"taxonomy":"post_tag","embeddable":true,"href":"https:\/\/www.europesays.com\/fr\/wp-json\/wp\/v2\/tags?post=454410"}],"curies":[{"name":"wp","href":"https:\/\/api.w.org\/{rel}","templated":true}]}}