{"id":454412,"date":"2025-10-11T06:43:15","date_gmt":"2025-10-11T06:43:15","guid":{"rendered":"https:\/\/www.europesays.com\/fr\/454412\/"},"modified":"2025-10-11T06:43:15","modified_gmt":"2025-10-11T06:43:15","slug":"open-de-roanne-gautier-larsonneur-gardien-de-lasse-jetais-classe-15-1-il-y-a-trois-ans","status":"publish","type":"post","link":"https:\/\/www.europesays.com\/fr\/454412\/","title":{"rendered":"Open de Roanne. Gautier Larsonneur, gardien de l\u2019ASSE\u00a0: \u00ab\u00a0J\u2019\u00e9tais class\u00e9 15\/1 il y a trois ans\u00a0\u00bb"},"content":{"rendered":"<p>Il est venu \u00e0 Roanne en d\u00e9but de semaine, en toute simplicit\u00e9 avec le speaker de l\u2019ASSE, Emmanuel Demont. <a href=\"https:\/\/www.leprogres.fr\/p\/gautier-larsonneur\" target=\"_blank\" rel=\"noopener\">Gautier Larsonneur<\/a> est un vrai connaisseur de tennis mais pas seulement, de basket \u00e9galement.<\/p>\n<p>\u00ab\u00a0Je suis un tr\u00e8s grand fan de tennis. J\u2019ai eu la chance d\u2019aller \u00e0 Roland-Garros cette ann\u00e9e. Quand je jouais \u00e0 Brest, j\u2019allais au Challenger de Brest, \u00e0 celui de Quimper aussi\u00a0\u00bb, explique le portier de l\u2019ASSE.<\/p>\n<p>Mais cette passion s\u2019explique car le Breton n\u2019a pas connu que le foot dans sa vie. \u00ab\u00a0J\u2019ai pratiqu\u00e9 le tennis jusqu\u2019\u00e0 mes 10-11 ans. Apr\u00e8s, j\u2019ai repris une ann\u00e9e \u00e0 Brest lorsque je jouais moins en \u00e9quipe premi\u00e8re. J\u2019avais le temps, je ne jouais plus dans les buts,&#8230;<\/p>\n","protected":false},"excerpt":{"rendered":"Il est venu \u00e0 Roanne en d\u00e9but de semaine, en toute simplicit\u00e9 avec le speaker de l\u2019ASSE, Emmanuel&hellip;\n","protected":false},"author":2,"featured_media":454413,"comment_status":"","ping_status":"","sticky":false,"template":"","format":"standard","meta":{"footnotes":""},"categories":[1415],"tags":[4000,16734,63,1011,27,3367,9838,20195,517,60,1467],"class_list":{"0":"post-454412","1":"post","2":"type-post","3":"status-publish","4":"format-standard","5":"has-post-thumbnail","7":"category-tennis","8":"tag-asse-as-saint-etienne-football","9":"tag-edition-loire-nord","10":"tag-football","11":"tag-fr","12":"tag-france","13":"tag-loire","14":"tag-roanne","15":"tag-roanne-ville","16":"tag-sport","17":"tag-sports","18":"tag-tennis"},"share_on_mastodon":{"url":"https:\/\/pubeurope.com\/@fr\/115354180195421934","error":""},"_links":{"self":[{"href":"https:\/\/www.europesays.com\/fr\/wp-json\/wp\/v2\/posts\/454412","targetHints":{"allow":["GET"]}}],"collection":[{"href":"https:\/\/www.europesays.com\/fr\/wp-json\/wp\/v2\/posts"}],"about":[{"href":"https:\/\/www.europesays.com\/fr\/wp-json\/wp\/v2\/types\/post"}],"author":[{"embeddable":true,"href":"https:\/\/www.europesays.com\/fr\/wp-json\/wp\/v2\/users\/2"}],"replies":[{"embeddable":true,"href":"https:\/\/www.europesays.com\/fr\/wp-json\/wp\/v2\/comments?post=454412"}],"version-history":[{"count":0,"href":"https:\/\/www.europesays.com\/fr\/wp-json\/wp\/v2\/posts\/454412\/revisions"}],"wp:featuredmedia":[{"embeddable":true,"href":"https:\/\/www.europesays.com\/fr\/wp-json\/wp\/v2\/media\/454413"}],"wp:attachment":[{"href":"https:\/\/www.europesays.com\/fr\/wp-json\/wp\/v2\/media?parent=454412"}],"wp:term":[{"taxonomy":"category","embeddable":true,"href":"https:\/\/www.europesays.com\/fr\/wp-json\/wp\/v2\/categories?post=454412"},{"taxonomy":"post_tag","embeddable":true,"href":"https:\/\/www.europesays.com\/fr\/wp-json\/wp\/v2\/tags?post=454412"}],"curies":[{"name":"wp","href":"https:\/\/api.w.org\/{rel}","templated":true}]}}