{"id":454414,"date":"2025-10-11T06:45:17","date_gmt":"2025-10-11T06:45:17","guid":{"rendered":"https:\/\/www.europesays.com\/fr\/454414\/"},"modified":"2025-10-11T06:45:17","modified_gmt":"2025-10-11T06:45:17","slug":"ou-en-sont-les-autres-grands-prix-de-motogp-avec-leur-contrat","status":"publish","type":"post","link":"https:\/\/www.europesays.com\/fr\/454414\/","title":{"rendered":"O\u00f9 en sont les autres Grands Prix de MotoGP avec leur contrat ?"},"content":{"rendered":"<p>Le calendrier de la saison 2026 du <a href=\"https:\/\/www.autohebdo.fr\/actualites\/motogp\" data-internallinksmanager029f6b8e52c=\"4\" title=\"MotoGP\" rel=\"nofollow noopener\" target=\"_blank\">MotoGP<\/a> a d\u00e9j\u00e0 \u00e9t\u00e9 d\u00e9voil\u00e9, comportera toujours vingt-deux \u00e9preuves inscrites. Cependant, un tiers d\u2019entre elles ne disposent pas encore d\u2019un contrat les liant \u00e0 la discipline \u00e0 plus long terme. Si les machines se m\u00e9tamorphoseront la saison suivante, \u00e0 l\u2019aube d\u2019une grande r\u00e9volution technique, le calendrier pourrait bien lui aussi nous r\u00e9server quelques surprises. L\u2019occasion de se pencher sur les \u00e9ch\u00e9ances des contrats actuellement en vigueur entre les circuits et le MotoGP.<\/p>\n<p>Parmi ceux qui ne disposent pas encore d\u2019un accord \u00e0 long terme, on retrouve des milliers du calendrier MotoGP, tel que le Mugello, h\u00f4te du Grand Prix d\u2019Italie, o\u00f9 encore le circuit de Phillip Island, que la discipline visitera la semaine prochaine \u00e0 l\u2019occasion du Grand Prix d\u2019Australie.<\/p>\n<p>D\u2019autres, au contraire, sont d\u00e9j\u00e0 assur\u00e9s d\u2019accueillir la discipline pour les cinq prochaines ann\u00e9es. C\u2019est notamment le cas du Grand Prix de France, qui se pr\u00e9sente depuis quelques ann\u00e9es comme l\u2019\u00e9v\u00e9nement phare de la tourn\u00e9e du MotoGP, compte tenu de sa popularit\u00e9 sans \u00e9gal. L\u2019\u00e9v\u00e9nement, organis\u00e9 par Claude Michy sur le circuit Bugatti, au Mans, dispose pour le moment d\u2019un accord jusque 2031.<\/p>\n<p>MotoGP<br \/>Les contrats des Grands Prix\u00a0<\/p>\n<p><strong>2026 :<\/strong> \u200b\ud83c\uddf9\ud83c\udded Tha\u00eflande, \ud83c\uddee\ud83c\uddf9 \u200bItalie, \u200b\ud83c\uddec\ud83c\udde7 Grande-Bretagne, \ud83c\uddea\ud83c\uddf8 Aragon, \ud83c\udde6\ud83c\uddfa Australie, \ud83c\uddf5\ud83c\uddf9 Portugal, \ud83c\uddf2\ud83c\uddfe Malaisie<\/p>\n<p><strong>2029 :<\/strong> \u200b<strong>\ud83c\udde8\ud83c\uddff <\/strong>Tch\u00e9quie<\/p>\n<p><strong>2030 :<\/strong> \u200b\ud83c\udde7\ud83c\uddf7 Br\u00e9sil, \ud83c\udde6\ud83c\uddf9\u200b Autriche, \ud83c\uddef\ud83c\uddf5 Japon<\/p>\n<p><strong>2031 :<\/strong> <strong>\u200b<\/strong>\ud83c\uddf8\ud83c\uddf2 Saint-Marin, \ud83c\uddeb\ud83c\uddf7 <strong>France<\/strong>, \ud83c\udde9\ud83c\uddea Allemagne, \ud83c\uddea\ud83c\uddf8 Espagne, \ud83c\uddea\ud83c\uddf8 Catalogne, \ud83c\uddf3\ud83c\uddf1 Pays-Bas, \ud83c\uddf6\ud83c\udde6 Qatar, \ud83c\uddea\ud83c\uddf8 Valence<\/p>\n<p><b>N.C :<\/b> \ud83c\uddee\ud83c\udde9 Indon\u00e9sie,\ud83c\uddfa\ud83c\uddf8 Austin, <strong>\ud83c\udded\ud83c\uddfa\u200b <\/strong>Hongrie<\/p>\n<p><strong>\u00c0 LIRE AUSSI &gt;\u00a0<a href=\"https:\/\/www.autohebdo.fr\/actualites\/motogp\/la-motogp-devoile-les-dates-de-ses-essais-de-pre-saison-2026.html\" rel=\"nofollow noopener\" target=\"_blank\">La MotoGP d\u00e9voile les dates de ses essais de pr\u00e9-saison 2026<\/a><\/strong><\/p>\n","protected":false},"excerpt":{"rendered":"Le calendrier de la saison 2026 du MotoGP a d\u00e9j\u00e0 \u00e9t\u00e9 d\u00e9voil\u00e9, comportera toujours vingt-deux \u00e9preuves inscrites. Cependant,&hellip;\n","protected":false},"author":2,"featured_media":454415,"comment_status":"","ping_status":"","sticky":false,"template":"","format":"standard","meta":{"footnotes":""},"categories":[1413],"tags":[1011,27,1457,1456,60],"class_list":{"0":"post-454414","1":"post","2":"type-post","3":"status-publish","4":"format-standard","5":"has-post-thumbnail","7":"category-moto","8":"tag-fr","9":"tag-france","10":"tag-moto","11":"tag-motocycle","12":"tag-sports"},"share_on_mastodon":{"url":"https:\/\/pubeurope.com\/@fr\/115354188101378669","error":""},"_links":{"self":[{"href":"https:\/\/www.europesays.com\/fr\/wp-json\/wp\/v2\/posts\/454414","targetHints":{"allow":["GET"]}}],"collection":[{"href":"https:\/\/www.europesays.com\/fr\/wp-json\/wp\/v2\/posts"}],"about":[{"href":"https:\/\/www.europesays.com\/fr\/wp-json\/wp\/v2\/types\/post"}],"author":[{"embeddable":true,"href":"https:\/\/www.europesays.com\/fr\/wp-json\/wp\/v2\/users\/2"}],"replies":[{"embeddable":true,"href":"https:\/\/www.europesays.com\/fr\/wp-json\/wp\/v2\/comments?post=454414"}],"version-history":[{"count":0,"href":"https:\/\/www.europesays.com\/fr\/wp-json\/wp\/v2\/posts\/454414\/revisions"}],"wp:featuredmedia":[{"embeddable":true,"href":"https:\/\/www.europesays.com\/fr\/wp-json\/wp\/v2\/media\/454415"}],"wp:attachment":[{"href":"https:\/\/www.europesays.com\/fr\/wp-json\/wp\/v2\/media?parent=454414"}],"wp:term":[{"taxonomy":"category","embeddable":true,"href":"https:\/\/www.europesays.com\/fr\/wp-json\/wp\/v2\/categories?post=454414"},{"taxonomy":"post_tag","embeddable":true,"href":"https:\/\/www.europesays.com\/fr\/wp-json\/wp\/v2\/tags?post=454414"}],"curies":[{"name":"wp","href":"https:\/\/api.w.org\/{rel}","templated":true}]}}