{"id":454420,"date":"2025-10-11T06:48:15","date_gmt":"2025-10-11T06:48:15","guid":{"rendered":"https:\/\/www.europesays.com\/fr\/454420\/"},"modified":"2025-10-11T06:48:15","modified_gmt":"2025-10-11T06:48:15","slug":"un-ex-vert-revient-en-details-sur-son-depart-inattendu","status":"publish","type":"post","link":"https:\/\/www.europesays.com\/fr\/454420\/","title":{"rendered":"Un ex-Vert revient en d\u00e9tails sur son d\u00e9part inattendu"},"content":{"rendered":"<p>L\u00a0\u00bbhistoire de <strong>L\u00e9o P\u00e9trot<\/strong> avec l&rsquo;AS Saint-\u00c9tienne s&rsquo;est achev\u00e9e de mani\u00e8re brutale apr\u00e8s la rel\u00e9gation du club en Ligue 2. Dans une interview exclusive accord\u00e9e \u00e0 Peuple Vert, le d\u00e9fenseur form\u00e9 dans le Forez a lev\u00e9 le voile sur les circonstances de son d\u00e9part et les n\u00e9gociations avort\u00e9es qui ont marqu\u00e9 la fin de son aventure st\u00e9phanoise. Malgr\u00e9 cette s\u00e9paration douloureuse, l&rsquo;ancien joueur des Verts conserve un attachement ind\u00e9fectible pour son club formateur et nourrit de <strong>grands espoirs<\/strong> concernant la saison actuelle. Son t\u00e9moignage \u00e9claire d&rsquo;un jour nouveau les coulisses d&rsquo;un d\u00e9part qui a marqu\u00e9 l&rsquo;\u00e9t\u00e9 dernier, tout en r\u00e9v\u00e9lant sa <strong>confiance intacte<\/strong> dans les capacit\u00e9s de remont\u00e9e de l&rsquo;\u00e9quipe dirig\u00e9e par Eirik Horneland. Cette confession sinc\u00e8re d\u00e9voile \u00e9galement son regard d&rsquo;expert sur les atouts actuels de l&rsquo;ASSE et les raisons qui lui font croire en un retour rapide en Ligue 1.<\/p>\n<p>                                <img decoding=\"async\" src=\"https:\/\/www.europesays.com\/fr\/wp-content\/uploads\/2025\/04\/1744123449_543_logo.png\" alt=\"Logo\"\/><\/p>\n<p>100\u20ac offerts sur ton 1er pari !<\/p>\n<p>                            <a href=\"https:\/\/bit.ly\/4j5wl4k\" class=\"headband-button\" rel=\"nofollow noopener\" target=\"_blank\">J&rsquo;en profite<\/a><\/p>\n<p>                                                                <img loading=\"lazy\" decoding=\"async\" src=\"https:\/\/www.europesays.com\/fr\/wp-content\/uploads\/2025\/10\/mercato-asse-un-ex-vert-revient-en-details-sur-son-depart-inattendu.jpg\" alt=\"Illustration : &quot;Mercato ASSE : Un ex-Vert revient en d\u00e9tails sur son d\u00e9part inattendu &quot;\" class=\"figure-img img-fluid\" width=\"780\" height=\"478\"\/><\/p>\n<p>                                    \u00a9 Site officiel d\u2019Elche                                <\/p>\n<p>Des n\u00e9gociations avort\u00e9es malgr\u00e9 la volont\u00e9 du coach<\/p>\n<p>Les r\u00e9v\u00e9lations de <strong>L\u00e9o P\u00e9trot<\/strong> sur les discussions contractuelles de l&rsquo;\u00e9t\u00e9 dernier jettent un \u00e9clairage particulier sur sa rupture avec l&rsquo;ASSE. Le d\u00e9fenseur a confirm\u00e9 que des pourparlers avaient bien eu lieu, r\u00e9v\u00e9lant que \u00ab\u00a0le coach a fait savoir qu&rsquo;il voulait me garder\u00a0\u00bb. Cette volont\u00e9 d&rsquo;Eirik Horneland de conserver le joueur form\u00e9 \u00e0 Saint-\u00c9tienne t\u00e9moigne de l&rsquo;estime que portait le technicien norv\u00e9gien \u00e0 ses qualit\u00e9s d\u00e9fensives. Cependant, malgr\u00e9 ces <strong>discussions entam\u00e9es<\/strong>, les n\u00e9gociations n&rsquo;ont pas abouti, laissant P\u00e9trot dans l&rsquo;obligation de quitter le club de son c\u0153ur. Le joueur reste philosophe sur cette issue, d\u00e9clarant simplement que \u00ab\u00a0\u00e7a ne s&rsquo;est pas fait. C&rsquo;est comme \u00e7a\u00a0\u00bb. Cette acceptation r\u00e9sign\u00e9e cache n\u00e9anmoins une d\u00e9ception certaine, d&rsquo;autant plus compr\u00e9hensible que le d\u00e9fenseur avait gravi tous les \u00e9chelons du centre de formation st\u00e9phanois. Son d\u00e9part s&rsquo;inscrit dans le contexte difficile de la rel\u00e9gation, p\u00e9riode o\u00f9 de nombreux <strong>bouleversements<\/strong> ont touch\u00e9 l&rsquo;effectif des Verts.<\/p>\n<p>Une rel\u00e9gation traumatisante et des regrets persistants<\/p>\n<p>L&rsquo;\u00e9vocation de la descente en Ligue 2 reste manifestement douloureuse pour <strong>L\u00e9o P\u00e9trot<\/strong>, qui n&rsquo;h\u00e9site pas \u00e0 qualifier cet \u00e9pisode \u00ab\u00a0<b>d&rsquo;i<\/b><strong>mmense regret\u00a0\u00bb<\/strong>. Cette amertume prend une dimension particuli\u00e8re quand on conna\u00eet son attachement visc\u00e9ral au club st\u00e9phanois, lui qui a grandi dans les couleurs vertes. Le d\u00e9fenseur pointe du doigt les <strong>d\u00e9tails fatals<\/strong> qui ont co\u00fbt\u00e9 cher \u00e0 l&rsquo;\u00e9quipe, expliquant que l&rsquo;ASSE a \u00ab\u00a0perdu beaucoup de points sur des d\u00e9tails, ce qui ne nous a pas permis de capitaliser ni d&rsquo;enclencher une s\u00e9rie positive pour la confiance et pour le classement\u00a0\u00bb. Cette analyse lucide r\u00e9v\u00e8le sa compr\u00e9hension fine des m\u00e9canismes qui ont conduit \u00e0 la chute des Verts. Le dernier match \u00e0 Geoffroy-Guichard reste particuli\u00e8rement marquant dans sa m\u00e9moire, symbolisant l&rsquo;\u00e9chec collectif d&rsquo;une saison catastrophique. Cette rel\u00e9gation a non seulement mis fin \u00e0 son aventure st\u00e9phanoise, mais a \u00e9galement priv\u00e9 le club de l&rsquo;un de ses enfants, form\u00e9 dans le respect des <strong>valeurs vertes<\/strong> et profond\u00e9ment attach\u00e9 \u00e0 l&rsquo;identit\u00e9 du club.<\/p>\n<p>Un optimisme intact malgr\u00e9 la distance<\/p>\n<p>Malgr\u00e9 son \u00e9loignement g\u00e9ographique du Forez, <strong>L\u00e9o P\u00e9trot<\/strong> continue de suivre assid\u00fbment les performances de son ancien club, d\u00e9montrant que les liens tiss\u00e9s avec l&rsquo;ASSE transcendent les consid\u00e9rations contractuelles. Il confie regarder \u00ab\u00a0les matchs quand je peux\u00a0\u00bb, t\u00e9moignant d&rsquo;un int\u00e9r\u00eat sinc\u00e8re pour l&rsquo;\u00e9volution de l&rsquo;\u00e9quipe. Son analyse de la saison actuelle r\u00e9v\u00e8le un <strong>optimisme assum\u00e9<\/strong>, le d\u00e9fenseur estimant que \u00ab\u00a0Saint-\u00c9tienne est arm\u00e9 pour remonter d\u00e8s cette ann\u00e9e\u00a0\u00bb. Cette confiance s&rsquo;appuie sur plusieurs \u00e9l\u00e9ments concrets qu&rsquo;il identifie avec pr\u00e9cision : la pr\u00e9sence d&rsquo;attaquants de qualit\u00e9, l&rsquo;identit\u00e9 forte insuffl\u00e9e par Horneland, et surtout l&rsquo;exp\u00e9rience pr\u00e9cieuse de nombreux joueurs en Ligue 2. Il souligne particuli\u00e8rement l&rsquo;avantage consid\u00e9rable que repr\u00e9sente Geoffroy-Guichard, \u00e9voquant <strong>\u00ab\u00a0cette ambiance incroyable\u00a0\u00bb<\/strong> qui peut faire la diff\u00e9rence dans la course \u00e0 la mont\u00e9e. Son regard d&rsquo;ancien joueur professionnel lui permet d&rsquo;appr\u00e9cier les qualit\u00e9s du coach norv\u00e9gien, qu&rsquo;il d\u00e9crit comme quelqu&rsquo;un qui \u00ab\u00a0exige beaucoup de ses joueurs et de son groupe\u00a0\u00bb, valorisant l&rsquo;intensit\u00e9 et la concentration maximales \u00e0 chaque instant.<\/p>\n<p class=\"s5\" style=\"margin: 0px 0px 8px; line-height: 1.295; font-weight: bold; font-size: 10px; caret-color: rgb(0, 0, 0); color: rgb(0, 0, 0);\">Victorieuse face au MHSC, l\u2019ASSE revient \u00e0 hauteur de Troyes en t\u00eate de Ligue 2 avant la tr\u00eave internationale. \u00c0 cette occasion, profitez de 100\u20ac offerts pour votre premi\u00e8re inscription sur Parions Sport en Ligne. <a href=\"https:\/\/wlfdj.adsrv.eacdn.com\/C.ashx?btag=a_721b_108c_&amp;affid=214&amp;siteid=721&amp;adid=108&amp;c=\" rel=\"nofollow noopener\" target=\"_blank\">Pariez sur l\u2019AS Saint-Etienne qui termine \u00e0 la premi\u00e8re place de Ligue 2 \u00e0 la fin de la saison vous rapporte jusqu\u2019\u00e0 280\u20ac !<\/a><\/p>\n<p class=\"s7\" style=\"margin: 0px 0px 8px; line-height: 1.295; text-decoration: underline; font-weight: bold; font-size: 10px; caret-color: rgb(0, 0, 0); color: rgb(0, 0, 0);\">Pour en profiter, c\u2019est tr\u00e8s simple :<\/p>\n<p class=\"s8\" style=\"margin: 0px 0px 8px; line-height: 1.295; font-size: 10px; caret-color: rgb(0, 0, 0); color: rgb(0, 0, 0);\">-?Cr\u00e9ez votre compte joueur en seulement 2 \u00e9tapes <a href=\"https:\/\/wlfdj.adsrv.eacdn.com\/C.ashx?btag=a_721b_108c_&amp;affid=214&amp;siteid=721&amp;adid=108&amp;c=\" rel=\"nofollow noopener\" target=\"_blank\">ici<\/a><\/p>\n<p class=\"s8\" style=\"margin: 0px 0px 8px; line-height: 1.295; font-size: 10px; caret-color: rgb(0, 0, 0); color: rgb(0, 0, 0);\">-?R\u00e9alisez votre 1er d\u00e9p\u00f4t puis placez votre 1er pari (Minimum 5\u20ac)<\/p>\n<p class=\"s8\" style=\"margin: 0px 0px 8px; line-height: 1.295; font-size: 10px; caret-color: rgb(0, 0, 0); color: rgb(0, 0, 0);\">-?Une fois votre 1er d\u00e9p\u00f4t et votre 1er pari r\u00e9alis\u00e9s, l\u2019int\u00e9gralit\u00e9 du montant de ce 1er pari sera cr\u00e9dit\u00e9e sur votre compte joueur dans la limite de 100\u20ac maximum et sous la forme de cr\u00e9dits de jeu non retirables. Le cr\u00e9dit s\u2019effectuera alors en une seule \u00e9tape et sous 3 jours<\/p>\n<p class=\"s10\" style=\"margin: 0px 0px 8px; line-height: 1.295; font-size: 10px; font-style: italic; caret-color: rgb(0, 0, 0); color: rgb(0, 0, 0);\">Jouer comporte des risques : endettement, d\u00e9pendance\u2026 Appelez le 09 74 75 13 13 (appel non surtax\u00e9)<\/p>\n","protected":false},"excerpt":{"rendered":"L\u00a0\u00bbhistoire de L\u00e9o P\u00e9trot avec l&rsquo;AS Saint-\u00c9tienne s&rsquo;est achev\u00e9e de mani\u00e8re brutale apr\u00e8s la rel\u00e9gation du club en&hellip;\n","protected":false},"author":2,"featured_media":454421,"comment_status":"","ping_status":"","sticky":false,"template":"","format":"standard","meta":{"footnotes":""},"categories":[1410],"tags":[63,1011,27,60],"class_list":{"0":"post-454420","1":"post","2":"type-post","3":"status-publish","4":"format-standard","5":"has-post-thumbnail","7":"category-football","8":"tag-football","9":"tag-fr","10":"tag-france","11":"tag-sports"},"share_on_mastodon":{"url":"https:\/\/pubeurope.com\/@fr\/115354200179032181","error":""},"_links":{"self":[{"href":"https:\/\/www.europesays.com\/fr\/wp-json\/wp\/v2\/posts\/454420","targetHints":{"allow":["GET"]}}],"collection":[{"href":"https:\/\/www.europesays.com\/fr\/wp-json\/wp\/v2\/posts"}],"about":[{"href":"https:\/\/www.europesays.com\/fr\/wp-json\/wp\/v2\/types\/post"}],"author":[{"embeddable":true,"href":"https:\/\/www.europesays.com\/fr\/wp-json\/wp\/v2\/users\/2"}],"replies":[{"embeddable":true,"href":"https:\/\/www.europesays.com\/fr\/wp-json\/wp\/v2\/comments?post=454420"}],"version-history":[{"count":0,"href":"https:\/\/www.europesays.com\/fr\/wp-json\/wp\/v2\/posts\/454420\/revisions"}],"wp:featuredmedia":[{"embeddable":true,"href":"https:\/\/www.europesays.com\/fr\/wp-json\/wp\/v2\/media\/454421"}],"wp:attachment":[{"href":"https:\/\/www.europesays.com\/fr\/wp-json\/wp\/v2\/media?parent=454420"}],"wp:term":[{"taxonomy":"category","embeddable":true,"href":"https:\/\/www.europesays.com\/fr\/wp-json\/wp\/v2\/categories?post=454420"},{"taxonomy":"post_tag","embeddable":true,"href":"https:\/\/www.europesays.com\/fr\/wp-json\/wp\/v2\/tags?post=454420"}],"curies":[{"name":"wp","href":"https:\/\/api.w.org\/{rel}","templated":true}]}}