{"id":454424,"date":"2025-10-11T06:50:13","date_gmt":"2025-10-11T06:50:13","guid":{"rendered":"https:\/\/www.europesays.com\/fr\/454424\/"},"modified":"2025-10-11T06:50:13","modified_gmt":"2025-10-11T06:50:13","slug":"ils-ont-super-bien-bosse-a-douarnenez-les-etudiants-architectes-livrent-leur-restitution-de-cinq-jours-de-travail-intense-sur-le-bati-ancien","status":"publish","type":"post","link":"https:\/\/www.europesays.com\/fr\/454424\/","title":{"rendered":"\u00ab\u00a0Ils ont super bien boss\u00e9\u00a0\u00bb\u00a0: \u00e0 Douarnenez, les \u00e9tudiants architectes livrent leur restitution de cinq jours de travail intense sur le b\u00e2ti ancien"},"content":{"rendered":"<p>Ils ont pass\u00e9 dix-huit maisons et b\u00e2timents de Douarnenez au peigne fin pendant cinq jours : ce vendredi 10 octobre, 80 \u00e9tudiants de l\u2019\u00e9cole nationale sup\u00e9rieure d\u2019architecture de Bretagne (Ensab), bas\u00e9e \u00e0 Rennes, ont restitu\u00e9 le fruit de l\u2019intense travail de relev\u00e9 qu\u2019ils ont men\u00e9 tout au long de la semaine sur le b\u00e2ti ancien dans la cit\u00e9 aux trois ports. <a href=\"https:\/\/www.letelegramme.fr\/finistere\/douarnenez-29100\/cest-une-ville-dont-le-bati-a-evolue-en-fonction-de-son-histoire-sociale-quand-douarnenez-se-transforme-en-super-terrain-de-jeu-pour-80-etudiants-en-architecture-6904229.php\" target=\"_blank\" rel=\"noopener\">Un projet in\u00e9dit \u00e0 Douarnenez, supervis\u00e9 par six enseignants de l\u2019Ensab, et mis en \u0153uvre dans le cadre d\u2019un partenariat de trois ans entre l\u2019\u00e9tablissement et la Ville<\/a>. \u00ab Ils ont vraiment bien boss\u00e9. Il faut remettre \u00e7a dans le contexte : ce sont des \u00e9tudiants de troisi\u00e8me ann\u00e9e, qui ont pour la plupart 20 ou 21 ans, et c\u2019\u00e9tait la premi\u00e8re fois qu\u2019ils devaient mener un travail de relev\u00e9 aussi pr\u00e9cis sur une telle dur\u00e9e \u00bb, indique Vincent Jouve, architecte du patrimoine et enseignant \u00e0 l\u2019Ensab, en parcourant du regard la multitude de feuilles o\u00f9 les \u00e9l\u00e8ves ont dessin\u00e9 \u00e0 la main plans de coupe et autres vues paysag\u00e8res.<\/p>\n<p>\u00ab C\u2019\u00e9tait vraiment passionnant \u00bb, livre Victor, \u00e9tudiant qui, avec quatre camarades, a travaill\u00e9 sur le cas d\u2019une maison sur cinq \u00e9tages situ\u00e9e rue du Grand-Port, pr\u00e8s du Rosmeur. \u00ab C\u2019est une maison qui avait presque enti\u00e8rement br\u00fbl\u00e9 avant d\u2019\u00eatre reconstruite par le propri\u00e9taire occupant actuel. C\u2019est un professionnel du b\u00e2timent et des travaux publics, il a lui-m\u00eame dessin\u00e9 les plans de la maison, choisi les mat\u00e9riaux, essentiellement du b\u00e9ton et un assemblage bois pour la charpente. C\u2019\u00e9tait tr\u00e8s int\u00e9ressant de voir comment une personne avec de bonnes connaissances architecturales peut reconstruire \u00e0 son image un bien dont il ne restait rien \u00bb, poursuit-il.<\/p>\n<p>\u00ab Travailler avec le b\u00e2ti, pas contre lui \u00bb<\/p>\n<p>Un cas de figure somme toute assez atypique compar\u00e9 aux autres biens \u00e9tudi\u00e9s par les futurs architectes, dont l\u2019un des objectifs au cours de ce travail \u00e9tait de d\u00e9celer d\u2019\u00e9ventuelles pathologies du b\u00e2ti, et de proposer aux propri\u00e9taires des solutions de r\u00e9novation. \u00ab Le b\u00e2timent le plus ancien datait du XVIe si\u00e8cle, plus r\u00e9cent de la fin du XXe. D\u00e9sormais, le travail des \u00e9tudiants, ce sera de mettre au net leurs croquis, \u00e9laborer un diagnostic sanitaire du b\u00e2ti, comprendre comment s\u2019y sentent les propri\u00e9taires ou locataires, et ce qu\u2019ils aimeraient am\u00e9liorer dans leur maison \u00bb, expose Vincent Jouve.<\/p>\n<p>Autre aspect essentiel du travail : les propri\u00e9taires livreront aux architectes un diagnostic de performance \u00e9nerg\u00e9tique de leur bien, et des factures de consommation \u00e9nerg\u00e9tique. Et ceci afin de jeter \u00ab un \u0153il critique sur le logiciel utilis\u00e9 dans le cadre des DPE, qui m\u00e9conna\u00eet compl\u00e8tement les sp\u00e9cificit\u00e9s du b\u00e2ti ancien \u00bb, selon Vincent Jouve. \u00ab Aujourd\u2019hui, on peut avoir un bien class\u00e9 F \u00e0 l\u2019issue d\u2019un DPE et la consommation r\u00e9elle \u00e9quivalente \u00e0 celle d\u2019un bien class\u00e9 C voire B. L\u2019exp\u00e9rience de terrain montre que les diff\u00e9rents dispositifs de r\u00e9novation conduisent \u00e0 surisoler le b\u00e2ti ancien, ce qui m\u00e8ne souvent \u00e0 des catastrophes. La laine de verre, la laine de roche ou les plaques de pl\u00e2tre sont incompatibles avec les b\u00e2tisses anciennes \u00bb. L\u2019architecte entend ainsi apprendre aux \u00e9tudiants \u00ab \u00e0 travailler avec le b\u00e2ti, pas contre lui \u00bb. Une nouvelle restitution du travail des \u00e9tudiants pourrait \u00eatre propos\u00e9e \u00e0 Douarnenez au printemps 2026.<\/p>\n","protected":false},"excerpt":{"rendered":"Ils ont pass\u00e9 dix-huit maisons et b\u00e2timents de Douarnenez au peigne fin pendant cinq jours : ce vendredi&hellip;\n","protected":false},"author":2,"featured_media":454425,"comment_status":"","ping_status":"","sticky":false,"template":"","format":"standard","meta":{"footnotes":""},"categories":[1358],"tags":[1350,1348,1384,1385,1386,58,3320,59,1011,27,1908],"class_list":{"0":"post-454424","1":"post","2":"type-post","3":"status-publish","4":"format-standard","5":"has-post-thumbnail","7":"category-arts-et-design","8":"tag-architecture","9":"tag-arts","10":"tag-arts-and-design","11":"tag-arts-et-design","12":"tag-design","13":"tag-divertissement","14":"tag-douarnenez","15":"tag-entertainment","16":"tag-fr","17":"tag-france","18":"tag-logement"},"share_on_mastodon":{"url":"https:\/\/pubeurope.com\/@fr\/115354207850165061","error":""},"_links":{"self":[{"href":"https:\/\/www.europesays.com\/fr\/wp-json\/wp\/v2\/posts\/454424","targetHints":{"allow":["GET"]}}],"collection":[{"href":"https:\/\/www.europesays.com\/fr\/wp-json\/wp\/v2\/posts"}],"about":[{"href":"https:\/\/www.europesays.com\/fr\/wp-json\/wp\/v2\/types\/post"}],"author":[{"embeddable":true,"href":"https:\/\/www.europesays.com\/fr\/wp-json\/wp\/v2\/users\/2"}],"replies":[{"embeddable":true,"href":"https:\/\/www.europesays.com\/fr\/wp-json\/wp\/v2\/comments?post=454424"}],"version-history":[{"count":0,"href":"https:\/\/www.europesays.com\/fr\/wp-json\/wp\/v2\/posts\/454424\/revisions"}],"wp:featuredmedia":[{"embeddable":true,"href":"https:\/\/www.europesays.com\/fr\/wp-json\/wp\/v2\/media\/454425"}],"wp:attachment":[{"href":"https:\/\/www.europesays.com\/fr\/wp-json\/wp\/v2\/media?parent=454424"}],"wp:term":[{"taxonomy":"category","embeddable":true,"href":"https:\/\/www.europesays.com\/fr\/wp-json\/wp\/v2\/categories?post=454424"},{"taxonomy":"post_tag","embeddable":true,"href":"https:\/\/www.europesays.com\/fr\/wp-json\/wp\/v2\/tags?post=454424"}],"curies":[{"name":"wp","href":"https:\/\/api.w.org\/{rel}","templated":true}]}}