{"id":454426,"date":"2025-10-11T06:51:14","date_gmt":"2025-10-11T06:51:14","guid":{"rendered":"https:\/\/www.europesays.com\/fr\/454426\/"},"modified":"2025-10-11T06:51:14","modified_gmt":"2025-10-11T06:51:14","slug":"cloe-korman-toutes-les-femmes-de-mon-livre-ont-une-joie-du-corps-qui-leur-est-existentielle","status":"publish","type":"post","link":"https:\/\/www.europesays.com\/fr\/454426\/","title":{"rendered":"Clo\u00e9 Korman\u00a0: \u201cToutes les femmes de mon livre ont une joie du corps qui leur est existentielle\u201d"},"content":{"rendered":"<p><strong>Marie Claire : Vous d\u00e9crivez la maternit\u00e9 comme un \u00ab\u00a0acte mutant\u00a0\u00bb, le corps enceint comme un \u00ab\u00a0ventre-plan\u00e8te\u00a0\u00bb. \u00c0 la mani\u00e8re d&rsquo;un ph\u00e9nom\u00e8ne magique, presque cosmique ?<\/strong><\/p>\n<p><strong>Clo\u00e9 Korman <\/strong>: J&rsquo;aime beaucoup cette id\u00e9e-l\u00e0. Bien s\u00fbr, la naissance est un processus clinique pr\u00e9cis, mais on a beau savoir \u00e7a, le surgissement du visage d&rsquo;un b\u00e9b\u00e9, c&rsquo;est de l&rsquo;ordre de l&rsquo;apparition et \u00e7a bouscule compl\u00e8tement le r\u00e9el.<\/p>\n<p>J&rsquo;ai v\u00e9cu la naissance de mes enfants comme un tourbillon \u2013\u00a0de peur, de douleur et d&rsquo;exaltation\u00a0\u2013 qui d\u00e9passait ma capacit\u00e9 de mots. M\u00eame les sages-femmes que j&rsquo;ai rencontr\u00e9es pour ce livre, malgr\u00e9 la technicit\u00e9 de leur m\u00e9tier, ont elles aussi, encore, ce genre d&rsquo;\u00e9blouissement.<\/p>\n<blockquote><p>&#13;<\/p>\n<p>J&rsquo;ai v\u00e9cu la naissance de mes enfants comme un tourbillon.<\/p>\n<p>&#13;\n<\/p><\/blockquote>\n<p><strong>Roman document\u00e9<\/strong><\/p>\n<p><strong>\u00c0 propos de technicit\u00e9, le roman va loin dans le d\u00e9tail de la p\u00e9ridurale, des actes d&rsquo;obst\u00e9trique. Quel plaisir litt\u00e9raire vous procure cette forme tr\u00e8s pr\u00e9cise de documentation ?<\/strong><\/p>\n<p>Mon d\u00e9sir, c&rsquo;\u00e9tait de rendre sensibles, vivantes, ces pratiques et ce vocabulaire, qu&rsquo;on ressente \u00e0 travers ces mots le flux et la tension d&rsquo;une salle de naissance.<\/p>\n<p>Lors de ma visite, j&rsquo;avais d&rsquo;ailleurs l&rsquo;impression d&rsquo;une \u00ab\u00a0war room\u00a0\u00bb, mais au f\u00e9minin \u2013\u00a0les infirmi\u00e8res, gyn\u00e9cologues, anesth\u00e9sistes, c&rsquo;\u00e9taient principalement des femmes\u00a0\u2013 o\u00f9 les sommets de ma\u00eetrise sont d\u00e9di\u00e9s \u00e0 une entreprise de vie. Comme une sorte d&rsquo;envers des lieux de pouvoirs habituels.<\/p>\n<p><strong>La cuisine, le sexe, la nage&#8230; Votre texte fait une grande place aux plaisirs du corps. Que nous dit cette hyper-sensorialit\u00e9 ?<\/strong><\/p>\n<p>Dans notre culture, on calque sur la femme enceinte une image sage, bien ordonn\u00e9e : cette mise \u00e0 l&rsquo;index sociale n&rsquo;est pas tout \u00e0 fait \u00e0 mon go\u00fbt. Je voulais au contraire abolir la distance entre corps maternant et corps \u00e9rotique.<\/p>\n<p>Et me d\u00e9barrasser des cat\u00e9gories qui figent : m\u00e8re de famille, femme enceinte, femme sans enfant. Toutes les femmes de mon livre ont en elles une joie du corps, des questionnements sur leurs d\u00e9sirs, une sensualit\u00e9 qui leur est existentielle.<\/p>\n<blockquote><p>&#13;<\/p>\n<p>Je voulais au contraire abolir la distance entre corps maternant et corps \u00e9rotique.<\/p>\n<p>&#13;\n<\/p><\/blockquote>\n<p><strong>L&rsquo;importance de l&rsquo;actualit\u00e9<\/strong><\/p>\n<p><strong>Il y a dans le livre des pages fortes sur les massacres \u00e0 Gaza et le proc\u00e8s Pelicot. Comment, chez vous, l&rsquo;actualit\u00e9 percute la fiction ?<\/strong><\/p>\n<p>J&rsquo;ai souhait\u00e9 faire le r\u00e9cit de ce que c&rsquo;est de mettre au monde dans ce monde-l\u00e0, le n\u00f4tre. Gaza, c&rsquo;est une trag\u00e9die qui me bouleverse, et comme dans tous les lieux de grande violence, les femmes enceintes, les nouveau-n\u00e9s, y sont d&rsquo;une fragilit\u00e9 absolue.<\/p>\n<p>Lire aussi<\/p>\n<p>\t\t\t<a class=\"ContextualLinks-link\" href=\"https:\/\/www.marieclaire.fr\/proces-viols-de-mazan-dominique-gisele-pelicot-soumission-chimique-chronologie-rappel-affaire-dates-proces,1483103.asp\" rel=\"nofollow noopener\" target=\"_blank\">Affaire des viols de Mazan\u00a0: retour sur les temps forts d&rsquo;un proc\u00e8s historique pour que la honte change de camp<\/a>\t<\/p>\n<p>Mon personnage Marguerite, juive, subit d&rsquo;ailleurs, avec d\u00e9sarroi et col\u00e8re, le fait qu&rsquo;on l&rsquo;associe aux actions d&rsquo;Isra\u00ebl. Quant \u00e0 Gis\u00e8le Pelicot, elle qui a refus\u00e9 le huis clos du proc\u00e8s, acte d&rsquo;un courage immense, je la rapproche de <a href=\"https:\/\/www.marieclaire.fr\/proces-de-bobigny-marie-claire-gisele-halimi-avortement-viol,1353869.asp\" title=\"Le jour o\u00f9 Marie-Claire, lyc\u00e9enne jug\u00e9e pour avoir avort\u00e9 apr\u00e8s un viol, est relax\u00e9e gr\u00e2ce \u00e0 Gis\u00e8le Halimi\" class=\"internal\" rel=\"nofollow noopener\" target=\"_blank\">Marie-Claire Chevalier,<\/a> accompagn\u00e9e par Gis\u00e8le Halimi et Simone de Beauvoir, qui a publi\u00e9, alors que c&rsquo;\u00e9tait ill\u00e9gal, les d\u00e9bats du proc\u00e8s de Bobigny afin de faire avancer la cause des femmes.<\/p>\n<blockquote><p>&#13;<\/p>\n<p>J&rsquo;explore dans ce livre l&rsquo;intimit\u00e9 des corps, le huis clos de la maternit\u00e9, l&rsquo;int\u00e9riorit\u00e9 des pens\u00e9es.<\/p>\n<p>&#13;\n<\/p><\/blockquote>\n<p><strong>Vous faites une analogie entre les organes internes, les douleurs qu&rsquo;on ravale et tout ce qu&rsquo;on ne voit pas. Est-ce que ce roman, Mettre au monde, est une fa\u00e7on de mettre au jour ?<\/strong><\/p>\n<p>J&rsquo;explore dans ce livre l&rsquo;intimit\u00e9 des corps, le huis clos de la maternit\u00e9, l&rsquo;int\u00e9riorit\u00e9 des pens\u00e9es. Mais j&rsquo;ai la sensation que plus on sait, plus on explicite \u2013\u00a0plus on met au jour, oui\u00a0\u2013, plus les secrets et myst\u00e8res s&rsquo;\u00e9paississent. Et c&rsquo;est ce que j&rsquo;aime, dans l&rsquo;\u00e9criture comme dans la vie.<\/p>\n<p>Clo\u00e9 Korman. <a href=\"https:\/\/www.amazon.fr\/dp\/208043506X?tag=mc-1501-21&amp;linkCode=ogi&amp;th=1&amp;psc=1&amp;asc_refurl=https%3A%2F%2Fwww.marieclaire.fr%2Fcloe-korman-mettre-au-monde-livre-interview%2C1501100.asp\" class=\"MC2MEshopWidgetProduct-forTracking\" rel=\"sponsored nofollow noopener\" target=\"_blank\">Mettre au Monde<\/a>. \u00c9d. Flammarion, 21 \u20ac.<\/p>\n<p><strong>Cet article a initialement \u00e9t\u00e9 publi\u00e9 dans le magazine Marie Claire n\u00b0878 dat\u00e9 novembre 2025.<\/strong><\/p>\n<p>Lire aussi<\/p>\n<p>\t\t\t<a class=\"ContextualLinks-link\" href=\"https:\/\/www.marieclaire.fr\/anne-berest-photo-enfance-finistere,1500885.asp\" rel=\"nofollow noopener\" target=\"_blank\">La photo d&rsquo;enfance d&rsquo;Anne Berest\u00a0: \u00ab\u00a0J&rsquo;\u00e9tais vraiment fan de ma grande s\u0153ur\u00a0\u00bb<\/a>\t<\/p>\n","protected":false},"excerpt":{"rendered":"Marie Claire : Vous d\u00e9crivez la maternit\u00e9 comme un \u00ab\u00a0acte mutant\u00a0\u00bb, le corps enceint comme un \u00ab\u00a0ventre-plan\u00e8te\u00a0\u00bb. \u00c0&hellip;\n","protected":false},"author":2,"featured_media":454427,"comment_status":"","ping_status":"","sticky":false,"template":"","format":"standard","meta":{"footnotes":""},"categories":[1357],"tags":[1379,58,59,1011,27,1380],"class_list":{"0":"post-454426","1":"post","2":"type-post","3":"status-publish","4":"format-standard","5":"has-post-thumbnail","7":"category-livres","8":"tag-books","9":"tag-divertissement","10":"tag-entertainment","11":"tag-fr","12":"tag-france","13":"tag-livres"},"share_on_mastodon":{"url":"https:\/\/pubeurope.com\/@fr\/115354211626799695","error":""},"_links":{"self":[{"href":"https:\/\/www.europesays.com\/fr\/wp-json\/wp\/v2\/posts\/454426","targetHints":{"allow":["GET"]}}],"collection":[{"href":"https:\/\/www.europesays.com\/fr\/wp-json\/wp\/v2\/posts"}],"about":[{"href":"https:\/\/www.europesays.com\/fr\/wp-json\/wp\/v2\/types\/post"}],"author":[{"embeddable":true,"href":"https:\/\/www.europesays.com\/fr\/wp-json\/wp\/v2\/users\/2"}],"replies":[{"embeddable":true,"href":"https:\/\/www.europesays.com\/fr\/wp-json\/wp\/v2\/comments?post=454426"}],"version-history":[{"count":0,"href":"https:\/\/www.europesays.com\/fr\/wp-json\/wp\/v2\/posts\/454426\/revisions"}],"wp:featuredmedia":[{"embeddable":true,"href":"https:\/\/www.europesays.com\/fr\/wp-json\/wp\/v2\/media\/454427"}],"wp:attachment":[{"href":"https:\/\/www.europesays.com\/fr\/wp-json\/wp\/v2\/media?parent=454426"}],"wp:term":[{"taxonomy":"category","embeddable":true,"href":"https:\/\/www.europesays.com\/fr\/wp-json\/wp\/v2\/categories?post=454426"},{"taxonomy":"post_tag","embeddable":true,"href":"https:\/\/www.europesays.com\/fr\/wp-json\/wp\/v2\/tags?post=454426"}],"curies":[{"name":"wp","href":"https:\/\/api.w.org\/{rel}","templated":true}]}}