{"id":454433,"date":"2025-10-11T06:55:13","date_gmt":"2025-10-11T06:55:13","guid":{"rendered":"https:\/\/www.europesays.com\/fr\/454433\/"},"modified":"2025-10-11T06:55:13","modified_gmt":"2025-10-11T06:55:13","slug":"robert-kennedy-jr-ministre-de-la-sante-de-donald-trump-pointe-le-coupable-de-lepidemie-dautisme-et-rien-ne-va-2","status":"publish","type":"post","link":"https:\/\/www.europesays.com\/fr\/454433\/","title":{"rendered":"Robert Kennedy Jr, ministre de la Sant\u00e9 de Donald Trump pointe le coupable de \u00ab l\u2019\u00e9pid\u00e9mie d\u2019autisme \u00bb (et rien ne va)"},"content":{"rendered":"<p class=\"mb-4 text-lg md:leading-8 break-words\">\u00c9TATS-UNIS &#8211; Et quand il n\u2019y en a plus, eh bien il y en a encore. Les journalistes et les m\u00e9decins ont beau \u00eatre habitu\u00e9s aux th\u00e9ories farfelues de <a href=\"https:\/\/fr.news.yahoo.com\/robert-f-kennedy-jr-nomm%C3%A9-161130091.html\" data-ylk=\"slk:Robert Kennedy\u00a0Jr;elm:context_link;itc:0;sec:content-canvas;outcm:mb_qualified_link;_E:mb_qualified_link;ct:story;\" class=\"link  yahoo-link\" target=\"_blank\" rel=\"noopener\">Robert Kennedy\u00a0Jr<\/a>. (RFK) sur <a href=\"https:\/\/fr.news.yahoo.com\/parac%C3%A9tamol-autisme-h%C3%A9patite-donald-trump-061407155.html\" data-ylk=\"slk:les causes de l\u2019autisme;elm:context_link;itc:0;sec:content-canvas;outcm:mb_qualified_link;_E:mb_qualified_link;ct:story;\" class=\"link  yahoo-link\" target=\"_blank\" rel=\"noopener\">les causes de l\u2019autisme<\/a>, ses propos lunaires lors d\u2019un conseil des ministres \u00e0 la Maison Blanche le jeudi 9\u00a0octobre ont fait r\u00e9agir plusieurs m\u00e9dias outre-Atlantique.<\/p>\n<p class=\"mb-4 text-lg md:leading-8 break-words\">Le ministre de la Sant\u00e9 am\u00e9ricain et <a href=\"https:\/\/fr.news.yahoo.com\/comit%C3%A9-prix-nobel-paix-explique-101754163.html\" data-ylk=\"slk:Donald Trump;elm:context_link;itc:0;sec:content-canvas;outcm:mb_qualified_link;_E:mb_qualified_link;ct:story;\" class=\"link  yahoo-link\" target=\"_blank\" rel=\"noopener\">Donald Trump<\/a> lui-m\u00eame ont encha\u00een\u00e9 les analyses infond\u00e9es, r\u00e9p\u00e9tant que l\u2019autisme pouvait \u00eatre caus\u00e9 par la prise de parac\u00e9tamol et incriminant\u2026 la circoncision. \u00ab\u00a0Des \u00e9tudes montrent que les enfants circoncis pr\u00e9cocement ont deux fois plus de risques d\u2019\u00eatre autistes\u00a0\u00bb, a notamment clam\u00e9 RFK, avant d\u2019ajouter que \u00ab\u00a0cela est tr\u00e8s probablement d\u00fb au fait qu\u2019on leur administre du parac\u00e9tamol\u00a0\u00bb.<\/p>\n<p class=\"mb-4 text-lg md:leading-8 break-words\"><a href=\"https:\/\/fr.news.yahoo.com\/%C3%A9pid%C3%A9mie-d-autisme-l-affirme-163009702.html\" data-ylk=\"slk:Une \u00ab\u00a0\u00e9pid\u00e9mie d\u2019autisme\u00a0\u00bb, comme l\u2019affirme Robert F. Kennedy\u00a0Jr\u00a0? On fait le point;elm:context_link;itc:0;sec:content-canvas;outcm:mb_qualified_link;_E:mb_qualified_link;ct:story;\" class=\"link  yahoo-link\" target=\"_blank\" rel=\"noopener\"> Une \u00ab\u00a0\u00e9pid\u00e9mie d\u2019autisme\u00a0\u00bb, comme l\u2019affirme Robert F. Kennedy\u00a0Jr\u00a0? On fait le point <\/a><\/p>\n<p class=\"mb-4 text-lg md:leading-8 break-words\">Des propos imm\u00e9diatement d\u00e9nonc\u00e9s par les experts dont Helen Tager-Flusberg, professeure \u00e0 l\u2019Universit\u00e9 de Boston interrog\u00e9e par l\u2019AFP. \u00ab\u00a0Rien de tout \u00e7a n\u2019a de sens\u00a0\u00bb, a fustig\u00e9 cette sp\u00e9cialiste de l\u2019autisme. D\u2019apr\u00e8s elle, il n\u2019existe pas d\u2019\u00e9tude scientifique solide concluant que la circoncision d\u2019un enfant ou sa prise de parac\u00e9tamol puisse favoriser le d\u00e9veloppement d\u2019un trouble autistique.<\/p>\n<p>RFK admet qu\u2019il n\u2019a pas de \u00ab\u00a0preuve\u00a0\u00bb mais dit qu\u2019il va en trouver<\/p>\n<p class=\"mb-4 text-lg md:leading-8 break-words\">Le Tylenol, un m\u00e9dicament \u00e0 base de parac\u00e9tamol vendu en Am\u00e9rique du Nord, est dans le collimateur de l\u2019administration r\u00e9publicaine depuis plusieurs semaines. Donald Trump a redit jeudi -contre l\u2019avis des m\u00e9decins- qu\u2019il ne fallait pas en donner ni aux enfants, ni aux <a href=\"https:\/\/fr.news.yahoo.com\/parac%C3%A9tamol-grossesse-quels-risques-r%C3%A9els-144456951.html\" data-ylk=\"slk:femmes enceintes;elm:context_link;itc:0;sec:content-canvas;outcm:mb_qualified_link;_E:mb_qualified_link;ct:story;\" class=\"link  yahoo-link\" target=\"_blank\" rel=\"noopener\">femmes enceintes<\/a>. En septembre, le pr\u00e9sident am\u00e9ricain avait d\u00e9j\u00e0 fait le lien entre la prise de parac\u00e9tamol pendant la grossesse et le d\u00e9veloppement de l\u2019autisme.<\/p>\n<p class=\"mb-4 text-lg md:leading-8 break-words\">Une analyse qui va contre le consensus scientifique, ce qu\u2019a reconnu RFK. Lors d\u2019une prise de parole improbable \u00e9pingl\u00e9e par <a href=\"https:\/\/www.huffpost.com\/entry\/rfk-jr-3-words_n_68e8a600e4b0a9f46d0cfd51?origin=home-whats-happening-unit\" rel=\"nofollow noopener\" target=\"_blank\" data-ylk=\"slk:le HuffPost US;elm:context_link;itc:0;sec:content-canvas\" class=\"link \">le HuffPost US<\/a>, le ministre de la Sant\u00e9 a reconnu ne pas avoir de \u00ab\u00a0preuve\u00a0\u00bb que la prise de parac\u00e9tamol lors de la grossesse cause l\u2019autisme. \u00ab\u00a0Nous menons des \u00e9tudes pour \u00e9tablir cette preuve\u00a0\u00bb, a-t-il ajout\u00e9, <strong>comme vous pouvez le voir dans la s\u00e9quence (en anglais) ci-dessous<\/strong>.<\/p>\n<p class=\"mb-4 text-lg md:leading-8 break-words\">\u00ab\u00a0Il est bien connu que la m\u00e9thode scientifique nous indique de pr\u00e9d\u00e9terminer une conclusion, puis de mener des \u00e9tudes pour \u201cen apporter la preuve\u201d\u00a0\u00bb, a r\u00e9pliqu\u00e9 Michelle Au, \u00e9lue d\u00e9mocrate de G\u00e9orgie et m\u00e9decin anesth\u00e9siste, dans un message sur X. Comme le rappelle l\u2019AFP, des \u00e9tudes ont sugg\u00e9r\u00e9 \u00ab\u00a0la possibilit\u00e9 d\u2019un lien\u00a0\u00bb entre la prise de parac\u00e9tamol et le d\u00e9veloppement de l\u2019autisme par le f\u0153tus, mais ce lien n\u2019a \u00ab\u00a0pas \u00e9t\u00e9 av\u00e9r\u00e9 scientifiquement\u00a0\u00bb et \u00ab\u00a0l\u2019analyse la plus solide \u00e0 ce jour l\u2019\u00e9carte m\u00eame\u00a0\u00bb.<\/p>\n<p>\u00ab\u00a0Il ne sait pas ce qu\u2019est le placenta\u00a0\u00bb<\/p>\n<p class=\"mb-4 text-lg md:leading-8 break-words\">Une autre s\u00e9quence lunaire a retenu l\u2019attention des m\u00e9dias am\u00e9ricains. RFK a \u00e9voqu\u00e9 le cas d\u2019une vid\u00e9o <a href=\"https:\/\/fr.news.yahoo.com\/donald-trump-signe-accord-tiktok-150012002.html\" data-ylk=\"slk:TikTok;elm:context_link;itc:0;sec:content-canvas;outcm:mb_qualified_link;_E:mb_qualified_link;ct:story;\" class=\"link  yahoo-link\" target=\"_blank\" rel=\"noopener\">TikTok<\/a> qui montrait, d\u2019apr\u00e8s lui, une femme enceinte en train d\u2019\u00ab\u00a0engloutir du Tylenol\u00a0\u00bb alors qu\u2019elle \u00ab\u00a0portait un b\u00e9b\u00e9 dans son placenta\u00a0\u00bb, le tout en insultant Donald Trump. \u00ab\u00a0Le syndrome de d\u00e9rangement anti-Trump a d\u00e9sormais quitt\u00e9 la sph\u00e8re politique pour entrer dans le domaine de la pathologie\u00a0\u00bb, a-t-il affirm\u00e9.<\/p>\n<p class=\"mb-4 text-lg md:leading-8 break-words\">Premier probl\u00e8me\u00a0: le ministre de la Sant\u00e9 ne comprend visiblement pas grand-chose \u00e0 l\u2019anatomie d\u2019une personne enceinte. Comme le souligne le Washington Post, le f\u0153tus ne se d\u00e9veloppe pas dans le placenta, mais dans l\u2019ut\u00e9rus. La confusion des deux a valu \u00e0 RFK les moqueries du HuffPost US, selon qui \u00ab\u00a0on dirait bien qu\u2019il ne sait pas ce qu\u2019est le placenta\u00a0\u00bb.<\/p>\n<p class=\"mb-4 text-lg md:leading-8 break-words\">Le <a href=\"https:\/\/www.huffpost.com\/entry\/rfk-jr-placenta-baby-uterus-tylenol-tiktok_n_68e805a6e4b0a9f46d0caec5?origin=home-zone-b-unit\" rel=\"nofollow noopener\" target=\"_blank\" data-ylk=\"slk:m\u00e9dia en ligne;elm:context_link;itc:0;sec:content-canvas\" class=\"link \">m\u00e9dia en ligne<\/a> indique \u00e9galement avoir retrouv\u00e9 la vid\u00e9o TikTok \u00e9voqu\u00e9e par le ministre de la Sant\u00e9. Ce clip viral repris par le m\u00e9dia pro-russe Russia Today est assez diff\u00e9rent de la description faite par RFK. La femme enceinte qui y appara\u00eet n\u2019insulte pas Donald Trump et ne le mentionne m\u00eame pas. Sur la vid\u00e9o, elle ne consomme qu\u2019un seul cachet de Tylenol, loin de l\u2019\u00ab\u00a0engloutissement\u00a0\u00bb \u00e9voqu\u00e9 par le proche du pr\u00e9sident am\u00e9ricain.<\/p>\n<p class=\"mb-4 text-lg md:leading-8 break-words\"><a href=\"https:\/\/fr.news.yahoo.com\/prix-nobel-paix-d%C3%A9cern%C3%A9-%C3%A0-090957443.html\" data-ylk=\"slk:Le prix Nobel de la paix d\u00e9cern\u00e9 \u00e0 Mar\u00eda Corina Machado, au grand dam de Donald Trump;elm:context_link;itc:0;sec:content-canvas;outcm:mb_qualified_link;_E:mb_qualified_link;ct:story;\" class=\"link  yahoo-link\" target=\"_blank\" rel=\"noopener\"> Le prix Nobel de la paix d\u00e9cern\u00e9 \u00e0 Mar\u00eda Corina Machado, au grand dam de Donald Trump <\/a><\/p>\n<p class=\"mb-4 text-lg md:leading-8 break-words\"><a href=\"https:\/\/fr.news.yahoo.com\/inculp%C3%A9e-procureure-letitia-james-d%C3%A9test%C3%A9e-050010617.html\" data-ylk=\"slk:Inculp\u00e9e, la procureure Letitia James, d\u00e9test\u00e9e par Trump, d\u00e9nonce des \u00ab\u00a0repr\u00e9sailles politiques\u00a0\u00bb;elm:context_link;itc:0;sec:content-canvas;outcm:mb_qualified_link;_E:mb_qualified_link;ct:story;\" class=\"link  yahoo-link\" target=\"_blank\" rel=\"noopener\"> Inculp\u00e9e, la procureure Letitia James, d\u00e9test\u00e9e par Trump, d\u00e9nonce des \u00ab\u00a0repr\u00e9sailles politiques\u00a0\u00bb <\/a><\/p>\n","protected":false},"excerpt":{"rendered":"\u00c9TATS-UNIS &#8211; Et quand il n\u2019y en a plus, eh bien il y en a encore. Les journalistes&hellip;\n","protected":false},"author":2,"featured_media":454434,"comment_status":"","ping_status":"","sticky":false,"template":"","format":"standard","meta":{"footnotes":""},"categories":[10],"tags":[1011,27,72,50013,6971,57997,57998,71,467],"class_list":{"0":"post-454433","1":"post","2":"type-post","3":"status-publish","4":"format-standard","5":"has-post-thumbnail","7":"category-sante","8":"tag-fr","9":"tag-france","10":"tag-health","11":"tag-lautisme","12":"tag-ministre-de-la-sante","13":"tag-rfk","14":"tag-rfk-jr","15":"tag-sante","16":"tag-trump"},"share_on_mastodon":{"url":"https:\/\/pubeurope.com\/@fr\/115354227428624950","error":""},"_links":{"self":[{"href":"https:\/\/www.europesays.com\/fr\/wp-json\/wp\/v2\/posts\/454433","targetHints":{"allow":["GET"]}}],"collection":[{"href":"https:\/\/www.europesays.com\/fr\/wp-json\/wp\/v2\/posts"}],"about":[{"href":"https:\/\/www.europesays.com\/fr\/wp-json\/wp\/v2\/types\/post"}],"author":[{"embeddable":true,"href":"https:\/\/www.europesays.com\/fr\/wp-json\/wp\/v2\/users\/2"}],"replies":[{"embeddable":true,"href":"https:\/\/www.europesays.com\/fr\/wp-json\/wp\/v2\/comments?post=454433"}],"version-history":[{"count":0,"href":"https:\/\/www.europesays.com\/fr\/wp-json\/wp\/v2\/posts\/454433\/revisions"}],"wp:featuredmedia":[{"embeddable":true,"href":"https:\/\/www.europesays.com\/fr\/wp-json\/wp\/v2\/media\/454434"}],"wp:attachment":[{"href":"https:\/\/www.europesays.com\/fr\/wp-json\/wp\/v2\/media?parent=454433"}],"wp:term":[{"taxonomy":"category","embeddable":true,"href":"https:\/\/www.europesays.com\/fr\/wp-json\/wp\/v2\/categories?post=454433"},{"taxonomy":"post_tag","embeddable":true,"href":"https:\/\/www.europesays.com\/fr\/wp-json\/wp\/v2\/tags?post=454433"}],"curies":[{"name":"wp","href":"https:\/\/api.w.org\/{rel}","templated":true}]}}