{"id":454452,"date":"2025-10-11T07:05:48","date_gmt":"2025-10-11T07:05:48","guid":{"rendered":"https:\/\/www.europesays.com\/fr\/454452\/"},"modified":"2025-10-11T07:05:48","modified_gmt":"2025-10-11T07:05:48","slug":"meurthe-et-moselle-la-foret-de-goupil-un-complexe-de-loisirs-qui-resiste-aux-ecrans-depuis-20-ans-a-bois-de-haye","status":"publish","type":"post","link":"https:\/\/www.europesays.com\/fr\/454452\/","title":{"rendered":"Meurthe-et-Moselle. La For\u00eat de Goupil, un complexe de loisirs qui r\u00e9siste aux \u00e9crans depuis 20 ans \u00e0\u00a0Bois-de-Haye"},"content":{"rendered":"<p>Il y a vingt ans, \u00e0 la place des b\u00e2timents d\u2019une ancienne base am\u00e9ricaine, la famille Meige lan\u00e7ait un pari en for\u00eat de Haye\u00a0: cr\u00e9er un complexe de loisirs o\u00f9 les enfants s\u2019amusent sans \u00e9crans, et o\u00f9 les parents reviennent avec autant de plaisir que leurs gamins. Aujourd\u2019hui, la For\u00eat de Goupil souffle d\u00e9j\u00e0 ses 20 bougies, et Julie Meige, employ\u00e9e, voit les g\u00e9n\u00e9rations d\u00e9filer.<\/p>\n<p>\u00ab\u00a0J\u2019ai des parents qui me disent qu\u2019ils venaient \u00e9tant petits et qui ram\u00e8nent leurs enfants.\u00a0\u00bb Pendant qu\u2019elle raconte \u00e7a, Paul, son fils de 3 ans, slalome d\u00e9j\u00e0 entre les mini-karts et les trampolines. La rel\u00e8ve est assur\u00e9e.<\/p>\n<p>  Pas de tablettes<\/p>\n<p><a href=\"https:\/\/www.estrepublicain.fr\/culture-loisirs\/2025\/07\/22\/la-foret-de-goupil-le-paradis-des-loisirs-entre-nancy-et-toul\" target=\"_blank\" rel=\"noopener\">La For\u00eat de Goupil mise sur une recette simple\u00a0: du fun, des structures g\u00e9antes, du mini-golf, des piscines \u00e0 balles, un laser game, des trampolines\u2026<\/a> et z\u00e9ro \u00e9cran envahissant. \u00ab\u00a0On regarde ce que font les autres \u00e9videmment, on va dans les salons, on reste \u00e0 la pointe, mais on est contre la surench\u00e8re num\u00e9rique\u00a0\u00bb, insiste Julie Meige.<\/p>\n<p>Pas question de transformer les toboggans en tablettes. \u00ab\u00a0Les familles viennent ici pour que leurs enfants d\u00e9crochent, pas pour les scotcher \u00e0 un autre \u00e9cran.\u00a0\u00bb Et le message passe\u00a0: les parents accrochent, les grands-parents reviennent et les enfants ne veulent plus repartir.<\/p>\n<p>Quand la m\u00e9t\u00e9o fait grise mine, la For\u00eat de Goupil devient une vraie valeur refuge. Avec ses 7\u00a0500 m2 , le parc offre une alternative bienvenue aux familles, et pas seulement locales. Bien desservi, il attire aussi de nombreux Vosgiens par exemple. R\u00e9sultat\u00a0: jusqu\u2019\u00e0 20 anniversaires peuvent y \u00eatre c\u00e9l\u00e9br\u00e9s chaque jour en p\u00e9riode de forte affluence. Et \u00e7a fait du boulot.<\/p>\n<p>Pour que tout fonctionne, tout le monde met la main \u00e0 la p\u00e2te. <a href=\"https:\/\/www.estrepublicain.fr\/culture-loisirs\/2023\/06\/09\/la-foret-de-goupil-propose-des-structures-gonflables-sur-sa-nouvelle-aire-de-jeux\" target=\"_blank\" rel=\"noopener\">Pas de poste fig\u00e9\u00a0: chaque membre de la famille passe de l\u2019accueil \u00e0 l\u2019animation, en passant par la maintenance, le bar\u2026 ou m\u00eame le costume de Goupil.<\/a><\/p>\n<p>Et la f\u00eate ne s\u2019arr\u00eate pas\u00a0: Halloween approche, avec ses animations incontournables, un des temps forts du parc.<\/p>\n","protected":false},"excerpt":{"rendered":"Il y a vingt ans, \u00e0 la place des b\u00e2timents d\u2019une ancienne base am\u00e9ricaine, la famille Meige lan\u00e7ait&hellip;\n","protected":false},"author":2,"featured_media":454453,"comment_status":"","ping_status":"","sticky":false,"template":"","format":"standard","meta":{"footnotes":""},"categories":[9635],"tags":[1111,11,11734,11735,4406,1687,33,1707,1704,1706,1705,1777,674,1011,27,775,1702,12,25],"class_list":{"0":"post-454452","1":"post","2":"type-post","3":"status-publish","4":"format-standard","5":"has-post-thumbnail","7":"category-nancy","8":"tag-actu","9":"tag-actualites","10":"tag-bois-de-haye","11":"tag-cc-terres-touloises-54d","12":"tag-commerce-et-services","13":"tag-culture-loisirs","14":"tag-economie","15":"tag-edition-luneville","16":"tag-edition-nancy-et-agglomeration","17":"tag-edition-pont-a-mousson","18":"tag-edition-toul","19":"tag-eu","20":"tag-europe","21":"tag-fr","22":"tag-france","23":"tag-grand-est","24":"tag-nancy","25":"tag-news","26":"tag-republique-francaise"},"share_on_mastodon":{"url":"https:\/\/pubeurope.com\/@fr\/115354270696752655","error":""},"_links":{"self":[{"href":"https:\/\/www.europesays.com\/fr\/wp-json\/wp\/v2\/posts\/454452","targetHints":{"allow":["GET"]}}],"collection":[{"href":"https:\/\/www.europesays.com\/fr\/wp-json\/wp\/v2\/posts"}],"about":[{"href":"https:\/\/www.europesays.com\/fr\/wp-json\/wp\/v2\/types\/post"}],"author":[{"embeddable":true,"href":"https:\/\/www.europesays.com\/fr\/wp-json\/wp\/v2\/users\/2"}],"replies":[{"embeddable":true,"href":"https:\/\/www.europesays.com\/fr\/wp-json\/wp\/v2\/comments?post=454452"}],"version-history":[{"count":0,"href":"https:\/\/www.europesays.com\/fr\/wp-json\/wp\/v2\/posts\/454452\/revisions"}],"wp:featuredmedia":[{"embeddable":true,"href":"https:\/\/www.europesays.com\/fr\/wp-json\/wp\/v2\/media\/454453"}],"wp:attachment":[{"href":"https:\/\/www.europesays.com\/fr\/wp-json\/wp\/v2\/media?parent=454452"}],"wp:term":[{"taxonomy":"category","embeddable":true,"href":"https:\/\/www.europesays.com\/fr\/wp-json\/wp\/v2\/categories?post=454452"},{"taxonomy":"post_tag","embeddable":true,"href":"https:\/\/www.europesays.com\/fr\/wp-json\/wp\/v2\/tags?post=454452"}],"curies":[{"name":"wp","href":"https:\/\/api.w.org\/{rel}","templated":true}]}}