{"id":454456,"date":"2025-10-11T07:07:14","date_gmt":"2025-10-11T07:07:14","guid":{"rendered":"https:\/\/www.europesays.com\/fr\/454456\/"},"modified":"2025-10-11T07:07:14","modified_gmt":"2025-10-11T07:07:14","slug":"un-air-dangouleme-a-la-seyne-sur-mer","status":"publish","type":"post","link":"https:\/\/www.europesays.com\/fr\/454456\/","title":{"rendered":"Un air d\u2019Angoul\u00eame \u00e0 La Seyne-sur-Mer"},"content":{"rendered":"\n<p>Pr\u00e9sentation d\u2019une \u0153uvre collaborative seynoise<\/p>\n<p>D\u2019autres prix, comme celui du meilleur sc\u00e9nariste, seront remis par la m\u00eame occasion. L\u2019ann\u00e9e derni\u00e8re, c\u2019est Jean-Luc Garrera qui l\u2019avait emport\u00e9. C\u2019est lui qui pr\u00e9sidera le festival, avec une vingtaine d\u2019artistes internationaux pr\u00e9sents. Pierre Tranchand (plus connu sous le pseudonyme Pica), auteur de la c\u00e9l\u00e8bre s\u00e9rie Les\u00a0Profs, dont le 28e\u00a0tome, intitul\u00e9 Carnet de potes, sortira le 28\u00a0octobre, sera \u00e9galement de la partie avec Frank Margerin, auteur de la s\u00e9rie Lucien, le traducteur de mangas Fr\u00e9d\u00e9ric Antoine, ou encore les auteurs italiens Giovanni Rigano et Barbara Canepa. Enfin, Th\u00e9a Rozjman fera \u00e9galement honneur de sa pr\u00e9sence, avec l\u2019association Maefe, qui travaille dans les quartiers de La Seyne-sur-Mer, et a r\u00e9alis\u00e9 une BD intitul\u00e9e Elles en partenariat avec le Labo des Histoires. Cinq habitants des quartiers y racontent leurs exp\u00e9riences de vie, dans une \u0153uvre dirig\u00e9e par les conseils de l\u2019autrice. Ils seront pr\u00e9sents sur les deux jours et pourront d\u00e9dicacer cet ouvrage en cours d\u2019\u00e9dition.<\/p>\n<p>Les visiteurs pourront aussi participer \u00e0 diff\u00e9rentes animations\u00a0: ventes d\u2019objets de collection et de livres, coin lecture, stands de fanzines et auto-\u00e9diteurs, ateliers jeux de soci\u00e9t\u00e9 autour de la BD avec l\u2019association Les yeux dans les jeux et une exposition sur L\u2019univers de Jung et Marty, deux auteurs qui pr\u00e9senteront leur travail en grand format.<\/p>\n<p>\u00c0 noter que chaque livre achet\u00e9 durant le festival donne droit \u00e0 un ticket de tombola, avec diff\u00e9rents lots \u00e0 gagner. \u00c7a vaut le coup de soutenir les auteurs et le festival, d\u2019autant plus que celui-ci est totalement gratuit.<\/p>\n<p>Samedi et dimanche (10h-18h), Bourse du Travail de La Seyne-sur-Mer. Entr\u00e9e gratuite.<\/p>\n","protected":false},"excerpt":{"rendered":"Pr\u00e9sentation d\u2019une \u0153uvre collaborative seynoise D\u2019autres prix, comme celui du meilleur sc\u00e9nariste, seront remis par la m\u00eame occasion.&hellip;\n","protected":false},"author":2,"featured_media":454457,"comment_status":"","ping_status":"","sticky":false,"template":"","format":"standard","meta":{"footnotes":""},"categories":[9619],"tags":[1111,11,1777,674,1011,27,10066,12,882,25,2310],"class_list":{"0":"post-454456","1":"post","2":"type-post","3":"status-publish","4":"format-standard","5":"has-post-thumbnail","7":"category-toulon","8":"tag-actu","9":"tag-actualites","10":"tag-eu","11":"tag-europe","12":"tag-fr","13":"tag-france","14":"tag-lecteurs","15":"tag-news","16":"tag-provence-alpes-cote-dazur","17":"tag-republique-francaise","18":"tag-toulon"},"share_on_mastodon":{"url":"https:\/\/pubeurope.com\/@fr\/115354274639467813","error":""},"_links":{"self":[{"href":"https:\/\/www.europesays.com\/fr\/wp-json\/wp\/v2\/posts\/454456","targetHints":{"allow":["GET"]}}],"collection":[{"href":"https:\/\/www.europesays.com\/fr\/wp-json\/wp\/v2\/posts"}],"about":[{"href":"https:\/\/www.europesays.com\/fr\/wp-json\/wp\/v2\/types\/post"}],"author":[{"embeddable":true,"href":"https:\/\/www.europesays.com\/fr\/wp-json\/wp\/v2\/users\/2"}],"replies":[{"embeddable":true,"href":"https:\/\/www.europesays.com\/fr\/wp-json\/wp\/v2\/comments?post=454456"}],"version-history":[{"count":0,"href":"https:\/\/www.europesays.com\/fr\/wp-json\/wp\/v2\/posts\/454456\/revisions"}],"wp:featuredmedia":[{"embeddable":true,"href":"https:\/\/www.europesays.com\/fr\/wp-json\/wp\/v2\/media\/454457"}],"wp:attachment":[{"href":"https:\/\/www.europesays.com\/fr\/wp-json\/wp\/v2\/media?parent=454456"}],"wp:term":[{"taxonomy":"category","embeddable":true,"href":"https:\/\/www.europesays.com\/fr\/wp-json\/wp\/v2\/categories?post=454456"},{"taxonomy":"post_tag","embeddable":true,"href":"https:\/\/www.europesays.com\/fr\/wp-json\/wp\/v2\/tags?post=454456"}],"curies":[{"name":"wp","href":"https:\/\/api.w.org\/{rel}","templated":true}]}}