{"id":454458,"date":"2025-10-11T07:08:16","date_gmt":"2025-10-11T07:08:16","guid":{"rendered":"https:\/\/www.europesays.com\/fr\/454458\/"},"modified":"2025-10-11T07:08:16","modified_gmt":"2025-10-11T07:08:16","slug":"asm-clermont-rc-toulon-un-defi-a-la-hauteur-des-clermontois","status":"publish","type":"post","link":"https:\/\/www.europesays.com\/fr\/454458\/","title":{"rendered":"ASM Clermont &#8211; RC Toulon : un d\u00e9fi \u00e0 la hauteur des Clermontois ?"},"content":{"rendered":"<p>\t\t\t\t\t\t\t\t\t\t\t<img loading=\"lazy\" decoding=\"async\" width=\"1280\" title=\"ASM Clermont - RC Toulon : un d\u00e9fi \u00e0 la hauteur des Clermontois ?\" class=\"img-fluid  mb-3\" src=\"https:\/\/www.radiorva.com\/media\/news\/asm-clermont-rc-toulon-un-defi-a-la-hauteur-des-clermontois_68e7792f7ac70.webp\" alt=\"ASM Clermont - RC Toulon : un d\u00e9fi \u00e0 la hauteur des Clermontois ?\" itemprop=\"image\" height=\"720\"\/>\t\t\t\t\t\t\t\t\t\t\t\t<\/p>\n<p>Les Clermontois se pr\u00e9parent \u00e0 un match tr\u00e8s physique ce samedi \u00a9 ASM Rugby<\/p>\n<p itemprop=\"description\"><strong>Ce samedi 11 octobre, c&rsquo;est un nouveau choc \u00e0 domicile qui attend les Jaunards. L&rsquo;ASM Clermont re\u00e7oit le RC Toulon apr\u00e8s sa large victoire de la semaine derni\u00e8re.<\/strong><\/p>\n<p style=\"text-align: justify;\">Apr\u00e8s leur large victoire face \u00e0 Montauban la semaine derni\u00e8re (84-31), c&rsquo;est une autre histoire qui attend l&rsquo;ASM Clermont ce samedi 11 octobre. Le RC Toulon se d\u00e9place au stade Marcel Michelin pour la 6e journ\u00e9e de TOP 14. Et clairement, les deux \u00e9quipes n&rsquo;ont pas du tout le m\u00eame d\u00e9but de saison.<\/p>\n<p style=\"text-align: justify;\"><strong>La meilleure d\u00e9fense face \u00e0 la meilleure attaque<\/strong><\/p>\n<p style=\"text-align: justify;\">Du c\u00f4t\u00e9 des Toulonnais, on peut dire que la saison d\u00e9marre bien. Sur les quatre matchs jou\u00e9s (leur match face \u00e0 La Rochelle a \u00e9t\u00e9 report\u00e9 en raison des intemp\u00e9ries), les rouges et noirs ne se sont inclin\u00e9s qu&rsquo;une seule fois face \u00e0 Bayonne, mais en ramenant le bonus d\u00e9fensif.<\/p>\n<p style=\"text-align: justify;\">En ce d\u00e9but de saison, Toulon est la meilleure d\u00e9fense du Top 14 puisqu&rsquo;il n&rsquo;a encaiss\u00e9 que 81 points (contre 169 pour Clermont, 13e d\u00e9fense). Mais \u00e0 l&rsquo;inverse, fort de son match face \u00e0 Montauban, l&rsquo;ASM Clermont s&rsquo;est hiss\u00e9 en premi\u00e8re position de la meilleure attaque avec 205 points inscrits en cinq matchs. C\u00f4t\u00e9 indiscipline, les deux \u00e9quipes ont subi trois cartons jaunes.<\/p>\n<p style=\"text-align: justify;\">Ce sont des profils oppos\u00e9s qui vont s&rsquo;affronter ce samedi au Michelin. Le coup d&rsquo;envoi de ASM Clermont &#8211; RC Toulon, c&rsquo;est \u00e0 21h.<\/p>\n","protected":false},"excerpt":{"rendered":"Les Clermontois se pr\u00e9parent \u00e0 un match tr\u00e8s physique ce samedi \u00a9 ASM Rugby Ce samedi 11 octobre,&hellip;\n","protected":false},"author":2,"featured_media":454459,"comment_status":"","ping_status":"","sticky":false,"template":"","format":"standard","meta":{"footnotes":""},"categories":[9619],"tags":[1111,11,6733,7736,650,2313,7734,2889,2263,1777,674,9375,1011,27,6417,1114,4662,12,3725,882,1825,9374,25,9373,9376,2310,7737],"class_list":{"0":"post-454458","1":"post","2":"type-post","3":"status-publish","4":"format-standard","5":"has-post-thumbnail","7":"category-toulon","8":"tag-actu","9":"tag-actualites","10":"tag-auvergne","11":"tag-cds","12":"tag-cinema","13":"tag-clermont","14":"tag-ecoute","15":"tag-emission","16":"tag-equipe","17":"tag-eu","18":"tag-europe","19":"tag-ferrand","20":"tag-fr","21":"tag-france","22":"tag-information","23":"tag-infos","24":"tag-journal","25":"tag-news","26":"tag-podcast","27":"tag-provence-alpes-cote-dazur","28":"tag-radio","29":"tag-radiorva","30":"tag-republique-francaise","31":"tag-rva","32":"tag-thiers","33":"tag-toulon","34":"tag-winamp"},"share_on_mastodon":{"url":"https:\/\/pubeurope.com\/@fr\/115354279088653634","error":""},"_links":{"self":[{"href":"https:\/\/www.europesays.com\/fr\/wp-json\/wp\/v2\/posts\/454458","targetHints":{"allow":["GET"]}}],"collection":[{"href":"https:\/\/www.europesays.com\/fr\/wp-json\/wp\/v2\/posts"}],"about":[{"href":"https:\/\/www.europesays.com\/fr\/wp-json\/wp\/v2\/types\/post"}],"author":[{"embeddable":true,"href":"https:\/\/www.europesays.com\/fr\/wp-json\/wp\/v2\/users\/2"}],"replies":[{"embeddable":true,"href":"https:\/\/www.europesays.com\/fr\/wp-json\/wp\/v2\/comments?post=454458"}],"version-history":[{"count":0,"href":"https:\/\/www.europesays.com\/fr\/wp-json\/wp\/v2\/posts\/454458\/revisions"}],"wp:featuredmedia":[{"embeddable":true,"href":"https:\/\/www.europesays.com\/fr\/wp-json\/wp\/v2\/media\/454459"}],"wp:attachment":[{"href":"https:\/\/www.europesays.com\/fr\/wp-json\/wp\/v2\/media?parent=454458"}],"wp:term":[{"taxonomy":"category","embeddable":true,"href":"https:\/\/www.europesays.com\/fr\/wp-json\/wp\/v2\/categories?post=454458"},{"taxonomy":"post_tag","embeddable":true,"href":"https:\/\/www.europesays.com\/fr\/wp-json\/wp\/v2\/tags?post=454458"}],"curies":[{"name":"wp","href":"https:\/\/api.w.org\/{rel}","templated":true}]}}