{"id":454499,"date":"2025-10-11T07:32:14","date_gmt":"2025-10-11T07:32:14","guid":{"rendered":"https:\/\/www.europesays.com\/fr\/454499\/"},"modified":"2025-10-11T07:32:14","modified_gmt":"2025-10-11T07:32:14","slug":"la-diaspora-malgache-manifeste-a-lyon","status":"publish","type":"post","link":"https:\/\/www.europesays.com\/fr\/454499\/","title":{"rendered":"la diaspora malgache manifeste \u00e0 Lyon"},"content":{"rendered":"<p itemprop=\"description\"><strong>Ce samedi apr\u00e8s-midi, la diaspora malgache de Lyon est invit\u00e9e \u00e0 se rassembler place Bellecour.<\/strong><\/p>\n<p>De 15h \u00e0 18h, une manifestation doit se d\u00e9rouler pour soutenir celles qui se d\u00e9roulent \u00e0 Madagascar \u00ab\u00a0face \u00e0 la situation socio-\u00e9conomique pr\u00e9occupante du pays : d\u00e9lestages fr\u00e9quents, manque d&rsquo;eau potable, pr\u00e9carit\u00e9 grandissante et difficult\u00e9s sociales\u00a0\u00bb.<\/p>\n<p>Les organisateurs lyonnais promettent un mouvement dans un \u00ab\u00a0esprit pacifique et citoyen\u00a0\u00bb pour \u00ab\u00a0attirer l&rsquo;attention de l&rsquo;opinion publique et des autorit\u00e9s sur la crise que traverse la Grande \u00cele\u00a0\u00bb.<\/p>\n<p>Depuis fin septembre, Madagascar est secou\u00e9 par des manifestations d\u2019ampleur, initi\u00e9es par un mouvement de jeunesse nomm\u00e9 Gen Z Madagascar, d\u00e9non\u00e7ant les coupures d\u2019eau et d\u2019\u00e9lectricit\u00e9 r\u00e9p\u00e9t\u00e9es, la corruption et la mauvaise gouvernance.<\/p>\n<p>Face \u00e0 la pression populaire, et alors que des morts sont \u00e0 d\u00e9plorer chez les manifestants, le pr\u00e9sident Andry Rajoelina a dissous son gouvernement et nomm\u00e9 un nouveau Premier ministre, le g\u00e9n\u00e9ral Ruphin Fortunat Zafisambo, dans l\u2019espoir d\u2019apaiser la situation. \u00a0 Les manifestations, jusque-l\u00e0 concentr\u00e9es \u00e0 Antananarivo, se sont \u00e9tendues \u00e0 plusieurs villes, provoquant des affrontements avec les forces de l\u2019ordre.<\/p>\n","protected":false},"excerpt":{"rendered":"Ce samedi apr\u00e8s-midi, la diaspora malgache de Lyon est invit\u00e9e \u00e0 se rassembler place Bellecour. De 15h \u00e0&hellip;\n","protected":false},"author":2,"featured_media":454500,"comment_status":"","ping_status":"","sticky":false,"template":"","format":"standard","meta":{"footnotes":""},"categories":[1889],"tags":[1111,11,2813,2190,2430,1109,251,1112,2811,1777,674,118,1011,27,1922,1110,1114,2428,2810,12,241,316,25,2812,517,800],"class_list":{"0":"post-454499","1":"post","2":"type-post","3":"status-publish","4":"format-standard","5":"has-post-thumbnail","7":"category-lyon","8":"tag-actu","9":"tag-actualites","10":"tag-article","11":"tag-asvel","12":"tag-auvergne-rhone-alpes","13":"tag-breves","14":"tag-culture","15":"tag-depeches","16":"tag-economique","17":"tag-eu","18":"tag-europe","19":"tag-faits-divers","20":"tag-fr","21":"tag-france","22":"tag-info","23":"tag-informations","24":"tag-infos","25":"tag-lyon","26":"tag-lyonmag","27":"tag-news","28":"tag-ol","29":"tag-politique","30":"tag-republique-francaise","31":"tag-sociale","32":"tag-sport","33":"tag-transports"},"share_on_mastodon":{"url":"https:\/\/pubeurope.com\/@fr\/115354372902770802","error":""},"_links":{"self":[{"href":"https:\/\/www.europesays.com\/fr\/wp-json\/wp\/v2\/posts\/454499","targetHints":{"allow":["GET"]}}],"collection":[{"href":"https:\/\/www.europesays.com\/fr\/wp-json\/wp\/v2\/posts"}],"about":[{"href":"https:\/\/www.europesays.com\/fr\/wp-json\/wp\/v2\/types\/post"}],"author":[{"embeddable":true,"href":"https:\/\/www.europesays.com\/fr\/wp-json\/wp\/v2\/users\/2"}],"replies":[{"embeddable":true,"href":"https:\/\/www.europesays.com\/fr\/wp-json\/wp\/v2\/comments?post=454499"}],"version-history":[{"count":0,"href":"https:\/\/www.europesays.com\/fr\/wp-json\/wp\/v2\/posts\/454499\/revisions"}],"wp:featuredmedia":[{"embeddable":true,"href":"https:\/\/www.europesays.com\/fr\/wp-json\/wp\/v2\/media\/454500"}],"wp:attachment":[{"href":"https:\/\/www.europesays.com\/fr\/wp-json\/wp\/v2\/media?parent=454499"}],"wp:term":[{"taxonomy":"category","embeddable":true,"href":"https:\/\/www.europesays.com\/fr\/wp-json\/wp\/v2\/categories?post=454499"},{"taxonomy":"post_tag","embeddable":true,"href":"https:\/\/www.europesays.com\/fr\/wp-json\/wp\/v2\/tags?post=454499"}],"curies":[{"name":"wp","href":"https:\/\/api.w.org\/{rel}","templated":true}]}}