{"id":454509,"date":"2025-10-11T07:39:10","date_gmt":"2025-10-11T07:39:10","guid":{"rendered":"https:\/\/www.europesays.com\/fr\/454509\/"},"modified":"2025-10-11T07:39:10","modified_gmt":"2025-10-11T07:39:10","slug":"un-couple-de-voisins-demmanuel-macron-refuse-de-payer-ses-80-000-euros-de-dettes-de-loyer","status":"publish","type":"post","link":"https:\/\/www.europesays.com\/fr\/454509\/","title":{"rendered":"un couple de voisins d&rsquo;Emmanuel Macron refuse de payer ses 80 000 euros de dettes de loyer"},"content":{"rendered":"<p>            Par<br \/>\n        <strong><br \/>\n            <a href=\"https:\/\/actu.fr\/auteur\/redaction-paris\" title=\"Consulter tous les articles de R\u00e9daction Paris\" target=\"_blank\" rel=\"noopener\">R\u00e9daction Paris<\/a><br \/>\n        <\/strong><\/p>\n<p>        Publi\u00e9 le<\/p>\n<p>            11 oct. 2025 \u00e0 6h34        <\/p>\n<p>Une belle ardoise. Le <a href=\"https:\/\/actu.fr\/tag\/tribunal-administratif-de-paris\" target=\"_blank\" rel=\"noopener\">tribunal administratif de Paris<\/a> a \u00e9t\u00e9 saisi mi-ao\u00fbt 2025 par un couple vivant dans le 8e arrondissement, pour ne pas avoir \u00e0 payer ses quelque 81 000 euros de dettes de loyer. Les requ\u00e9rants voulaient faire annuler \u00ab\u00a0l\u2019avis des sommes \u00e0 payer\u00a0\u00bb de 81 734,44 euros qui avait \u00e9t\u00e9 \u00e9mis par leur bailleur, l\u2019<strong>Institut de France<\/strong>, pour les \u00ab\u00a0loyers\u00a0\u00bb et \u00ab\u00a0charges\u00a0\u00bb de leur \u00ab\u00a0local \u00e0 usage d\u2019habitation\u00a0\u00bb situ\u00e9 au 6 rue de l\u2019Elys\u00e9e, juste \u00e0 c\u00f4t\u00e9 du <a href=\"https:\/\/actu.fr\/tag\/elysee\" target=\"_blank\" rel=\"noopener\">Palais de l\u2019Elys\u00e9e<\/a>.<\/p>\n<p>Le juge ne s\u2019est m\u00eame pas pench\u00e9 sur le fond du dossier<\/p>\n<p class=\" wall-content\">Pour rappel, cette institution cr\u00e9\u00e9e en 1795 abrite les intellectuels de l\u2019Acad\u00e9mie fran\u00e7aise, de\u00a0l\u2019Acad\u00e9mie des Inscriptions et Belles-lettres, de l\u2019Acad\u00e9mie des sciences, de l\u2019Acad\u00e9mie des Beaux-arts et de l\u2019Acad\u00e9mie des Sciences morales et politiques. Ce m\u00e9c\u00e8ne \u2013 qui\u00a0si\u00e8ge sur le quai de Conti, dans le 6e arrondissement de Paris \u2013 poss\u00e8de aussi un important \u00ab\u00a0patrimoine artistique et culturel\u00a0\u00bb, comme le ch\u00e2teau de Chantilly (Oise) ou celui de Langeais (Indre-et-Loire).<\/p>\n<p class=\" wall-content\">Les voisins d\u2019<a href=\"https:\/\/actu.fr\/tag\/emmanuel-macron\" target=\"_blank\" rel=\"noopener\">Emmanuel Macron<\/a> voulaient donc qu\u2019il soit fait \u00ab\u00a0injonction\u00a0\u00bb \u00e0 l\u2019Institut de France de \u00ab\u00a0mettre un terme \u00e0 toutes poursuites\u00a0\u00bb sous \u00ab\u00a048 heures\u00a0\u00bb, sous peine de \u00ab\u00a0500 euros par jour de retard\u00a0\u00bb. Ils r\u00e9clamaient au passage 2 500 euros pour leurs frais de justice, m\u00eame s\u2019ils avaient introduit cette requ\u00eate sans avocat.<\/p>\n<p class=\" wall-content\">Mais le juge ne s\u2019est m\u00eame pas pench\u00e9 sur le fond du dossier. \u00ab\u00a0Les rapports qui unissent des locataires \u00e0 leur bailleur sont de droit priv\u00e9\u00a0\u00bb, rappelle-t-il en effet dans une ordonnance en date du 10 septembre 2025 qui vient d\u2019\u00eatre rendue publique.<\/p>\n<p class=\" wall-content\">\u00ab\u00a0En cons\u00e9quence, les litiges auxquels peuvent donner lieu ces rapports rel\u00e8vent de la comp\u00e9tence des juridictions de l\u2019ordre judiciaire, sans qu\u2019ait d\u2019incidence le mode de recouvrement de la cr\u00e9ance locative. Ainsi, la requ\u00eate de M. et Mme X. ne peut qu\u2019\u00eatre rejet\u00e9e.\u00a0\u00bb<\/p>\n<p class=\" wall-content\"><strong>GF-PressPepper<\/strong><\/p>\n<p class=\" wall-content\">Personnalisez votre actualit\u00e9 en ajoutant vos villes et m\u00e9dias en favori avec <a href=\"https:\/\/moncompte.actu.fr\" title=\"D\u00e9couvez Mon Actu\" rel=\"nofollow noopener\" data-trk=\"{&quot;cta&quot;:{&quot;action&quot;:&quot;https:\\\/\\\/moncompte.actu.fr&quot;,&quot;category&quot;:&quot;mon compte&quot;,&quot;from&quot;:&quot;article footer&quot;,&quot;name&quot;:&quot;Mon actu&quot;,&quot;type&quot;:&quot;cta&quot;}}\" target=\"_blank\">Mon Actu<\/a>.<\/p>\n","protected":false},"excerpt":{"rendered":"Par R\u00e9daction Paris Publi\u00e9 le 11 oct. 2025 \u00e0 6h34 Une belle ardoise. Le tribunal administratif de Paris&hellip;\n","protected":false},"author":2,"featured_media":454510,"comment_status":"","ping_status":"","sticky":false,"template":"","format":"standard","meta":{"footnotes":""},"categories":[1888],"tags":[11,4527,1777,674,1011,27,303,12,626,25,104,22321],"class_list":{"0":"post-454509","1":"post","2":"type-post","3":"status-publish","4":"format-standard","5":"has-post-thumbnail","7":"category-paris","8":"tag-actualites","9":"tag-elysee","10":"tag-eu","11":"tag-europe","12":"tag-fr","13":"tag-france","14":"tag-justice","15":"tag-news","16":"tag-paris","17":"tag-republique-francaise","18":"tag-societe","19":"tag-tribunal-administratif-de-paris"},"share_on_mastodon":{"url":"https:\/\/pubeurope.com\/@fr\/115354400490944464","error":""},"_links":{"self":[{"href":"https:\/\/www.europesays.com\/fr\/wp-json\/wp\/v2\/posts\/454509","targetHints":{"allow":["GET"]}}],"collection":[{"href":"https:\/\/www.europesays.com\/fr\/wp-json\/wp\/v2\/posts"}],"about":[{"href":"https:\/\/www.europesays.com\/fr\/wp-json\/wp\/v2\/types\/post"}],"author":[{"embeddable":true,"href":"https:\/\/www.europesays.com\/fr\/wp-json\/wp\/v2\/users\/2"}],"replies":[{"embeddable":true,"href":"https:\/\/www.europesays.com\/fr\/wp-json\/wp\/v2\/comments?post=454509"}],"version-history":[{"count":0,"href":"https:\/\/www.europesays.com\/fr\/wp-json\/wp\/v2\/posts\/454509\/revisions"}],"wp:featuredmedia":[{"embeddable":true,"href":"https:\/\/www.europesays.com\/fr\/wp-json\/wp\/v2\/media\/454510"}],"wp:attachment":[{"href":"https:\/\/www.europesays.com\/fr\/wp-json\/wp\/v2\/media?parent=454509"}],"wp:term":[{"taxonomy":"category","embeddable":true,"href":"https:\/\/www.europesays.com\/fr\/wp-json\/wp\/v2\/categories?post=454509"},{"taxonomy":"post_tag","embeddable":true,"href":"https:\/\/www.europesays.com\/fr\/wp-json\/wp\/v2\/tags?post=454509"}],"curies":[{"name":"wp","href":"https:\/\/api.w.org\/{rel}","templated":true}]}}