{"id":454518,"date":"2025-10-11T07:44:11","date_gmt":"2025-10-11T07:44:11","guid":{"rendered":"https:\/\/www.europesays.com\/fr\/454518\/"},"modified":"2025-10-11T07:44:11","modified_gmt":"2025-10-11T07:44:11","slug":"la-france-lallemagne-et-le-royaume-uni-appellent-lonu-a-soutenir-le-cessez-le-feu-a-gaza","status":"publish","type":"post","link":"https:\/\/www.europesays.com\/fr\/454518\/","title":{"rendered":"La France, l\u2019Allemagne et le Royaume-Uni appellent l\u2019ONU \u00e0 soutenir le cessez-le-feu \u00e0 Gaza"},"content":{"rendered":"<p>AA \/ Bruxelles \/ Melike Pala<\/p>\n<p>Les dirigeants de la France, de l\u2019Allemagne et du Royaume-Uni ont exhort\u00e9 vendredi le Conseil de s\u00e9curit\u00e9 de l\u2019ONU \u00e0 apporter son plein soutien au nouveau plan de cessez-le-feu \u00e0 Gaza, insistant sur l\u2019importance de sa mise en \u0153uvre rapide et compl\u00e8te.<\/p>\n<p>Dans une d\u00e9claration conjointe, les trois dirigeants ont salu\u00e9 \u00ab\u202fl\u2019accord sur un cessez-le-feu au Moyen-Orient, la lib\u00e9ration pr\u00e9vue des otages et la reprise de l\u2019aide humanitaire \u00e0 la population civile de Gaza\u202f\u00bb.<\/p>\n<p>Ils ont rendu hommage au \u00ab\u202fleadership\u202f\u00bb du pr\u00e9sident am\u00e9ricain Donald Trump sur le dossier, ainsi qu\u2019aux efforts diplomatiques de la T\u00fcrkiye, de l\u2019\u00c9gypte et du Qatar, et au \u00ab\u202fsoutien vital de la r\u00e9gion \u00e9largie\u202f\u00bb pour garantir la conclusion de l\u2019accord.<\/p>\n<p>\u00ab\u202fIl est d\u00e9sormais primordial que toutes les parties remplissent pleinement leurs obligations, sans d\u00e9lai. Nous sommes pr\u00eats \u00e0 soutenir de nouvelles discussions sur les \u00e9tapes suivantes du plan et \u00e0 y contribuer\u202f\u00bb, indique le communiqu\u00e9.<\/p>\n<p>\u00ab\u202fDans le cadre de cet effort, nous convenons que le Conseil de s\u00e9curit\u00e9 de l\u2019ONU doit apporter son plein soutien au plan et en soutenir la mise en \u0153uvre\u202f\u00bb, ajoute le texte.<\/p>\n<p>Les dirigeants se sont \u00e9galement engag\u00e9s \u00e0 fournir \u00ab\u202fdes programmes d\u2019aide humanitaire substantiels via les agences de l\u2019ONU\u202f\u00bb, \u00e0 livrer une fois le cessez-le-feu effectif.<\/p>\n<p>Le 29 septembre, Donald Trump avait d\u00e9voil\u00e9 un plan en 20 points pour Gaza, pr\u00e9voyant la lib\u00e9ration de tous les captifs isra\u00e9liens en \u00e9change d\u2019environ 2 000 prisonniers palestiniens, un cessez-le-feu permanent et un retrait progressif des forces isra\u00e9liennes de l\u2019ensemble de la bande de Gaza.<\/p>\n<p>La deuxi\u00e8me phase du plan pr\u00e9voit l\u2019\u00e9tablissement d\u2019un nouveau m\u00e9canisme de gouvernance \u00e0 Gaza sans la participation du Hamas, la formation d\u2019une force de s\u00e9curit\u00e9 compos\u00e9e de Palestiniens et de troupes de pays arabes et islamiques, ainsi que le d\u00e9sarmement du Hamas.<\/p>\n<p>Le plan stipule \u00e9galement le financement arabe et islamique de la nouvelle administration et de la reconstruction de la bande de Gaza, avec une participation limit\u00e9e de l\u2019Autorit\u00e9 palestinienne.<\/p>\n<p>Les pays arabes et musulmans ont, dans l\u2019ensemble, accueilli favorablement le plan, mais certains responsables ont soulign\u00e9 que de nombreux d\u00e9tails n\u00e9cessitent des discussions et des n\u00e9gociations pour \u00eatre pleinement appliqu\u00e9s.<\/p>\n<p>&#8211; Iran et Ukraine<\/p>\n<p>S\u2019agissant de l\u2019Iran, la d\u00e9claration a soulign\u00e9 le soutien des pays de l\u2019E3 (France, Allemagne et Royaume-Uni) au m\u00e9canisme de r\u00e9activation des sanctions de l\u2019ONU contre T\u00e9h\u00e9ran, qualifiant le programme nucl\u00e9aire iranien de \u00ab\u202fmenace s\u00e9rieuse pour la paix et la s\u00e9curit\u00e9 mondiales\u202f\u00bb.<\/p>\n<p>Les pays ont affirm\u00e9 leur d\u00e9termination \u00e0 \u00ab\u202frelancer les n\u00e9gociations avec l\u2019Iran et les \u00c9tats-Unis en vue d\u2019un accord global, durable et v\u00e9rifiable garantissant que l\u2019Iran ne se dote jamais d\u2019une arme nucl\u00e9aire\u202f\u00bb, appelant tous les \u00c9tats membres de l\u2019ONU \u00e0 respecter les restrictions.<\/p>\n<p>Concernant l\u2019Ukraine, les dirigeants ont vivement condamn\u00e9 les \u00ab\u202fattaques escalatoires\u202f\u00bb de la Russie et son \u00ab\u202fciblage syst\u00e9matique des infrastructures nationales critiques\u202f\u00bb, vitales pour la population civile en hiver.<\/p>\n<p>Ils ont promis d\u2019intensifier la pression sur Moscou et ont indiqu\u00e9 \u00eatre pr\u00eats \u00e0 utiliser les actifs souverains russes immobilis\u00e9s pour soutenir les forces arm\u00e9es ukrainiennes \u00ab\u202fen \u00e9troite coop\u00e9ration avec les \u00c9tats-Unis\u202f\u00bb.<\/p>\n<p>* Traduit de l&rsquo;anglais par Seyma Erkul Dayanc<\/p>\n<p>                            &#13;<br \/>\n                                <a href=\"https:\/\/www.aa.com.tr\/fr\/p\/abonnement\/1001\" target=\"_blank\" style=\"font-size:12px; color:#444; text-decoration:none;\" rel=\"noopener\">&#13;<br \/>\n                                    Seulement une partie des d\u00e9p\u00eaches, que l&rsquo;Agence Anadolu diffuse \u00e0 ses abonn\u00e9s via le Syst\u00e8me de Diffusion interne (HAS), est diffus\u00e9e sur le site de l&rsquo;AA, de mani\u00e8re r\u00e9sum\u00e9e. <b style=\"color:#1897F7\">Contactez-nous s&rsquo;il vous pla\u00eet pour vous abonner.<\/b>&#13;<br \/>\n                                <\/a>&#13;<\/p>\n","protected":false},"excerpt":{"rendered":"AA \/ Bruxelles \/ Melike Pala Les dirigeants de la France, de l\u2019Allemagne et du Royaume-Uni ont exhort\u00e9&hellip;\n","protected":false},"author":2,"featured_media":454519,"comment_status":"","ping_status":"","sticky":false,"template":"","format":"standard","meta":{"footnotes":""},"categories":[1588],"tags":[11,672,1785,1777,674,27,12,3521,473,1853,1851,1850,1852],"class_list":{"0":"post-454518","1":"post","2":"type-post","3":"status-publish","4":"format-standard","5":"has-post-thumbnail","7":"category-royaume-uni","8":"tag-actualites","9":"tag-allemagne","10":"tag-anadolu-ajansi","11":"tag-eu","12":"tag-europe","13":"tag-france","14":"tag-news","15":"tag-onu","16":"tag-royaume-uni","17":"tag-royaume-uni-de-grande-bretagne-et-dirlande-du-nord","18":"tag-uk","19":"tag-united-kingdom","20":"tag-united-kingdom-of-great-britain-and-northern-ireland"},"share_on_mastodon":{"url":"https:\/\/pubeurope.com\/@fr\/115354420123138798","error":""},"_links":{"self":[{"href":"https:\/\/www.europesays.com\/fr\/wp-json\/wp\/v2\/posts\/454518","targetHints":{"allow":["GET"]}}],"collection":[{"href":"https:\/\/www.europesays.com\/fr\/wp-json\/wp\/v2\/posts"}],"about":[{"href":"https:\/\/www.europesays.com\/fr\/wp-json\/wp\/v2\/types\/post"}],"author":[{"embeddable":true,"href":"https:\/\/www.europesays.com\/fr\/wp-json\/wp\/v2\/users\/2"}],"replies":[{"embeddable":true,"href":"https:\/\/www.europesays.com\/fr\/wp-json\/wp\/v2\/comments?post=454518"}],"version-history":[{"count":0,"href":"https:\/\/www.europesays.com\/fr\/wp-json\/wp\/v2\/posts\/454518\/revisions"}],"wp:featuredmedia":[{"embeddable":true,"href":"https:\/\/www.europesays.com\/fr\/wp-json\/wp\/v2\/media\/454519"}],"wp:attachment":[{"href":"https:\/\/www.europesays.com\/fr\/wp-json\/wp\/v2\/media?parent=454518"}],"wp:term":[{"taxonomy":"category","embeddable":true,"href":"https:\/\/www.europesays.com\/fr\/wp-json\/wp\/v2\/categories?post=454518"},{"taxonomy":"post_tag","embeddable":true,"href":"https:\/\/www.europesays.com\/fr\/wp-json\/wp\/v2\/tags?post=454518"}],"curies":[{"name":"wp","href":"https:\/\/api.w.org\/{rel}","templated":true}]}}