{"id":454526,"date":"2025-10-11T07:48:12","date_gmt":"2025-10-11T07:48:12","guid":{"rendered":"https:\/\/www.europesays.com\/fr\/454526\/"},"modified":"2025-10-11T07:48:12","modified_gmt":"2025-10-11T07:48:12","slug":"en-direct-gouvernement-lecornu-ii-retailleau-et-larcher-defavorables-a-la-participation-de-lr-liberation","status":"publish","type":"post","link":"https:\/\/www.europesays.com\/fr\/454526\/","title":{"rendered":"EN DIRECT &#8211; Gouvernement Lecornu II : Retailleau et Larcher d\u00e9favorables \u00e0 la participation de LR \u2013 Lib\u00e9ration"},"content":{"rendered":"<p class=\"sc-cPiKLX AiZTS text-element\">Le patron de <a href=\"https:\/\/www.liberation.fr\/politique\/le-reve-inavouable-de-lr-on-a-interet-a-un-gouvernement-ps-20251010_KPGV5EMLTFCANLUH34ZOS4Q3HM\/\" target=\"_blank\" rel=\"noopener\" title=\"https:\/\/www.liberation.fr\/politique\/le-reve-inavouable-de-lr-on-a-interet-a-un-gouvernement-ps-20251010_KPGV5EMLTFCANLUH34ZOS4Q3HM\/\">LR<\/a>, Bruno Retailleau, et le pr\u00e9sident du S\u00e9nat, G\u00e9rard Larcher, se sont dit ce samedi d\u00e9favorables \u00e0 une participation du parti au prochain gouvernement de S\u00e9bastien Lecornu lors d\u2019une r\u00e9union des parlementaires LR. \u00abMa conviction, c\u2019est qu\u2019il ne faut pas participer\u00bb, a affirm\u00e9 <a href=\"https:\/\/www.liberation.fr\/politique\/pour-bruno-retailleau-gerer-rachida-dati-est-au-dessus-des-forces-20251009_BV2OX4XUDJAT3HX626MYDSIYQA\/\" target=\"_blank\" rel=\"noopener\" title=\"https:\/\/www.liberation.fr\/politique\/pour-bruno-retailleau-gerer-rachida-dati-est-au-dessus-des-forces-20251009_BV2OX4XUDJAT3HX626MYDSIYQA\/\">le ministre de l\u2019Int\u00e9rieur d\u00e9missionnaire<\/a> au lendemain de la d\u00e9cision d\u2019Emmanuel Macron de renommer S\u00e9bastien Lecornu \u00e0 Matignon, assurant que lui-m\u00eame \u00abn\u2019ira pas dans ce gouvernement\u00bb. Le PS \u00abva faire du chantage \u00e0 la censure et le prochain gouvernement devra renoncer \u00e0 tout : le s\u00e9rieux budg\u00e9taire, le r\u00e9galien, la d\u00e9fense du travail\u00bb, a pr\u00e9venu G\u00e9rard Larcher. \u00abJe ne pense pas qu\u2019il faille participer \u00e0 ce gouvernement\u00bb, a-t-il conclu. <\/p>\n","protected":false},"excerpt":{"rendered":"Le patron de LR, Bruno Retailleau, et le pr\u00e9sident du S\u00e9nat, G\u00e9rard Larcher, se sont dit ce samedi&hellip;\n","protected":false},"author":2,"featured_media":454527,"comment_status":"","ping_status":"","sticky":false,"template":"","format":"standard","meta":{"footnotes":""},"categories":[2],"tags":[11,2286,1073,1011,27,780,3228,2759,12,25198,429,3370,25,2848],"class_list":{"0":"post-454526","1":"post","2":"type-post","3":"status-publish","4":"format-standard","5":"has-post-thumbnail","7":"category-actualites","8":"tag-actualites","9":"tag-eelv","10":"tag-emmanuel-macron","11":"tag-fr","12":"tag-france","13":"tag-lfi","14":"tag-lr","15":"tag-modem","16":"tag-news","17":"tag-pcf","18":"tag-ps","19":"tag-renaissance","20":"tag-republique-francaise","21":"tag-rn"},"share_on_mastodon":{"url":"https:\/\/pubeurope.com\/@fr\/115354435835951913","error":""},"_links":{"self":[{"href":"https:\/\/www.europesays.com\/fr\/wp-json\/wp\/v2\/posts\/454526","targetHints":{"allow":["GET"]}}],"collection":[{"href":"https:\/\/www.europesays.com\/fr\/wp-json\/wp\/v2\/posts"}],"about":[{"href":"https:\/\/www.europesays.com\/fr\/wp-json\/wp\/v2\/types\/post"}],"author":[{"embeddable":true,"href":"https:\/\/www.europesays.com\/fr\/wp-json\/wp\/v2\/users\/2"}],"replies":[{"embeddable":true,"href":"https:\/\/www.europesays.com\/fr\/wp-json\/wp\/v2\/comments?post=454526"}],"version-history":[{"count":0,"href":"https:\/\/www.europesays.com\/fr\/wp-json\/wp\/v2\/posts\/454526\/revisions"}],"wp:featuredmedia":[{"embeddable":true,"href":"https:\/\/www.europesays.com\/fr\/wp-json\/wp\/v2\/media\/454527"}],"wp:attachment":[{"href":"https:\/\/www.europesays.com\/fr\/wp-json\/wp\/v2\/media?parent=454526"}],"wp:term":[{"taxonomy":"category","embeddable":true,"href":"https:\/\/www.europesays.com\/fr\/wp-json\/wp\/v2\/categories?post=454526"},{"taxonomy":"post_tag","embeddable":true,"href":"https:\/\/www.europesays.com\/fr\/wp-json\/wp\/v2\/tags?post=454526"}],"curies":[{"name":"wp","href":"https:\/\/api.w.org\/{rel}","templated":true}]}}