{"id":454539,"date":"2025-10-11T07:57:13","date_gmt":"2025-10-11T07:57:13","guid":{"rendered":"https:\/\/www.europesays.com\/fr\/454539\/"},"modified":"2025-10-11T07:57:13","modified_gmt":"2025-10-11T07:57:13","slug":"comment-newey-a-motive-aston-martin-avec-sa-remarque-sur-son-simulateur","status":"publish","type":"post","link":"https:\/\/www.europesays.com\/fr\/454539\/","title":{"rendered":"Comment Newey a motiv\u00e9 Aston Martin avec sa remarque sur son simulateur"},"content":{"rendered":"<p>Alors qu&rsquo;<a href=\"https:\/\/fr.motorsport.com\/team\/aston-martin\/806\/\" target=\"_blank\" rel=\"noopener\">Aston Martin<\/a> traverse une saison 2025 compliqu\u00e9e, les efforts de l&rsquo;\u00e9quipe en coulisses se concentrent d\u00e9j\u00e0 pleinement sur 2026. Cela inclut, sans surprise, le travail d&rsquo;Adrian Newey. Depuis son arriv\u00e9e en mars, le l\u00e9gendaire ing\u00e9nieur s&rsquo;est consacr\u00e9 enti\u00e8rement \u00e0 la nouvelle r\u00e9glementation \u00e0 venir, hormis quelques \u00ab\u00a0r\u00e9unions \u00e0 la pause-d\u00e9jeuner\u00a0\u00bb avec le personnel technique concernant la monoplace actuelle.<\/p>\n<p>Ses premi\u00e8res semaines ont \u00e9t\u00e9 consacr\u00e9es \u00e0 l&rsquo;observation : apprendre \u00e0 conna\u00eetre l&rsquo;\u00e9quipe, identifier ses faiblesses et, surtout, rep\u00e9rer les axes d&rsquo;am\u00e9lioration. Cela concernait autant les aspects op\u00e9rationnels \u2013 raison pour laquelle Newey a assist\u00e9 \u00e0 plusieurs Grands Prix, dont celui de Monaco \u2013 que les infrastructures techniques d&rsquo;Aston Martin.<\/p>\n<p>Dans la Principaut\u00e9, Newey avait confi\u00e9 \u00e0 un petit groupe de m\u00e9dias, dont <strong>Motorsport.com<\/strong>, que le simulateur de l&rsquo;\u00e9quipe n&rsquo;\u00e9tait pas encore au niveau requis, <a href=\"https:\/\/fr.motorsport.com\/f1\/news\/newey-simulateur-handicap-important-aston-martin\/10725870\/\" target=\"_blank\" rel=\"noopener\">le qualifiant m\u00eame de \u00ab\u00a0handicap\u00a0\u00bb pour les deux ann\u00e9es \u00e0 venir<\/a>. Le directeur g\u00e9n\u00e9ral et patron de l&rsquo;\u00e9curie, Andy Cowell, avait alors temp\u00e9r\u00e9 ces propos, estimant qu&rsquo;il s&rsquo;agissait plut\u00f4t d&rsquo;une question de mois que d&rsquo;ann\u00e9es.<\/p>\n<p>Quelques mois plus tard, Cowell est revenu avec humour sur ces d\u00e9clarations de Monaco dans une interview exclusive accord\u00e9e \u00e0 <strong>Motorsport.com<\/strong> : \u00ab\u00a0Apr\u00e8s l&rsquo;interview d&rsquo;Adrian, quand il s&rsquo;est \u00e9loign\u00e9, il m&rsquo;a chuchot\u00e9 \u00e0 l&rsquo;oreille : &lsquo;Oui, j&rsquo;ai dit deux ans, parce que je sais que \u00e7a va motiver les gens&rsquo;. On a juste souri et on en a ri !\u00a0\u00bb. D&rsquo;ailleurs, selon Cowell, le stratag\u00e8me de Newey a finalement pay\u00e9, puisque ses remarques ont effectivement pouss\u00e9 l&rsquo;\u00e9quipe \u00e0 se d\u00e9passer pour lui prouver qu&rsquo;il avait tort.<\/p>\n<p>   <img decoding=\"async\" draggable=\"false\" src=\"https:\/\/www.europesays.com\/fr\/wp-content\/uploads\/2025\/05\/andy-cowell-team-principal-and.jpg\" alt=\"Andy Cowell avec Adrian Newey lors du Grand Prix de Monaco.\" width=\"1200\" height=\"800\" loading=\"lazy\"\/> <\/p>\n<p class=\"title\">Andy Cowell avec Adrian Newey lors du Grand Prix de Monaco.<\/p>\n<p class=\"photographer\">Photo de: Zak Mauger \/ Motorsport Images via Getty Images<\/p>\n<p>\u00ab\u00a0Il y a \u00e9norm\u00e9ment de travail en cours pour faire progresser la simulation, la rendre plus repr\u00e9sentative, et pour que l&rsquo;environnement du cockpit le soit aussi. C&rsquo;est un effort collectif pour s&rsquo;am\u00e9liorer, et aussi pour que ce ne soit pas une pr\u00e9occupation pour Adrian. On veut qu&rsquo;il puisse se concentrer pleinement sur autre chose\u00a0\u00bb, a expliqu\u00e9 Cowell, en r\u00e9f\u00e9rence \u00e0 la conception de la voiture de 2026.<\/p>\n<p>Le patron britannique a ajout\u00e9 que la mani\u00e8re dont les commentaires de Newey ont \u00e9t\u00e9 re\u00e7us en interne en dit long sur l&rsquo;ambition de l&rsquo;\u00e9quipe : \u00ab\u00a0C&rsquo;est ce que j&rsquo;adore dans l&rsquo;esprit d&rsquo;\u00e9quipe. Nous sommes tous fiers de nos domaines respectifs, et c&rsquo;est exactement la m\u00eame chose chez Aston Martin. Ceux qui s&rsquo;occupent du simulateur l&rsquo;ont forc\u00e9ment mal pris, mais leur r\u00e9action a \u00e9t\u00e9 de travailler encore plus dur, ensemble.\u00a0\u00bb<\/p>\n<p>Cowell a \u00e9galement soulign\u00e9 l&rsquo;apport d&rsquo;Enrico Cardile, d\u00e9bauch\u00e9 chez <a href=\"https:\/\/fr.motorsport.com\/team\/ferrari\/615\/\" target=\"_blank\" rel=\"noopener\">Ferrari<\/a> et arriv\u00e9 chez Aston Martin il y a un peu plus de deux mois. Tandis que Newey se concentre sur la conception de la voiture 2026, Cardile est charg\u00e9 d&rsquo;aligner tous les d\u00e9partements techniques du campus de Silverstone.<\/p>\n<p>\u00ab\u00a0Enrico coordonne tout cela. Avec son exp\u00e9rience, il rassemble ces \u00e9quipes pour le bien des outils et de la voiture de course\u00a0\u00bb, a expliqu\u00e9 Cowell. Cela inclut le simulateur, ce qui rend Cowell confiant : il ne s&rsquo;agira pas d&rsquo;un \u00ab\u00a0handicap de deux ans\u00a0\u00bb, comme l&rsquo;avait avanc\u00e9 Newey. L&rsquo;effet recherch\u00e9 par ses propos \u00e0 Monaco a, semble-t-il, bien \u00e9t\u00e9 atteint.<\/p>\n<p>Lire aussi :<\/p>\n<p>            Votre avis nous int\u00e9resse !<\/p>\n<p class=\"mt-auto\">Qu&rsquo;aimeriez-vous voir sur Motorsport.com ?<\/p>\n<p>            <a href=\"#\" class=\"ms-link text-link font-bold\">R\u00e9pondez \u00e0 notre enqu\u00eate de 5 minutes.<\/a><\/p>\n<p class=\"mt-1 font-info text-body\">&#8211; L&rsquo;\u00e9quipe Motorsport.com<\/p>\n","protected":false},"excerpt":{"rendered":"Alors qu&rsquo;Aston Martin traverse une saison 2025 compliqu\u00e9e, les efforts de l&rsquo;\u00e9quipe en coulisses se concentrent d\u00e9j\u00e0 pleinement&hellip;\n","protected":false},"author":2,"featured_media":454540,"comment_status":"","ping_status":"","sticky":false,"template":"","format":"standard","meta":{"footnotes":""},"categories":[1412],"tags":[17443,12571,1709,58009,1451,1452,1453,1454,1455,1011,27,60],"class_list":{"0":"post-454539","1":"post","2":"type-post","3":"status-publish","4":"format-standard","5":"has-post-thumbnail","7":"category-f1","8":"tag-adrian-newey","9":"tag-andy-cowell","10":"tag-aston-martin","11":"tag-comment-newey-a-motivu00e9-aston-martin-avec-sa-remarque-sur-son-simulateur","12":"tag-f1","13":"tag-formula-1","14":"tag-formula1","15":"tag-formule-1","16":"tag-formule1","17":"tag-fr","18":"tag-france","19":"tag-sports"},"share_on_mastodon":{"url":"https:\/\/pubeurope.com\/@fr\/115354471353596092","error":""},"_links":{"self":[{"href":"https:\/\/www.europesays.com\/fr\/wp-json\/wp\/v2\/posts\/454539","targetHints":{"allow":["GET"]}}],"collection":[{"href":"https:\/\/www.europesays.com\/fr\/wp-json\/wp\/v2\/posts"}],"about":[{"href":"https:\/\/www.europesays.com\/fr\/wp-json\/wp\/v2\/types\/post"}],"author":[{"embeddable":true,"href":"https:\/\/www.europesays.com\/fr\/wp-json\/wp\/v2\/users\/2"}],"replies":[{"embeddable":true,"href":"https:\/\/www.europesays.com\/fr\/wp-json\/wp\/v2\/comments?post=454539"}],"version-history":[{"count":0,"href":"https:\/\/www.europesays.com\/fr\/wp-json\/wp\/v2\/posts\/454539\/revisions"}],"wp:featuredmedia":[{"embeddable":true,"href":"https:\/\/www.europesays.com\/fr\/wp-json\/wp\/v2\/media\/454540"}],"wp:attachment":[{"href":"https:\/\/www.europesays.com\/fr\/wp-json\/wp\/v2\/media?parent=454539"}],"wp:term":[{"taxonomy":"category","embeddable":true,"href":"https:\/\/www.europesays.com\/fr\/wp-json\/wp\/v2\/categories?post=454539"},{"taxonomy":"post_tag","embeddable":true,"href":"https:\/\/www.europesays.com\/fr\/wp-json\/wp\/v2\/tags?post=454539"}],"curies":[{"name":"wp","href":"https:\/\/api.w.org\/{rel}","templated":true}]}}