{"id":454551,"date":"2025-10-11T08:03:11","date_gmt":"2025-10-11T08:03:11","guid":{"rendered":"https:\/\/www.europesays.com\/fr\/454551\/"},"modified":"2025-10-11T08:03:11","modified_gmt":"2025-10-11T08:03:11","slug":"lignoble-derapage-de-marine-tondelier-patronne-des-verts-sur-tf1-qui-explique-quisrael-organise-la-deportation-des-membres-de-la-flotille-de-gaza-et-refuse-de-rectifier-malgre-les-demandes-de-bu","status":"publish","type":"post","link":"https:\/\/www.europesays.com\/fr\/454551\/","title":{"rendered":"L&rsquo;ignoble d\u00e9rapage de Marine Tondelier, patronne des Verts sur TF1, qui explique qu&rsquo;Isra\u00ebl organise la \u00ab\u00a0d\u00e9portation\u00a0\u00bb des membres de la flotille de Gaza et refuse de rectifier malgr\u00e9 les demandes de Buce Toussaint &#8211; Regardez"},"content":{"rendered":"<p>Jusqu&rsquo;o\u00f9 ira la manipulation des mots pour attiser la haine contre Isra\u00ebl de la part de la gauche et des Verts ? C&rsquo;est un d\u00e9rapage ignoble en direct hier matin sur TF1, celui de Marine Tondelier, la secr\u00e9taire nationale des Verts, qui \u00e9voque la \u00ab\u00a0d\u00e9portation\u00a0\u00bb organis\u00e9e par Isra\u00ebl des membres de \u00ab\u00a0la flotille\u00a0\u00bb pour Gaza. Ce mort \u00ab\u00a0d\u00e9portation\u00a0\u00bb, employ\u00e9 en lieu et place du mot \u00ab\u00a0expulsion\u00a0\u00bb porte bien s\u00fbr une connotation historique que ne peut pas ignorer la femme politique, d&rsquo;autant que quand Bruce Toussaint est choqu\u00e9 par par ce mot, elle d\u00e9cide de le maintenir en usant d&rsquo;une mauvaise foi incroyable pour se justifier.<\/p>\n<p>Bruce Toussaint r\u00e9agit en effet imm\u00e9diatement face \u00e0 ce d\u00e9rapage et lui dit qu&rsquo;on ne peut pas employer ce mot l\u00e0 : &lsquo;Vous savez tr\u00e8s bien ce que signifie ce mot\u00a0\u00bb.<\/p>\n<p>Mais Marine Tondelier, monte sur ses grands chevaux et veut alors donner un cours \u00e0 Bruce Toussaint, en lui lan\u00e7ant :<\/p>\n<p>\u00ab\u00a0C&rsquo;est une mesure juridique. C&rsquo;est un terme juridique qui est dans les papiers isra\u00e9liens, je suis d\u00e9sol\u00e9 de l&#8217;employer. C&rsquo;est un terme qui est employ\u00e9 par les autorit\u00e9s elles-m\u00eames. C&rsquo;est ce que disent tous les avocats et les juristes que nous avons au t\u00e9l\u00e9phone\u00a0\u00bb.<\/p>\n<p><strong>La seule chose qu&rsquo;oublie volontairement de dire Marine Tondelier, c&rsquo;est que le mot \u00ab\u00a0d\u00e9portation\u00a0\u00bb est employ\u00e9 par des personnes qui parlent en anglais et dans des documents en anglais. La traduction fran\u00e7aise est \u00ab\u00a0expulsion\u00a0\u00bb et non \u00ab\u00a0d\u00e9portation\u00a0\u00bb, comme elle ne peut l&rsquo;ignorer.<\/strong><\/p>\n<p>Bruce Toussaint de son c\u00f4t\u00e9, ne l\u00e2che pas et continue \u00e0 montrer avec justesse son d\u00e9saccord : \u00ab\u00a0Vous faites votre boulot, moi je fais le bien, mais permettez moi de dire \u00e0 tous ceux qui nous regardent que ce terme est absolument d\u00e9plac\u00e9.\u00a0\u00bb<\/p>\n<p>Et de conclure l&rsquo;interview face la mauvaise foi de la secr\u00e9taire nationale de Europe Ecologie.<\/p>\n<blockquote class=\"twitter-tweet\">\n<p lang=\"fr\" dir=\"ltr\">Abject d\u00e9rapage de Marine Tondelier !<br \/>Ce matin sur TF1, la + fid\u00e8le alli\u00e9e de LFI emploie en tout connaissance de cause le terme \u00ab\u00a0d\u00e9portation\u00a0\u00bb (au lieu d\u2019expulsion) pour qualifier les actions d\u2019Isra\u00ebl<br \/>M\u00eame Bruce Toussaint est choqu\u00e9, c\u2019est dire\u2026<a href=\"https:\/\/t.co\/sVOsZNMUEx\" rel=\"nofollow\">pic.twitter.com\/sVOsZNMUEx<\/a><\/p>\n<p>\u2014 Destination T\u00e9l\u00e9 (@DestinationTele) <a href=\"https:\/\/twitter.com\/DestinationTele\/status\/1976699896913646078?ref_src=twsrc%5Etfw\" rel=\"nofollow noopener\" target=\"_blank\">October 10, 2025<\/a><\/p><\/blockquote>\n<blockquote class=\"twitter-tweet\">\n<p lang=\"fr\" dir=\"ltr\">La d\u00e9portation ????? <\/p>\n<p>Marine Tondelier est abjecte, vraiment. <\/p>\n<p>Ces gens sont \u00e9c\u0153urants. <a href=\"https:\/\/t.co\/RyQE9jzWyk\" rel=\"nofollow\">pic.twitter.com\/RyQE9jzWyk<\/a><\/p>\n<p>\u2014 Bleu Blanc Rouge !\u00a0 (@LBleuBlancRouge) <a href=\"https:\/\/twitter.com\/LBleuBlancRouge\/status\/1976666105939939635?ref_src=twsrc%5Etfw\" rel=\"nofollow noopener\" target=\"_blank\">October 10, 2025<\/a><\/p><\/blockquote>\n<blockquote class=\"twitter-tweet\">\n<p lang=\"fr\" dir=\"ltr\">M. Tondelier parle de la \u00ab\u00a0d\u00e9portation\u00a0\u00bb des membres de la flottille pour Gaza.<\/p>\n<p>Il ne faut pas croire que les Vertes ne sont que des pauvres petites bourgeoises imb\u00e9ciles et mystiques, qui jouent \u00e0 Marie Antoinette pour mieux d\u00e9cr\u00e9dibiliser l&rsquo;\u00e9cologie.<\/p>\n<p>Ce sont aussi des ordures. <a href=\"https:\/\/t.co\/a8aQjrBeMm\" rel=\"nofollow\">https:\/\/t.co\/a8aQjrBeMm<\/a><\/p>\n<p>\u2014 Fran\u00e7ois Cam\u00e9 (@FrancoisCame) <a href=\"https:\/\/twitter.com\/FrancoisCame\/status\/1976676550960730213?ref_src=twsrc%5Etfw\" rel=\"nofollow noopener\" target=\"_blank\">October 10, 2025<\/a><\/p><\/blockquote>\n<p>          <script async src=\"https:\/\/platform.twitter.com\/widgets.js\" charset=\"utf-8\"><\/script><\/p>\n","protected":false},"excerpt":{"rendered":"Jusqu&rsquo;o\u00f9 ira la manipulation des mots pour attiser la haine contre Isra\u00ebl de la part de la gauche&hellip;\n","protected":false},"author":2,"featured_media":454552,"comment_status":"","ping_status":"","sticky":false,"template":"","format":"standard","meta":{"footnotes":""},"categories":[1356],"tags":[58,58013,59,1011,27,665,4729,252,1364],"class_list":{"0":"post-454551","1":"post","2":"type-post","3":"status-publish","4":"format-standard","5":"has-post-thumbnail","7":"category-television","8":"tag-divertissement","9":"tag-du00e9portation","10":"tag-entertainment","11":"tag-fr","12":"tag-france","13":"tag-gaza","14":"tag-marine-tondelier","15":"tag-television","16":"tag-tv"},"share_on_mastodon":{"url":"https:\/\/pubeurope.com\/@fr\/115354494808933841","error":""},"_links":{"self":[{"href":"https:\/\/www.europesays.com\/fr\/wp-json\/wp\/v2\/posts\/454551","targetHints":{"allow":["GET"]}}],"collection":[{"href":"https:\/\/www.europesays.com\/fr\/wp-json\/wp\/v2\/posts"}],"about":[{"href":"https:\/\/www.europesays.com\/fr\/wp-json\/wp\/v2\/types\/post"}],"author":[{"embeddable":true,"href":"https:\/\/www.europesays.com\/fr\/wp-json\/wp\/v2\/users\/2"}],"replies":[{"embeddable":true,"href":"https:\/\/www.europesays.com\/fr\/wp-json\/wp\/v2\/comments?post=454551"}],"version-history":[{"count":0,"href":"https:\/\/www.europesays.com\/fr\/wp-json\/wp\/v2\/posts\/454551\/revisions"}],"wp:featuredmedia":[{"embeddable":true,"href":"https:\/\/www.europesays.com\/fr\/wp-json\/wp\/v2\/media\/454552"}],"wp:attachment":[{"href":"https:\/\/www.europesays.com\/fr\/wp-json\/wp\/v2\/media?parent=454551"}],"wp:term":[{"taxonomy":"category","embeddable":true,"href":"https:\/\/www.europesays.com\/fr\/wp-json\/wp\/v2\/categories?post=454551"},{"taxonomy":"post_tag","embeddable":true,"href":"https:\/\/www.europesays.com\/fr\/wp-json\/wp\/v2\/tags?post=454551"}],"curies":[{"name":"wp","href":"https:\/\/api.w.org\/{rel}","templated":true}]}}