{"id":454555,"date":"2025-10-11T08:05:12","date_gmt":"2025-10-11T08:05:12","guid":{"rendered":"https:\/\/www.europesays.com\/fr\/454555\/"},"modified":"2025-10-11T08:05:12","modified_gmt":"2025-10-11T08:05:12","slug":"la-premiere-seance-a-demarre-ses-projections","status":"publish","type":"post","link":"https:\/\/www.europesays.com\/fr\/454555\/","title":{"rendered":"\u00ab\u00a0La Premi\u00e8re s\u00e9ance\u00a0\u00bb a d\u00e9marr\u00e9 ses projections"},"content":{"rendered":"<p>La dix-septi\u00e8me \u00e9dition du festival d\u00e9di\u00e9 au cin\u00e9ma jeune public a commenc\u00e9 vendredi soir, \u00e0 Noum\u00e9a, par la traditionnelle s\u00e9ance en plein air. Le long-m\u00e9trage d&rsquo;animation \u00ab\u00a0Migration\u00a0\u00bb ouvre une longue semaine de festivit\u00e9s, de projections et de spectacles, ensuite d\u00e9centralis\u00e9s ailleurs en Cal\u00e9donie.<\/p>\n<p>Lancement r\u00e9ussi, malgr\u00e9 le vent qui a souffl\u00e9 sur le parc urbain de Sainte-Marie. Le festival La Premi\u00e8re s\u00e9ance a d\u00e9but\u00e9 vendredi soir, \u00e0 Noum\u00e9a, par la projection du film Migration, devant un demi-millier de spectateurs install\u00e9s en plein air.<\/p>\n<p>Au grand plaisir d&rsquo;Evelyne, quatre ans, qui aime \u00ab\u00a0les canards\u00a0\u00bb. Comme ces canards migrateurs dont les aventures remplissent l&rsquo;\u00e9cran itin\u00e9rant. Leur p\u00e9riple vers la Jama\u00efque, en passant par New York, a de quoi faire r\u00eaver Beno\u00eet. Le gar\u00e7on de onze ans a \u00e9t\u00e9 s\u00e9duit par \u00ab\u00a0le fait qu&rsquo;ils s&rsquo;ouvrent au monde, et l&rsquo;envie d&rsquo;explorer\u00a0\u00bb.\u00a0<\/p>\n<p><a href=\"https:\/\/la1ere.franceinfo.fr\/nouvellecaledonie\/province-sud\/noumea\/cinema-jeunesse-la-premiere-seance-lance-sa-derniere-edition-au-rex-noumea-1629911.html\" target=\"_blank\" rel=\"noopener nofollow\"><strong>&gt;&gt;<\/strong><\/a>\u00a0<a href=\"https:\/\/la1ere.franceinfo.fr\/nouvellecaledonie\/province-sud\/noumea\/cinema-jeunesse-la-premiere-seance-lance-sa-derniere-edition-au-rex-noumea-1629911.html\" target=\"_blank\" rel=\"noopener nofollow\"><strong>\u00c0 LIRE AUSSI<\/strong><\/a>\u00a0<a href=\"https:\/\/la1ere.franceinfo.fr\/nouvellecaledonie\/province-sud\/noumea\/cinema-jeunesse-la-premiere-seance-lance-sa-derniere-edition-au-rex-noumea-1629911.html\" target=\"_blank\" rel=\"noopener nofollow\"><strong>: \u00ab\u00a0La Premi\u00e8re s\u00e9ance\u00a0\u00bb lance sa derni\u00e8re \u00e9dition au Rex Noum\u00e9a<\/strong><\/a><\/p>\n<\/p>\n<p>Pour l&rsquo;association Jeunes et toiles, le film s&rsquo;est impos\u00e9 naturellement. C&rsquo;est ce qu&rsquo;explique H\u00e9l\u00e8ne Singer, d\u00e9l\u00e9gu\u00e9e g\u00e9n\u00e9rale du festival\u00a0: \u00ab\u00a0On avait la chance de conna\u00eetre un Cal\u00e9donien qui a travaill\u00e9 sur le film.\u00a0\u00bb Avant le d\u00e9but de la s\u00e9ance, David Minguez a racont\u00e9 comment il a anim\u00e9 des personnages de ce long-m\u00e9trage, au sein du studio Illumination. Puis il est parti reprendre sa \u00ab\u00a0journ\u00e9e\u00a0\u00bb de travail &#8211;\u00a0en horaires d\u00e9cal\u00e9s, de fa\u00e7on \u00e0 \u00e9changer avec son \u00e9quipe parisienne.<\/p>\n<p>Autre raison de programmer Migration : \u00ab\u00a0On choisit toujours un film familial pour l&rsquo;ouverture, insiste H\u00e9l\u00e8ne Singer. On sait qu&rsquo;on a des familles des tout-petits aux plus \u00e2g\u00e9s, et ce n&rsquo;est pas facile de trouver un film qui va parler \u00e0 tout le monde.\u00a0\u00bb\u00a0<\/p>\n<p>Pari r\u00e9ussi, petits et grands semblent conquis. \u00c0 l&rsquo;image de Marie-H\u00e9l\u00e8ne, pr\u00e9sente avec sa fille et son conjoint. La petite famille commence les vacances d&rsquo;octobre en beaut\u00e9 : \u00ab\u00a0C&rsquo;est magnifique d&rsquo;\u00eatre l\u00e0 ce soir, devant l&rsquo;\u00e9cran, \u00e0 regarder avec les enfants le cin\u00e9ma.\u00a0\u00bb<\/p><\/p>\n","protected":false},"excerpt":{"rendered":"La dix-septi\u00e8me \u00e9dition du festival d\u00e9di\u00e9 au cin\u00e9ma jeune public a commenc\u00e9 vendredi soir, \u00e0 Noum\u00e9a, par la&hellip;\n","protected":false},"author":2,"featured_media":454556,"comment_status":"","ping_status":"","sticky":false,"template":"","format":"standard","meta":{"footnotes":""},"categories":[1354],"tags":[58,59,1346,1011,27,1360],"class_list":{"0":"post-454555","1":"post","2":"type-post","3":"status-publish","4":"format-standard","5":"has-post-thumbnail","7":"category-films","8":"tag-divertissement","9":"tag-entertainment","10":"tag-films","11":"tag-fr","12":"tag-france","13":"tag-movies"},"share_on_mastodon":{"url":"https:\/\/pubeurope.com\/@fr\/115354503445811578","error":""},"_links":{"self":[{"href":"https:\/\/www.europesays.com\/fr\/wp-json\/wp\/v2\/posts\/454555","targetHints":{"allow":["GET"]}}],"collection":[{"href":"https:\/\/www.europesays.com\/fr\/wp-json\/wp\/v2\/posts"}],"about":[{"href":"https:\/\/www.europesays.com\/fr\/wp-json\/wp\/v2\/types\/post"}],"author":[{"embeddable":true,"href":"https:\/\/www.europesays.com\/fr\/wp-json\/wp\/v2\/users\/2"}],"replies":[{"embeddable":true,"href":"https:\/\/www.europesays.com\/fr\/wp-json\/wp\/v2\/comments?post=454555"}],"version-history":[{"count":0,"href":"https:\/\/www.europesays.com\/fr\/wp-json\/wp\/v2\/posts\/454555\/revisions"}],"wp:featuredmedia":[{"embeddable":true,"href":"https:\/\/www.europesays.com\/fr\/wp-json\/wp\/v2\/media\/454556"}],"wp:attachment":[{"href":"https:\/\/www.europesays.com\/fr\/wp-json\/wp\/v2\/media?parent=454555"}],"wp:term":[{"taxonomy":"category","embeddable":true,"href":"https:\/\/www.europesays.com\/fr\/wp-json\/wp\/v2\/categories?post=454555"},{"taxonomy":"post_tag","embeddable":true,"href":"https:\/\/www.europesays.com\/fr\/wp-json\/wp\/v2\/tags?post=454555"}],"curies":[{"name":"wp","href":"https:\/\/api.w.org\/{rel}","templated":true}]}}