{"id":454557,"date":"2025-10-11T08:06:17","date_gmt":"2025-10-11T08:06:17","guid":{"rendered":"https:\/\/www.europesays.com\/fr\/454557\/"},"modified":"2025-10-11T08:06:17","modified_gmt":"2025-10-11T08:06:17","slug":"seniors-le-paracetamol-peut-il-vraiment-abimer-les-reins","status":"publish","type":"post","link":"https:\/\/www.europesays.com\/fr\/454557\/","title":{"rendered":"Seniors : le parac\u00e9tamol peut-il vraiment ab\u00eemer les reins ?"},"content":{"rendered":"<p>             <a href=\"https:\/\/ma-sante.news\/wp-content\/uploads\/2025\/10\/Les-risques-du-paracetamol-apres-65-ans-attention-les-reins-Ma-Sante.jpg\" data-caption=\"En France, plus d\u2019un senior sur deux prend r\u00e9guli\u00e8rement du parac\u00e9tamol selon l&#039;Inserm. \u00a9\u00a0Freepik\" rel=\"nofollow noopener\" target=\"_blank\"><img loading=\"lazy\" decoding=\"async\" width=\"696\" height=\"465\" class=\"entry-thumb td-modal-image ewww_webp_lazy_load\" src=\"data:image\/svg+xml,%3Csvg%20xmlns=\" http:=\"\" data-lazy- data-lazy- alt=\"Une personne \u00e2g\u00e9e qui prend du parac\u00e9tamol alors qu'elle souffre d'une insuffisance r\u00e9nale.\" title=\"Les risques du parace\u0301tamol apre\u0300s 65 ans attention les reins Ma Sante\u0301\" data-lazy-src=\"https:\/\/www.europesays.com\/fr\/wp-content\/uploads\/2025\/10\/Les-risques-du-paracetamol-apres-65-ans-attention-les-reins-Ma-Sante-696x465.jpg\" data-lazy-src-webp=\"https:\/\/www.europesays.com\/fr\/wp-content\/uploads\/2025\/10\/Les-risques-du-paracetamol-apres-65-ans-attention-les-reins-Ma-Sante-696x465.jpg.webp\" data-lazy-srcset-webp=\"https:\/\/www.europesays.com\/fr\/wp-content\/uploads\/2025\/10\/Les-risques-du-paracetamol-apres-65-ans-attention-les-reins-Ma-Sante-696x465.jpg.webp 696w, https:\/\/ma-sante.news\/wp-content\/uploads\/2025\/10\/Les-risques-du-paracetamol-apres-65-ans-attention-les-reins-Ma-Sante-300x200.jpg.webp 300w, https:\/\/ma-sante.news\/wp-content\/uploads\/2025\/10\/Les-risques-du-paracetamol-apres-65-ans-attention-les-reins-Ma-Sante-768x513.jpg.webp 768w, https:\/\/ma-sante.news\/wp-content\/uploads\/2025\/10\/Les-risques-du-paracetamol-apres-65-ans-attention-les-reins-Ma-Sante-629x420.jpg.webp 629w, https:\/\/ma-sante.news\/wp-content\/uploads\/2025\/10\/Les-risques-du-paracetamol-apres-65-ans-attention-les-reins-Ma-Sante.jpg.webp 800w\"\/><\/a>En France, plus d\u2019un senior sur deux prend r\u00e9guli\u00e8rement du parac\u00e9tamol selon l&rsquo;Inserm. \u00a9\u00a0Freepik                                    \t\t\t             <a class=\"gofollow\" data-track=\"MjgsMCw2MA==\" href=\"https:\/\/ma-sante.news\/inscrivez-vous-a-notre-newsletter\/\" rel=\"nofollow noopener\" target=\"_blank\"><img loading=\"lazy\" decoding=\"async\" width=\"1068\" height=\"131\" src=\"data:image\/svg+xml,%3Csvg%20xmlns=\" http:=\"\" data-lazy-src=\"https:\/\/www.europesays.com\/fr\/wp-content\/uploads\/2025\/03\/banniere-newsletter.png\"\/><\/a> <\/p>\n<p>C\u2019est un r\u00e9flexe ancr\u00e9. Une douleur, un peu de fi\u00e8vre, et le geste est automatique : <a href=\"https:\/\/ma-sante.news\/paracetamol-quels-sont-les-dangers-dune-utilisation-excessive\/\" rel=\"nofollow noopener\" target=\"_blank\">Doliprane\u00ae<\/a>, Dafalgan\u00ae ou Efferalgan\u00ae. <a href=\"https:\/\/ma-sante.news\/paracetamol-quels-sont-les-dangers-dune-utilisation-excessive\/\" rel=\"nofollow noopener\" target=\"_blank\">Le parac\u00e9tamol reste l\u2019antalgique le plus vendu en France<\/a>. D\u2019apr\u00e8s l\u2019Agence nationale de s\u00e9curit\u00e9 du m\u00e9dicament (ANSM), plus d\u2019un Fran\u00e7ais sur deux en consomme chaque ann\u00e9e, parfois plusieurs fois par mois.<\/p>\n<p>Sauf que, derri\u00e8re cette apparente s\u00e9curit\u00e9, des chercheurs commencent \u00e0 soulever le voile. Le parac\u00e9tamol, utilis\u00e9 de mani\u00e8re prolong\u00e9e, pourrait ab\u00eemer les reins, notamment chez les personnes \u00e2g\u00e9es. Un risque discret, mais r\u00e9el et probablement sous-estim\u00e9.<\/p>\n<p>        Pourquoi le parac\u00e9tamol peut devenir dangereux avec l\u2019\u00e2ge ?    <strong>Utilisation du parac\u00e9tamol chez les seniors : ce que montre l\u2019\u00e9tude britannique<\/strong>    <\/p>\n<p>Une vaste \u00e9tude men\u00e9e au Royaume-Uni entre 1998 et 2018 sur plus de 180 000 personnes \u00e2g\u00e9es de 65 ans et plus a compar\u00e9 les utilisateurs r\u00e9guliers de parac\u00e9tamol \u00e0 ceux qui n\u2019en prenaient pas. R\u00e9sultat, les consommateurs r\u00e9guliers pr\u00e9sentaient un risque accru d\u2019environ 19 % de <a href=\"https:\/\/ma-sante.news\/maladie-renale-silencieuse-mais-mortelle-faites-vous-depister\/\" rel=\"nofollow noopener\" target=\"_blank\">d\u00e9velopper une maladie r\u00e9nale chronique.<\/a> Les chercheurs ont aussi observ\u00e9 une relation dose-effet, plus la prise \u00e9tait fr\u00e9quente et durable, plus le risque augmentait.<\/p>\n<p>Ces donn\u00e9es, publi\u00e9es dans la revue Arthritis Care &amp; Research et reprises par le Journal International de M\u00e9decine (jim.fr), ne prouvent pas une relation de cause \u00e0 effet, mais elles pointent une association suffisamment nette pour inviter \u00e0 la prudence. L\u2019\u00e9tude a \u00e9galement not\u00e9 un <a href=\"https:\/\/ma-sante.news\/troubles-digestifs-que-faire-en-cas-de-diarrhee\/\" rel=\"nofollow noopener\" target=\"_blank\">surrisque de troubles digestifs<\/a> et d\u2019effets ind\u00e9sirables h\u00e9patiques, autant de signaux faibles, mais qui, mis bout \u00e0 bout, rappellent que m\u00eame un m\u00e9dicament \u201cdoux\u201d peut ne pas l\u2019\u00eatre pour tout le monde.<\/p>\n<p>        <strong>Pourquoi les reins des seniors sont-ils plus vuln\u00e9rables ?<\/strong>    <\/p>\n<p>Avec l\u2019\u00e2ge, la capacit\u00e9 des reins \u00e0 filtrer le sang diminue naturellement. \u00c0 70 ans, le d\u00e9bit de filtration glom\u00e9rulaire (DFG) a souvent chut\u00e9 de pr\u00e8s d\u2019un tiers par rapport \u00e0 celui d\u2019un adulte jeune. Cette fragilit\u00e9 rend l\u2019organisme plus sensible \u00e0 la toxicit\u00e9 de certains m\u00e9dicaments m\u00eame \u00e0 doses normales.<\/p>\n<p>Or, le parac\u00e9tamol, s\u2019il est surtout m\u00e9tabolis\u00e9 par le foie, est ensuite \u00e9limin\u00e9 par les reins sous forme de m\u00e9tabolites. En cas de fonction r\u00e9nale diminu\u00e9e, ces m\u00e9tabolites peuvent s\u2019accumuler et exercer un stress oxydatif susceptible d\u2019endommager le tissu r\u00e9nal. Chez les sujets \u00e2g\u00e9s, le risque r\u00e9nal existe surtout quand le parac\u00e9tamol est pris de mani\u00e8re r\u00e9p\u00e9t\u00e9e, parfois sans surveillance m\u00e9dicale. Il ne s\u2019agit pas d\u2019interdire le parac\u00e9tamol, mais d\u2019en rappeler la juste mesure.\u00a0<\/p>\n<p>        <strong>En France, la prudence est d\u00e9j\u00e0 de mise<\/strong>    <\/p>\n<p>Les autorit\u00e9s sanitaires fran\u00e7aises, elles, n\u2019ont pas attendu cette \u00e9tude pour recommander la vigilance. L\u2019ANSM rappelle que la dose maximale quotidienne ne doit pas d\u00e9passer 3 g sans avis m\u00e9dical, et que la plus faible dose efficace doit toujours \u00eatre privil\u00e9gi\u00e9e. La Haute Autorit\u00e9 de Sant\u00e9 (HAS) pr\u00e9cise \u00e9galement que chez les personnes pr\u00e9sentant <a href=\"https:\/\/ma-sante.news\/insuffisance-renale-faites-verifier-vos-reins-avant-quil-ne-soit-trop-tard\/\" rel=\"nofollow noopener\" target=\"_blank\">une insuffisance r\u00e9nale s\u00e9v\u00e8re<\/a>, il faut espacer les prises jusqu\u2019\u00e0 huit heures. (has-sante.fr)<\/p>\n<p>Dans les R\u00e9sum\u00e9s des Caract\u00e9ristiques du Produit (RCP), l\u2019avertissement est clair : \u201cLe parac\u00e9tamol doit \u00eatre administr\u00e9 avec pr\u00e9caution en cas de maladie r\u00e9nale ou h\u00e9patique. En cas d\u2019insuffisance r\u00e9nale s\u00e9v\u00e8re, l\u2019intervalle entre deux prises doit \u00eatre au minimum de huit heures.\u201d Ces recommandations, souvent m\u00e9connues, visent \u00e0 \u00e9viter la chronicisation des petites doses, ces prises r\u00e9p\u00e9t\u00e9es qui, \u00e0 la longue, peuvent devenir insidieusement nocives.<\/p>\n<p>        Parac\u00e9tamol chez les seniors : ni panique, ni banalisation    <\/p>\n<p>Les m\u00e9decins appellent \u00e0 un \u00e9quilibre raisonn\u00e9. Le parac\u00e9tamol reste l\u2019un des analg\u00e9siques les plus s\u00fbrs quand il est utilis\u00e9 correctement. Il demeure la r\u00e9f\u00e9rence en cas de douleur l\u00e9g\u00e8re ou mod\u00e9r\u00e9e, de fi\u00e8vre, et lorsqu\u2019on doit \u00e9viter les AINS. Mais comme tout m\u00e9dicament, il n\u00e9cessite un usage \u00e9clair\u00e9.<\/p>\n<p>Un patient \u00e2g\u00e9, <a href=\"https:\/\/ma-sante.news\/hypertension-arterielle-etes-vous-hypertendu-sans-le-savoir\/\" rel=\"nofollow noopener\" target=\"_blank\">hypertendu<\/a> ou <a href=\"https:\/\/ma-sante.news\/diabete-la-genetique-est-elle-reellement-un-facteur-de-risque\/\" rel=\"nofollow noopener\" target=\"_blank\">diab\u00e9tique<\/a>, sous plusieurs traitements, doit en discuter avec son m\u00e9decin avant d\u2019en faire un r\u00e9flexe. Car, un comprim\u00e9 isol\u00e9 n\u2019est pas un probl\u00e8me. Ce qui l\u2019est, c\u2019est la prise quasi quotidienne pendant des mois, souvent sans suivi biologique.\u00a0 Une simple analyse de sang permet pourtant de v\u00e9rifier la fonction r\u00e9nale (cr\u00e9atinine, DFG). Ce suivi devrait faire partie des bilans r\u00e9guliers des seniors consommant des antalgiques au long cours.<\/p>\n<p>        Vers un nouveau regard sur la douleur    <\/p>\n<p>Au-del\u00e0 du m\u00e9dicament, cette question interroge notre rapport \u00e0 la douleur. Dans une soci\u00e9t\u00e9 o\u00f9 l\u2019on m\u00e9dicalise la moindre g\u00eane, apprendre \u00e0 accepter un certain seuil de douleur ou \u00e0 explorer des alternatives non m\u00e9dicamenteuses (<a href=\"https:\/\/ma-sante.news\/kinesitherapie-quand-la-manipulation-soulage-vos-maux\/\" rel=\"nofollow noopener\" target=\"_blank\">kin\u00e9sith\u00e9rapie<\/a>, <a href=\"https:\/\/ma-sante.news\/relaxation-lasmr-cest-quoi-cette-drole-de-methode\/\" rel=\"nofollow noopener\" target=\"_blank\">relaxation<\/a>, chaleur, activit\u00e9 physique douce) devient un enjeu de sant\u00e9 publique.<\/p>\n<p>Le silence aussi peut s\u2019apprivoiser. Ne pas r\u00e9agir \u00e0 chaque douleur par une g\u00e9lule, c\u2019est redonner \u00e0 son corps la possibilit\u00e9 d\u2019exprimer ce qu\u2019il ressent sans imm\u00e9diatement l\u2019\u00e9touffer. Et peut-\u00eatre, dans ce silence retrouv\u00e9, pr\u00e9server ses reins et sa sant\u00e9 un peu plus longtemps.<\/p>\n<blockquote class=\"wp-block-quote is-layout-flow wp-block-quote-is-layout-flow\">\n<p><strong>\u00c0 SAVOIR\u00a0<\/strong><\/p>\n<p>Selon un rapport conjoint de l\u2019Inserm et de l\u2019Assurance Maladie publi\u00e9 en 2023, pr\u00e8s de 10 % des plus de 65 ans en France pr\u00e9sentent d\u00e9j\u00e0 une insuffisance r\u00e9nale chronique, souvent sans le savoir. Ce chiffre grimpe \u00e0 pr\u00e8s d\u2019un quart apr\u00e8s 75 ans.<\/p>\n<\/blockquote>\n<p>  <a class=\"gofollow\" data-track=\"MTIsMCw2MA==\" href=\"https:\/\/ma-sante.news\/annonceurs\/\" rel=\"nofollow noopener\" target=\"_blank\"><img loading=\"lazy\" decoding=\"async\" width=\"2560\" height=\"2133\" src=\"data:image\/svg+xml,%3Csvg%20xmlns=\" http:=\"\" data-lazy-src=\"https:\/\/www.europesays.com\/fr\/wp-content\/uploads\/2025\/03\/pub-annonceurs-4-scaled.jpg\"\/><\/a>    <img loading=\"lazy\" decoding=\"async\" width=\"755\" height=\"495\" src=\"data:image\/svg+xml,%3Csvg%20xmlns=\" http:=\"\" data-lazy-src=\"https:\/\/www.europesays.com\/fr\/wp-content\/uploads\/2025\/03\/Image1.jpg\" data-lazy-src-webp=\"https:\/\/www.europesays.com\/fr\/wp-content\/uploads\/2025\/03\/Image1.jpg.webp\" class=\"ewww_webp_lazy_load\"\/>Inscrivez-vous \u00e0 notre newsletter <br \/>Ma Sant\u00e9                      <\/p>\n","protected":false},"excerpt":{"rendered":"En France, plus d\u2019un senior sur deux prend r\u00e9guli\u00e8rement du parac\u00e9tamol selon l&rsquo;Inserm. \u00a9\u00a0Freepik C\u2019est un r\u00e9flexe ancr\u00e9.&hellip;\n","protected":false},"author":2,"featured_media":454558,"comment_status":"","ping_status":"","sticky":false,"template":"","format":"standard","meta":{"footnotes":""},"categories":[10],"tags":[14501,1011,27,72,10679,54335,71],"class_list":{"0":"post-454557","1":"post","2":"type-post","3":"status-publish","4":"format-standard","5":"has-post-thumbnail","7":"category-sante","8":"tag-du00e9pendance-seniors","9":"tag-fr","10":"tag-france","11":"tag-health","12":"tag-insuffisance-ru00e9nale","13":"tag-paracu00e9tamol","14":"tag-sante"},"share_on_mastodon":{"url":"https:\/\/pubeurope.com\/@fr\/115354506557961744","error":""},"_links":{"self":[{"href":"https:\/\/www.europesays.com\/fr\/wp-json\/wp\/v2\/posts\/454557","targetHints":{"allow":["GET"]}}],"collection":[{"href":"https:\/\/www.europesays.com\/fr\/wp-json\/wp\/v2\/posts"}],"about":[{"href":"https:\/\/www.europesays.com\/fr\/wp-json\/wp\/v2\/types\/post"}],"author":[{"embeddable":true,"href":"https:\/\/www.europesays.com\/fr\/wp-json\/wp\/v2\/users\/2"}],"replies":[{"embeddable":true,"href":"https:\/\/www.europesays.com\/fr\/wp-json\/wp\/v2\/comments?post=454557"}],"version-history":[{"count":0,"href":"https:\/\/www.europesays.com\/fr\/wp-json\/wp\/v2\/posts\/454557\/revisions"}],"wp:featuredmedia":[{"embeddable":true,"href":"https:\/\/www.europesays.com\/fr\/wp-json\/wp\/v2\/media\/454558"}],"wp:attachment":[{"href":"https:\/\/www.europesays.com\/fr\/wp-json\/wp\/v2\/media?parent=454557"}],"wp:term":[{"taxonomy":"category","embeddable":true,"href":"https:\/\/www.europesays.com\/fr\/wp-json\/wp\/v2\/categories?post=454557"},{"taxonomy":"post_tag","embeddable":true,"href":"https:\/\/www.europesays.com\/fr\/wp-json\/wp\/v2\/tags?post=454557"}],"curies":[{"name":"wp","href":"https:\/\/api.w.org\/{rel}","templated":true}]}}