{"id":454561,"date":"2025-10-11T08:08:11","date_gmt":"2025-10-11T08:08:11","guid":{"rendered":"https:\/\/www.europesays.com\/fr\/454561\/"},"modified":"2025-10-11T08:08:11","modified_gmt":"2025-10-11T08:08:11","slug":"on-senvoie-des-messages-tous-les-jours-faustine-bollaert-se-confie-sur-lhomme-de-sa-vie","status":"publish","type":"post","link":"https:\/\/www.europesays.com\/fr\/454561\/","title":{"rendered":"On s\u2019envoie des messages tous les jours\u00a0\u00bb : Faustine Bollaert se confie sur \u00ab\u00a0l\u2019homme de sa vie"},"content":{"rendered":"<p class=\"p1\"><a href=\"https:\/\/www.closermag.fr\/people\/il-a-peur-de-la-sextape-ca-commence-tres-fort-pour-faustine-bollaert-dans-les-enfants-de-la-tele-3581345\" rel=\"nofollow noopener\" target=\"_blank\"><br \/>\nFaustine Bollaert<\/a> entretient des liens solides avec <strong>son<br \/>\nfr\u00e8re, Charles<\/strong>. De lui, on ne sait que peu de choses,<br \/>\nsinon qu\u00a0\u00bb<strong>il demeure aux \u00c9tats-Unis<\/strong>.<br \/>\n\u00ab\u00a0<strong>Je l&rsquo;ai vue \u00e9voluer<\/strong>,\u00a0je l&rsquo;ai vue grandir<br \/>\ndevant la cam\u00e9ra de nos parents\u00a0et la voir devenir<br \/>\nl&rsquo;animatrice pr\u00e9f\u00e9r\u00e9e des Fran\u00e7ais, de la voir commencer sur une<br \/>\npetite \u00e9mission \u00e0 4 heures du matin et la voir maintenant devenir<br \/>\nl&rsquo;animatrice en prime time\u00a0\u00bb, confiait-il l&rsquo;an dernier,<br \/>\n<strong>comme le rapporte<\/strong> <a href=\"https:\/\/www.voici.fr\/television\/il-me-couve-beaucoup-faustine-bollaert-se-confie-sur-sa-relation-avec-l-homme-de-sa-vie-812981\" rel=\"nofollow noopener\" target=\"_blank\"><br \/>\nVoici<\/a>.<\/p>\n<p class=\"p1\">Le Fran\u00e7ais expatri\u00e9 en Am\u00e9rique du Nord expliquait<br \/>\navoir suivi de pr\u00e8s la carri\u00e8re ascensionnelle de sa soeur.<br \/>\n\u00ab\u00a0C&rsquo;est dingue d&rsquo;avoir vu tout son parcours. J&rsquo;ai tout v\u00e9cu et<br \/>\n<strong>je suis hyper fier d&rsquo;elle<\/strong> et je l&rsquo;aime \u00e0 la<br \/>\nfolie.\u00a0\u00bb Une manifestation de tendresse qui avait touch\u00e9 en<br \/>\nplein coeur <a href=\"https:\/\/www.closermag.fr\/people\/faustine-bollaert-a-quoi-ressemble-sa-sublime-maison-en-bretagne-3543046\" rel=\"nofollow noopener\" target=\"_blank\"><br \/>\nl&rsquo;animatrice de \u00c7a commence aujourd&rsquo;hui<\/a>.<\/p>\n<p>Faustine Bollaert : qui est \u00ab\u00a0l&rsquo;homme de sa vie\u00a0\u00bb<br \/>\n?<\/p>\n<p class=\"p1\">Si elle ne dit pas avoir retrouv\u00e9 l&rsquo;amour apr\u00e8s<br \/>\ns&rsquo;\u00eatre <a href=\"https:\/\/www.closermag.fr\/people\/maxime-chattam-apres-les-rumeurs-sur-son-couple-avec-faustine-bollaert-lauteur-a-succes-victime-dun-coup-de-blues-3572961\" rel=\"nofollow noopener\" target=\"_blank\"><br \/>\ns\u00e9par\u00e9e de Maxime Chattam<\/a>, Faustine Bollaert s&rsquo;exprime \u00e0 coeur<br \/>\nouvert sur son fr\u00e8re. Malgr\u00e9 la distance qui les s\u00e9pare, Charles et<br \/>\nsa soeur nourrissent <strong>une relation fusionelle<\/strong>.<br \/>\n<strong>\u00ab\u00a0C&rsquo;est l&rsquo;homme de ma vie, mon fr\u00e8re\u00a0\u00bb<\/strong>,<br \/>\nr\u00e9sume en quelques mots l&rsquo;animatrice au micro de l&rsquo;\u00e9mission\u00a0On<br \/>\nrefait la t\u00e9l\u00e9\u00a0sur RTL, ce samedi 11 octobre 2025.<\/p>\n<p class=\"p1\">Charles affiche un comportement protecteur \u00e0 son<br \/>\n\u00e9gard et se soucie de son bien-\u00eatre, en plus de lui apporter<br \/>\nr\u00e9guli\u00e8rement son ind\u00e9fectible soutien. <strong>\u00ab\u00a0Il me couve<br \/>\nbeaucoup\u00a0\u00bb<\/strong>, confirme <a href=\"https:\/\/www.closermag.fr\/people\/faustine-bollaert-maman-fiere-premiere-fois-que-tu-me-demandes-ce-cliche-publie-pour-les-12-ans-de-sa-fille-abbie-3565216#:~:text=En%20couple%20avec%20Maxime%20Chattam,de%20Peter%2C%20arriv%C3%A9%20en%202015.\" rel=\"nofollow noopener\" target=\"_blank\"><br \/>\nla m\u00e8re d&rsquo;Abbie et Peter<\/a>. De part et d&rsquo;autre de l&rsquo;oc\u00e9an<br \/>\nAtlantique, fr\u00e8re et soeur s&rsquo;envoie des messages tous les jours et<br \/>\ndiscutent fr\u00e9quemment par t\u00e9l\u00e9phone. \u00ab\u00a0Je pense que c&rsquo;est<br \/>\n<strong>la personne \u00e0 qui je dis le plus que je l&rsquo;aime<\/strong>, on<br \/>\nest vraiment tr\u00e8s proches.\u00a0\u00bb<\/p>\n<p>Faustine Bollaert : \u00ab\u00a0Il a un peu le<br \/>\nvertige\u00a0\u00bb<\/p>\n<p class=\"p1\">A des milliers de kilom\u00e8tres de l&rsquo;univers m\u00e9diatique<br \/>\ndans lequel navigue sa soeur, <strong>Charles cultive la<br \/>\ndiscr\u00e9tion<\/strong>. \u00ab\u00a0Il est <strong>hyper timide,<br \/>\nhyper pudique<\/strong>, il se demande comment je peux m&rsquo;imposer \u00e7a,<br \/>\nmais il est hyper fier\u00a0\u00bb, rapporte <a href=\"https:\/\/www.closermag.fr\/people\/faustine-bollaert-dans-son-maillot-de-bain-une-piece-elle-rayonne-pour-ses-derniers-jours-de-vacances-3571690\" rel=\"nofollow noopener\" target=\"_blank\"><br \/>\nla pr\u00e9sentatrice des Enfants de la t\u00e9l\u00e9<\/a> au micro d&rsquo;Eric Dussart<br \/>\net de Jade.<\/p>\n<p class=\"p1\">Un temp\u00e9rament aux antipodes du sien qui consolide<br \/>\nmalgr\u00e9 tout leur relation : \u00ab\u00a0Pour lui, je suis sa petite<br \/>\nfrangine [&#8230;] <strong>quand il revient en France<\/strong> et qu&rsquo;il<br \/>\nse rend compte un petit peu plus encore une fois avec beaucoup<br \/>\nd&rsquo;humilit\u00e9, l\u00e0, <strong>il a un peu le<br \/>\nvertige<\/strong>\u00ab\u00a0.<\/p>\n","protected":false},"excerpt":{"rendered":"Faustine Bollaert entretient des liens solides avec son fr\u00e8re, Charles. De lui, on ne sait que peu de&hellip;\n","protected":false},"author":2,"featured_media":454562,"comment_status":"","ping_status":"","sticky":false,"template":"","format":"standard","meta":{"footnotes":""},"categories":[8],"tags":[58,59,6308,1011,27],"class_list":{"0":"post-454561","1":"post","2":"type-post","3":"status-publish","4":"format-standard","5":"has-post-thumbnail","7":"category-divertissement","8":"tag-divertissement","9":"tag-entertainment","10":"tag-faustine-bollaert","11":"tag-fr","12":"tag-france"},"share_on_mastodon":{"url":"https:\/\/pubeurope.com\/@fr\/115354514560892692","error":""},"_links":{"self":[{"href":"https:\/\/www.europesays.com\/fr\/wp-json\/wp\/v2\/posts\/454561","targetHints":{"allow":["GET"]}}],"collection":[{"href":"https:\/\/www.europesays.com\/fr\/wp-json\/wp\/v2\/posts"}],"about":[{"href":"https:\/\/www.europesays.com\/fr\/wp-json\/wp\/v2\/types\/post"}],"author":[{"embeddable":true,"href":"https:\/\/www.europesays.com\/fr\/wp-json\/wp\/v2\/users\/2"}],"replies":[{"embeddable":true,"href":"https:\/\/www.europesays.com\/fr\/wp-json\/wp\/v2\/comments?post=454561"}],"version-history":[{"count":0,"href":"https:\/\/www.europesays.com\/fr\/wp-json\/wp\/v2\/posts\/454561\/revisions"}],"wp:featuredmedia":[{"embeddable":true,"href":"https:\/\/www.europesays.com\/fr\/wp-json\/wp\/v2\/media\/454562"}],"wp:attachment":[{"href":"https:\/\/www.europesays.com\/fr\/wp-json\/wp\/v2\/media?parent=454561"}],"wp:term":[{"taxonomy":"category","embeddable":true,"href":"https:\/\/www.europesays.com\/fr\/wp-json\/wp\/v2\/categories?post=454561"},{"taxonomy":"post_tag","embeddable":true,"href":"https:\/\/www.europesays.com\/fr\/wp-json\/wp\/v2\/tags?post=454561"}],"curies":[{"name":"wp","href":"https:\/\/api.w.org\/{rel}","templated":true}]}}