{"id":454573,"date":"2025-10-11T08:14:13","date_gmt":"2025-10-11T08:14:13","guid":{"rendered":"https:\/\/www.europesays.com\/fr\/454573\/"},"modified":"2025-10-11T08:14:13","modified_gmt":"2025-10-11T08:14:13","slug":"saint-etienne-andrea-ferreol-sur-le-tournage-dimmeuble-partage-jadmire-beaucoup-mes-partenaires","status":"publish","type":"post","link":"https:\/\/www.europesays.com\/fr\/454573\/","title":{"rendered":"Saint-\u00c9tienne. Andr\u00e9a Ferr\u00e9ol sur le tournage d\u2019Immeuble partag\u00e9 : \u00ab\u00a0J\u2019admire beaucoup mes partenaires\u00a0\u00bb"},"content":{"rendered":"<p>Le tournage de la saison 2 d\u2019Immeuble partag\u00e9 s\u2019est d\u00e9roul\u00e9 pendant une dizaine de jours \u00e0 Saint-\u00c9tienne. Lundi apr\u00e8s-midi, nous avons pu nous rendre sur le plateau et visiter les d\u00e9cors install\u00e9s dans la fosse de l\u2019ancien Palais des spectacles (les ext\u00e9rieurs sont tourn\u00e9s sur le site de l\u2019habitat participatif des Castors du Cr\u00eat-de-Roc).<\/p>\n<p>En fin de journ\u00e9e, on a discut\u00e9 avec Andr\u00e9a Ferr\u00e9ol, l\u2019actrice la plus exp\u00e9riment\u00e9e de la distribution. Nomm\u00e9e deux fois dans la cat\u00e9gorie de la meilleure actrice dans un second r\u00f4le (pour Les Galettes de Pont Aven de Jo\u00ebl S\u00e9ria en 1976 et Le Dernier m\u00e9tro de Fran\u00e7ois Truffaut en 1981), celle qui fut la compagne d\u2019Omar Sharif a \u00e9t\u00e9 dirig\u00e9e par de nombreux r\u00e9alisateurs durant sa carri\u00e8re, de Jean-Pierre Mocky \u00e0 Robert Enrico en passant par Yves Boisset et Ettore Scola.<\/p>\n<p class=\"question\">Comment vous vivez cette aventure d\u2019Immeuble partag\u00e9 avec des acteurs porteurs de handicap\u00a0?<\/p>\n<p>\u00ab\u00a0Je la vis tr\u00e8s bien\u00a0! Quand je me retrouve \u00e0 c\u00f4t\u00e9 de <a href=\"https:\/\/www.leprogres.fr\/p\/theo-curin\" target=\"_blank\" rel=\"nofollow noopener\">Th\u00e9o Curin<\/a> (le nageur qui faisait partie de l\u2019\u00e9quipe de France de natation handisport) par exemple et que je vois comment il fait pour manger\u2026 Je me dis mais quel courage, quelle force, quelle volont\u00e9\u00a0! Quand je vois Agathe Pauli (athl\u00e8te de para-natation), elle est gaie, radieuse, souriante\u2026<\/p>\n<p>\u00c7a nous apprend beaucoup sur nous qui sommes apparemment \u201cnormaux\u201d et qui arrivons toujours en disant\u00a0: \u201cj\u2019ai mal ici, j\u2019ai mal l\u00e0, j\u2019ai mal dormi\u2026\u201d. On se plaint tout le temps et eux ne se plaignent jamais. Ils vont de l\u2019avant et ne veulent pas \u00eatre aid\u00e9s. Ils s\u2019affirment et je les admire beaucoup. \u00c7a apprend l\u2019humilit\u00e9.\u00a0\u00bb<\/p>\n<p>\u00ab Compr\u00e9hension, compassion, amiti\u00e9 et ouverture\u00a0\u00bb<\/p>\n<p class=\"question\">Dans cette s\u00e9rie, vous \u00eates l\u2019actrice la plus exp\u00e9riment\u00e9e de la distribution. Est-ce que vos partenaires vous sollicitent pour des conseils\u00a0?<\/p>\n<p>\u00ab\u00a0Non, ils ne me demandent rien parce qu\u2019ils sont quand m\u00eame tr\u00e8s forts. Ils assument bien leur r\u00f4le, ils foncent dedans. Ils sont en confiance avec les metteurs en sc\u00e8ne et avec leurs personnages. Ils se pr\u00e9parent beaucoup et sont tr\u00e8s consciencieux. \u00c7a me g\u00eanerait qu\u2019ils me demandent des conseils.\u00a0\u00bb<\/p>\n<blockquote class=\"question\"><p>C\u2019est la promotion du \u00ab\u00a0vivre ensemble\u00a0\u00bb qui vous a le plus s\u00e9duit dans ce projet t\u00e9l\u00e9visuel\u00a0?<\/p><\/blockquote>\n<p>\u00ab\u00a0Oui. J\u2019ai une amie d\u2019enfance, aujourd\u2019hui d\u00e9c\u00e9d\u00e9e, qui m\u2019avait dit un jour\u00a0: \u00ab\u00a0Tu sais, on vieillit, pourquoi on n\u2019ach\u00e8terait pas quelque chose ensemble, grand, pour qu\u2019on ait une grande pi\u00e8ce \u00e0 vivre, chacun sa salle de bain, chacune sa chambre et au moins, quand on sera plus vieilles, il y aura toujours quelqu\u2019un l\u2019un pour l\u2019autre\u00a0\u00bb. <a href=\"https:\/\/www.leprogres.fr\/environnement\/2024\/05\/15\/les-castors-batir-passif-habiter-ensemble-vivre-autrement\" target=\"_blank\" rel=\"nofollow noopener\">Vous voyez, \u00e7a se r\u00e9alise maintenant parce qu\u2019il y a des endroits qui le font ici \u00e0 Saint-\u00c9tienne et nous, on le tourne<\/a>.\u00a0\u00bb<\/p>\n<blockquote class=\"question\"><p>Entre Le Dernier m\u00e9tro, La Grande Bouffe et Les Galettes de Pont-Aven, quelle place vous allez donner \u00e0 cet immeuble partag\u00e9 dans votre filmographie\u00a0?<\/p><\/blockquote>\n<p>\u00ab\u00a0Une place de d\u00e9couverte, de compr\u00e9hension, de compassion, d\u2019amiti\u00e9 et d\u2019ouverture\u00a0!\u00a0\u00bb<\/p>\n","protected":false},"excerpt":{"rendered":"Le tournage de la saison 2 d\u2019Immeuble partag\u00e9 s\u2019est d\u00e9roul\u00e9 pendant une dizaine de jours \u00e0 Saint-\u00c9tienne. Lundi&hellip;\n","protected":false},"author":2,"featured_media":454574,"comment_status":"","ping_status":"","sticky":false,"template":"","format":"standard","meta":{"footnotes":""},"categories":[9653],"tags":[1111,11,2430,1687,7539,1777,674,107,1011,27,3367,12,25,4001,7538,2205],"class_list":{"0":"post-454573","1":"post","2":"type-post","3":"status-publish","4":"format-standard","5":"has-post-thumbnail","7":"category-saint-etienne","8":"tag-actu","9":"tag-actualites","10":"tag-auvergne-rhone-alpes","11":"tag-culture-loisirs","12":"tag-edition-loire-sud","13":"tag-eu","14":"tag-europe","15":"tag-fil-info","16":"tag-fr","17":"tag-france","18":"tag-loire","19":"tag-news","20":"tag-republique-francaise","21":"tag-saint-etienne","22":"tag-saint-etienne-ville","23":"tag-television-medias"},"share_on_mastodon":{"url":"https:\/\/pubeurope.com\/@fr\/115354538110691473","error":""},"_links":{"self":[{"href":"https:\/\/www.europesays.com\/fr\/wp-json\/wp\/v2\/posts\/454573","targetHints":{"allow":["GET"]}}],"collection":[{"href":"https:\/\/www.europesays.com\/fr\/wp-json\/wp\/v2\/posts"}],"about":[{"href":"https:\/\/www.europesays.com\/fr\/wp-json\/wp\/v2\/types\/post"}],"author":[{"embeddable":true,"href":"https:\/\/www.europesays.com\/fr\/wp-json\/wp\/v2\/users\/2"}],"replies":[{"embeddable":true,"href":"https:\/\/www.europesays.com\/fr\/wp-json\/wp\/v2\/comments?post=454573"}],"version-history":[{"count":0,"href":"https:\/\/www.europesays.com\/fr\/wp-json\/wp\/v2\/posts\/454573\/revisions"}],"wp:featuredmedia":[{"embeddable":true,"href":"https:\/\/www.europesays.com\/fr\/wp-json\/wp\/v2\/media\/454574"}],"wp:attachment":[{"href":"https:\/\/www.europesays.com\/fr\/wp-json\/wp\/v2\/media?parent=454573"}],"wp:term":[{"taxonomy":"category","embeddable":true,"href":"https:\/\/www.europesays.com\/fr\/wp-json\/wp\/v2\/categories?post=454573"},{"taxonomy":"post_tag","embeddable":true,"href":"https:\/\/www.europesays.com\/fr\/wp-json\/wp\/v2\/tags?post=454573"}],"curies":[{"name":"wp","href":"https:\/\/api.w.org\/{rel}","templated":true}]}}