{"id":454594,"date":"2025-10-11T08:29:26","date_gmt":"2025-10-11T08:29:26","guid":{"rendered":"https:\/\/www.europesays.com\/fr\/454594\/"},"modified":"2025-10-11T08:29:26","modified_gmt":"2025-10-11T08:29:26","slug":"intelligence-artificielle-cette-rennaise-est-lune-des-100-europeennes-qui-comptent-2","status":"publish","type":"post","link":"https:\/\/www.europesays.com\/fr\/454594\/","title":{"rendered":"Intelligence artificielle\u00a0: cette Rennaise est l\u2019une des 100\u00a0Europ\u00e9ennes qui comptent"},"content":{"rendered":"<p>C\u2019est une rentr\u00e9e en trombe pour Marie Paindavoine, 35\u00a0ans, fondatrice de la start-up Skyld, \u00e0 Rennes, entreprise sp\u00e9cialis\u00e9e dans la protection de la propri\u00e9t\u00e9 intellectuelle des algorithmes de l\u2019Intelligence artificielle (IA).<\/p>\n<p>Apr\u00e8s une premi\u00e8re lev\u00e9e de fonds r\u00e9ussie de 1,5\u00a0million d\u2019euros, quelque mois apr\u00e8s avoir \u00e9t\u00e9 distingu\u00e9e dans la cat\u00e9gorie Inspirante du palmar\u00e8s Les T\u00eates Bretagne\/Pays de la Loire 2025 de API et Ouest-France, Marie Paindavoine fait d\u00e9sormais partie du <a href=\"https:\/\/sifted.eu\/list\/100-women-in-tech-2025\" target=\"_blank\" rel=\"noopener\">classement des cent Europ\u00e9ennes qui comptent dans l\u2019innovation technologique<\/a>. Ce palmar\u00e8s a \u00e9t\u00e9 rendu public jeudi 9\u00a0octobre 2025 par le m\u00e9dia britannique Sifted, sp\u00e9cialis\u00e9 dans les technologies, le fonds Sistafund et le campus de startups Station F. <\/p>\n<p><strong>Lire aussi\u00a0:<\/strong> <a href=\"https:\/\/agence-api.ouest-france.fr\/bretagne\/finistere\/numerique-skyld-boucle-une-levee-de-fonds-de-1-5-m-euros-pour-securiser-les-modeles-dintelligence-artificielle-471f3a46-206b-418a-aa52-a88015745540\" target=\"_blank\" rel=\"noopener\">Skyld boucle une lev\u00e9e de fonds de 1,5 M\u20ac pour s\u00e9curiser les mod\u00e8les d\u2019intelligence artificielle<\/a><\/p>\n<p>\t<img decoding=\"async\" src=\"https:\/\/www.europesays.com\/fr\/wp-content\/uploads\/2025\/10\/P35512018D7012817G_px_640_.jpg\" alt=\"photo marie paindavoine, fondatrice de skyld, est dans le top 100\u00a0des europ\u00e9ennes qui comptent dans les domaines de l\u2019innovation technologique.  \u00a9  ouest-france\" width=\"640\" title=\" Marie Paindavoine, fondatrice de Skyld, est dans le top 100\u00a0des Europ\u00e9ennes qui comptent dans les domaines de l\u2019innovation technologique.   Ouest-France \"\/><\/p>\n<p class=\"elmt-legende\"> Marie Paindavoine, fondatrice de Skyld, est dans le top 100\u00a0des Europ\u00e9ennes qui comptent dans les domaines de l\u2019innovation technologique.   Ouest-France <\/p>\n<p><strong>\u00ab\u00a0C\u2019est un honneur. Le monde de la tech, des sciences en g\u00e9n\u00e9ral, et plus particuli\u00e8rement de l\u2019intelligence artificielle, n\u2019est pas encore tr\u00e8s f\u00e9minis\u00e9. C\u2019est donc une d\u00e9marche int\u00e9ressante de mettre en avant des femmes pour leur expertise scientifique\u00a0\u00bb<\/strong>, r\u00e9agit celle qui a soutenu en 2017 une th\u00e8se de doctorat en informatique M\u00e9thodes de calcul sur les donn\u00e9es chiffr\u00e9es.<\/p>\n<p>Dans le jury, il y avait notamment l\u2019ancienne spationaute fran\u00e7aise Claudie Haigner\u00e9 et le d\u00e9sormais c\u00e9l\u00e8bre <a href=\"https:\/\/rennes.maville.com\/actu\/actudet_-le-mathematicien-cedric-villani-rejoint-l-universite-de-rennes-pour-cette-rentree-2025-_52674-6946221_actu.Htm\" target=\"_blank\" rel=\"noopener\">math\u00e9maticien C\u00e9dric Villani<\/a>, laur\u00e9at de la m\u00e9daille\u00a0Fields \u2013 \u00e9quivalent du prix Nobel en math\u00e9matique.<\/p>\n<p>\u00a0<\/p>\n","protected":false},"excerpt":{"rendered":"C\u2019est une rentr\u00e9e en trombe pour Marie Paindavoine, 35\u00a0ans, fondatrice de la start-up Skyld, \u00e0 Rennes, entreprise sp\u00e9cialis\u00e9e&hellip;\n","protected":false},"author":2,"featured_media":450689,"comment_status":"","ping_status":"","sticky":false,"template":"","format":"standard","meta":{"footnotes":""},"categories":[2821],"tags":[20747,1111,11,41869,829,57654,1777,674,5739,1011,27,7424,12,14336,584,25,4937],"class_list":{"0":"post-454594","1":"post","2":"type-post","3":"status-publish","4":"format-standard","5":"has-post-thumbnail","7":"category-rennes","8":"tag-20747","9":"tag-actu","10":"tag-actualites","11":"tag-artificielle","12":"tag-bretagne","13":"tag-comptent","14":"tag-eu","15":"tag-europe","16":"tag-europeennes","17":"tag-fr","18":"tag-france","19":"tag-intelligence","20":"tag-news","21":"tag-rennaise","22":"tag-rennes","23":"tag-republique-francaise","24":"tag-saint-brieuc"},"share_on_mastodon":{"url":"https:\/\/pubeurope.com\/@fr\/115354597637575024","error":""},"_links":{"self":[{"href":"https:\/\/www.europesays.com\/fr\/wp-json\/wp\/v2\/posts\/454594","targetHints":{"allow":["GET"]}}],"collection":[{"href":"https:\/\/www.europesays.com\/fr\/wp-json\/wp\/v2\/posts"}],"about":[{"href":"https:\/\/www.europesays.com\/fr\/wp-json\/wp\/v2\/types\/post"}],"author":[{"embeddable":true,"href":"https:\/\/www.europesays.com\/fr\/wp-json\/wp\/v2\/users\/2"}],"replies":[{"embeddable":true,"href":"https:\/\/www.europesays.com\/fr\/wp-json\/wp\/v2\/comments?post=454594"}],"version-history":[{"count":0,"href":"https:\/\/www.europesays.com\/fr\/wp-json\/wp\/v2\/posts\/454594\/revisions"}],"wp:featuredmedia":[{"embeddable":true,"href":"https:\/\/www.europesays.com\/fr\/wp-json\/wp\/v2\/media\/450689"}],"wp:attachment":[{"href":"https:\/\/www.europesays.com\/fr\/wp-json\/wp\/v2\/media?parent=454594"}],"wp:term":[{"taxonomy":"category","embeddable":true,"href":"https:\/\/www.europesays.com\/fr\/wp-json\/wp\/v2\/categories?post=454594"},{"taxonomy":"post_tag","embeddable":true,"href":"https:\/\/www.europesays.com\/fr\/wp-json\/wp\/v2\/tags?post=454594"}],"curies":[{"name":"wp","href":"https:\/\/api.w.org\/{rel}","templated":true}]}}