{"id":45460,"date":"2025-04-23T02:20:10","date_gmt":"2025-04-23T02:20:10","guid":{"rendered":"https:\/\/www.europesays.com\/fr\/45460\/"},"modified":"2025-04-23T02:20:10","modified_gmt":"2025-04-23T02:20:10","slug":"trois-pieds-nickeles-du-survivalisme-condamnes-pour-une-affaire-darmes","status":"publish","type":"post","link":"https:\/\/www.europesays.com\/fr\/45460\/","title":{"rendered":"Trois \u00ab\u00a0pieds nickel\u00e9s du survivalisme\u00a0\u00bb condamn\u00e9s pour une affaire d\u2019armes"},"content":{"rendered":"<p>A <a href=\"https:\/\/www.20minutes.fr\/dossier\/saint-etienne\" target=\"_blank\" class=\"color-ultramarine c-link\" rel=\"noopener\">Saint-Etienne<\/a>, le tribunal correctionnel vient de rendre son verdict contre trois \u00ab\u00a0survivalistes\u00a0\u00bb. Ils ont \u00e9t\u00e9 condamn\u00e9s mardi \u00e0 des peines de <a href=\"https:\/\/www.20minutes.fr\/dossier\/prison\" target=\"_blank\" class=\"color-ultramarine c-link\" rel=\"noopener\">prison<\/a> ferme ou avec sursis par pour non-d\u00e9claration d\u2019armes.<\/p>\n<p>La peine la plus lourde de 42 mois de prison, dont 24 avec sursis, a \u00e9t\u00e9 prononc\u00e9e contre un homme de 35 ans g\u00e9rant un magasin de mat\u00e9riel \u00ab\u00a0outdoor\u00a0\u00bb et paramilitaire.<\/p>\n<p>Des tirs dans le massif du Pilat<\/p>\n<p>Ce militant anti-Pass sanitaire durant le <a href=\"https:\/\/www.20minutes.fr\/societe\/covid-19\/\" target=\"_blank\" class=\"color-ultramarine c-link\" rel=\"noopener\">Covid-19<\/a> avait fait l\u2019acquisition de plusieurs armes de guerre pour le compte d\u2019un jeune chef d\u2019entreprise au domicile duquel a \u00e9t\u00e9 d\u00e9couverte une base de vie, avec un stock de vivres et de m\u00e9dicaments, ainsi que du mat\u00e9riel m\u00e9dical et chirurgical. Se pr\u00e9sentant comme un collectionneur, cet homme de 26 ans a reconnu avoir effectu\u00e9 du tir dans le massif du Pilat avec les fusils d\u2019assaut et de pr\u00e9cision dans lesquels il avait investi environ 30.000 euros avec les munitions. Il a \u00e9t\u00e9 condamn\u00e9 \u00e0 deux ans de prison avec sursis et 30.000 euros d\u2019amende.<\/p>\n<\/p>\n<p>Troisi\u00e8me membre du groupe, une infirmi\u00e8re de 52 ans qui d\u00e9tenait deux fusils non d\u00e9clar\u00e9s et plus de 3.000 cartouches, a affirm\u00e9 avoir rompu avec les milieux d\u2019extr\u00eame droite qu\u2019elle avait fr\u00e9quent\u00e9s dans le pass\u00e9. Elle \u00e9cope de six mois de prison avec sursis.<\/p>\n<p>Une vive \u00e9motion lors de l\u2019interpellation<\/p>\n<p>L\u2019interpellation des trois comparses, d\u00e9crits par une source proche de l\u2019enqu\u00eate de \u00ab\u00a0pieds nickel\u00e9s du survivalisme\u00a0\u00bb avait suscit\u00e9 une vive \u00e9motion dans le massif du Pilat le 18\u00a0octobre 2021.<\/p>\n<p><a href=\"https:\/\/www.20minutes.fr\/justice\/\" target=\"_blank\" class=\"c-link c-btn c-btn--primary\" rel=\"noopener\">Notre dossier Justice<\/a><\/p>\n<p>L\u2019op\u00e9ration avait \u00e9t\u00e9 men\u00e9e dans le cadre de \u00ab\u00a0visites domiciliaires autoris\u00e9es par le Juge des libert\u00e9s et de la d\u00e9tention de Paris et op\u00e9r\u00e9es sous son contr\u00f4le, en lien avec le Parquet national antiterroriste\u00a0\u00bb, dans le \u00ab\u00a0contexte de surveillance accrue li\u00e9e au d\u00e9placement dans la Loire une semaine plus tard du pr\u00e9sident de la R\u00e9publique\u00a0\u00bb, selon le conseil d\u2019un des pr\u00e9venus.<\/p>\n","protected":false},"excerpt":{"rendered":"A Saint-Etienne, le tribunal correctionnel vient de rendre son verdict contre trois \u00ab\u00a0survivalistes\u00a0\u00bb. Ils ont \u00e9t\u00e9 condamn\u00e9s mardi&hellip;\n","protected":false},"author":2,"featured_media":45461,"comment_status":"","ping_status":"","sticky":false,"template":"","format":"standard","meta":{"footnotes":""},"categories":[9653],"tags":[1111,47,11,6376,2430,4073,1777,674,118,1011,27,303,3367,12,25,2431,4001,3693,133],"class_list":{"0":"post-45460","1":"post","2":"type-post","3":"status-publish","4":"format-standard","5":"has-post-thumbnail","7":"category-saint-etienne","8":"tag-actu","9":"tag-actualite","10":"tag-actualites","11":"tag-armes","12":"tag-auvergne-rhone-alpes","13":"tag-condamnation","14":"tag-eu","15":"tag-europe","16":"tag-faits-divers","17":"tag-fr","18":"tag-france","19":"tag-justice","20":"tag-loire","21":"tag-news","22":"tag-republique-francaise","23":"tag-rhone-alpes","24":"tag-saint-etienne","25":"tag-tribunal","26":"tag-video"},"share_on_mastodon":{"url":"https:\/\/pubeurope.com\/@fr\/114384891196496755","error":""},"_links":{"self":[{"href":"https:\/\/www.europesays.com\/fr\/wp-json\/wp\/v2\/posts\/45460","targetHints":{"allow":["GET"]}}],"collection":[{"href":"https:\/\/www.europesays.com\/fr\/wp-json\/wp\/v2\/posts"}],"about":[{"href":"https:\/\/www.europesays.com\/fr\/wp-json\/wp\/v2\/types\/post"}],"author":[{"embeddable":true,"href":"https:\/\/www.europesays.com\/fr\/wp-json\/wp\/v2\/users\/2"}],"replies":[{"embeddable":true,"href":"https:\/\/www.europesays.com\/fr\/wp-json\/wp\/v2\/comments?post=45460"}],"version-history":[{"count":0,"href":"https:\/\/www.europesays.com\/fr\/wp-json\/wp\/v2\/posts\/45460\/revisions"}],"wp:featuredmedia":[{"embeddable":true,"href":"https:\/\/www.europesays.com\/fr\/wp-json\/wp\/v2\/media\/45461"}],"wp:attachment":[{"href":"https:\/\/www.europesays.com\/fr\/wp-json\/wp\/v2\/media?parent=45460"}],"wp:term":[{"taxonomy":"category","embeddable":true,"href":"https:\/\/www.europesays.com\/fr\/wp-json\/wp\/v2\/categories?post=45460"},{"taxonomy":"post_tag","embeddable":true,"href":"https:\/\/www.europesays.com\/fr\/wp-json\/wp\/v2\/tags?post=45460"}],"curies":[{"name":"wp","href":"https:\/\/api.w.org\/{rel}","templated":true}]}}