{"id":454600,"date":"2025-10-11T08:33:16","date_gmt":"2025-10-11T08:33:16","guid":{"rendered":"https:\/\/www.europesays.com\/fr\/454600\/"},"modified":"2025-10-11T08:33:16","modified_gmt":"2025-10-11T08:33:16","slug":"a-beausoleil-une-police-municipale-desormais-active-24-heures-sur-24","status":"publish","type":"post","link":"https:\/\/www.europesays.com\/fr\/454600\/","title":{"rendered":"\u00c0 Beausoleil, une police municipale d\u00e9sormais active 24\u00a0heures sur 24"},"content":{"rendered":"<p class=\"fs-5 \">Les malfaiteurs n\u2019ont qu\u2019\u00e0 bien se tenir\u00a0! R\u00e9unis en conseil municipal jeudi 2\u00a0octobre, les \u00e9lus beausoleillois ont act\u00e9 un changement dans les amplitudes horaires des policiers municipaux, qui en avaient fait la demande au pr\u00e9alable.<\/p>\n<p class=\"fs-5 \">Autrefois sur le terrain 21h\/24 et 7j\/7, les agents vont maintenant pouvoir garantir une pr\u00e9sence continue tous les jours de la semaine. 24\u2005heures \/24, et 7 jours \/7.<\/p>\n<p>                                                                                Pour une efficience renforc\u00e9e<\/p>\n<p class=\"fs-5 \">\u00ab\u00a0Cette nouvelle organisation repose sur des journ\u00e9es de 10\u00a0heures continues, permettant de r\u00e9duire le nombre de prises de service et d\u2019am\u00e9liorer la transmission des consignes. Elle vise \u00e9galement \u00e0 offrir aux agents une meilleure lisibilit\u00e9 de leurs emplois du temps, un \u00e9quilibre plus satisfaisant entre vie priv\u00e9e et vie professionnelle et une attractivit\u00e9 renforc\u00e9e des postes propos\u00e9s\u00a0\u00bb, introduit la d\u00e9lib\u00e9ration municipale.<\/p>\n<blockquote class=\"p-4\">\n<p class=\"border-start border-4 border-primary f-serif fs-5 text-primary fw-semibold ps-5 mb-0 \">\n            \u00ab\u00a0La brigade de jour sera organis\u00e9e en deux \u00e9quipes, l\u2019une de 6 h \u00e0 16 h, l\u2019autre de 10\u00a0h \u00e0 20 h\u00a0\u00bb\n        <\/p>\n<\/blockquote>\n<p class=\"fs-5 \">Concr\u00e8tement, \u00ab\u00a0la brigade de jour sera organis\u00e9e en deux \u00e9quipes, l\u2019une de 6\u2005h \u00e0 16\u2005h, l\u2019autre de 10\u00a0h \u00e0 20\u2005h\u00a0\u00bb, tandis que la brigade de nuit, qui arr\u00eatait ses activit\u00e9s autrefois \u00e0 3\u2005h du matin, \u00ab\u00a0assurera une pr\u00e9sence continue de 20\u2005h \u00e0 6\u2005h\u00a0\u00bb, indique la Ville.<\/p>\n<p class=\"fs-5 \">Les autres services, \u00e0 savoir, l\u2019ASVP et le Centre de supervision urbain, gardent eux leurs horaires initiaux, avec toujours, la possibilit\u00e9 de mobiliser les ASVP en cas de n\u00e9cessit\u00e9 les dimanches et jours f\u00e9ri\u00e9s.<\/p>\n<p class=\"fs-5 \">Des ajustements f\u00e9licit\u00e9s par l\u2019opposition repr\u00e9sent\u00e9e par St\u00e9phane Manfredi, qui esp\u00e8re ainsi pouvoir r\u00e9soudre en partie la probl\u00e9matique de la pose de sabots.<\/p>\n<p class=\"fs-5 \">\u00ab\u00a0Avec une police municipale de pleine activit\u00e9, j\u2019esp\u00e8re qu\u2019il n\u2019y aura plus de difficult\u00e9 \u00e0 immobiliser les v\u00e9hicules quand cela est n\u00e9cessaire. L\u2019avantage d\u2019immobiliser, c\u2019est qu\u2019on aura ensuite la possibilit\u00e9 dans un second temps de faire enlever le v\u00e9hicule\u00a0\u00bb, d\u00e9clare-t-il, rappelant par ailleurs les obstacles r\u00e9currents li\u00e9s \u00e0 la pr\u00e9sence de la seule fourri\u00e8re des environs, situ\u00e9e \u00e0 <a href=\"https:\/\/www.nicematin.com\/alpes-maritimes\/menton\/\" rel=\"nofollow noopener\" target=\"_blank\">Menton<\/a>.<\/p>\n<p>                                                                                Des primes en hausse, des recrutements lanc\u00e9s<\/p>\n<p class=\"fs-5 \">Outre cette modification du temps de travail des policiers municipaux, ceux-ci verront leur indemnit\u00e9 sp\u00e9ciale de fonction et d\u2019engagement augmenter. Instaur\u00e9e \u00e0 <a href=\"https:\/\/www.nicematin.com\/alpes-maritimes\/menton\/beausoleil\" rel=\"nofollow noopener\" target=\"_blank\">Beausoleil<\/a> en fin d\u2019ann\u00e9e 2024 au cours d\u2019un vote du conseil municipal, cette prime voit ses plafonds nationaux relev\u00e9s.<\/p>\n<p class=\"fs-5 \">\u00ab\u00a0Donc on propose de le faire aussi pour <a href=\"https:\/\/www.nicematin.com\/alpes-maritimes\/menton\/beausoleil\" rel=\"nofollow noopener\" target=\"_blank\">Beausoleil<\/a>\u00a0\u00bb, explique sobrement le maire G\u00e9rard Spinelli. Ainsi, les taux de la part fixe \u2013 vers\u00e9e mensuellement \u2013 de cette prime sont relev\u00e9s jusqu\u2019\u00e0 33\u2005%, tandis que le taux de la part variable, \u2013 vers\u00e9e annuellement \u2013 peut atteindre d\u00e9sormais jusqu\u2019\u00e0 9\u00a0500\u2005euros pour un directeur.<\/p>\n<p class=\"fs-5 \">Un temps de travail optimis\u00e9, des primes relev\u00e9es et des forces vives suppl\u00e9mentaires\u00a0! La police municipale de <a href=\"https:\/\/www.nicematin.com\/alpes-maritimes\/menton\/beausoleil\" rel=\"nofollow noopener\" target=\"_blank\">Beausoleil<\/a> s\u2019appr\u00eate \u00e0 accueillir de nouveaux agents. La commune ayant act\u00e9 au cours de ce conseil municipal le recrutement de deux brigadiers-chefs \u00e0 temps complet.<\/p>\n","protected":false},"excerpt":{"rendered":"Les malfaiteurs n\u2019ont qu\u2019\u00e0 bien se tenir\u00a0! R\u00e9unis en conseil municipal jeudi 2\u00a0octobre, les \u00e9lus beausoleillois ont act\u00e9&hellip;\n","protected":false},"author":2,"featured_media":454601,"comment_status":"","ping_status":"","sticky":false,"template":"","format":"standard","meta":{"footnotes":""},"categories":[2819],"tags":[1111,11,1777,674,1011,27,12,2401,882,25],"class_list":{"0":"post-454600","1":"post","2":"type-post","3":"status-publish","4":"format-standard","5":"has-post-thumbnail","7":"category-nice","8":"tag-actu","9":"tag-actualites","10":"tag-eu","11":"tag-europe","12":"tag-fr","13":"tag-france","14":"tag-news","15":"tag-nice","16":"tag-provence-alpes-cote-dazur","17":"tag-republique-francaise"},"share_on_mastodon":{"url":"https:\/\/pubeurope.com\/@fr\/115354612879821389","error":""},"_links":{"self":[{"href":"https:\/\/www.europesays.com\/fr\/wp-json\/wp\/v2\/posts\/454600","targetHints":{"allow":["GET"]}}],"collection":[{"href":"https:\/\/www.europesays.com\/fr\/wp-json\/wp\/v2\/posts"}],"about":[{"href":"https:\/\/www.europesays.com\/fr\/wp-json\/wp\/v2\/types\/post"}],"author":[{"embeddable":true,"href":"https:\/\/www.europesays.com\/fr\/wp-json\/wp\/v2\/users\/2"}],"replies":[{"embeddable":true,"href":"https:\/\/www.europesays.com\/fr\/wp-json\/wp\/v2\/comments?post=454600"}],"version-history":[{"count":0,"href":"https:\/\/www.europesays.com\/fr\/wp-json\/wp\/v2\/posts\/454600\/revisions"}],"wp:featuredmedia":[{"embeddable":true,"href":"https:\/\/www.europesays.com\/fr\/wp-json\/wp\/v2\/media\/454601"}],"wp:attachment":[{"href":"https:\/\/www.europesays.com\/fr\/wp-json\/wp\/v2\/media?parent=454600"}],"wp:term":[{"taxonomy":"category","embeddable":true,"href":"https:\/\/www.europesays.com\/fr\/wp-json\/wp\/v2\/categories?post=454600"},{"taxonomy":"post_tag","embeddable":true,"href":"https:\/\/www.europesays.com\/fr\/wp-json\/wp\/v2\/tags?post=454600"}],"curies":[{"name":"wp","href":"https:\/\/api.w.org\/{rel}","templated":true}]}}