{"id":454602,"date":"2025-10-11T08:34:15","date_gmt":"2025-10-11T08:34:15","guid":{"rendered":"https:\/\/www.europesays.com\/fr\/454602\/"},"modified":"2025-10-11T08:34:15","modified_gmt":"2025-10-11T08:34:15","slug":"lheure-du-bilan-a-sonne-pour-christian-estrosi-a-nice","status":"publish","type":"post","link":"https:\/\/www.europesays.com\/fr\/454602\/","title":{"rendered":"l\u2019heure du bilan a sonn\u00e9 pour Christian Estrosi \u00e0 Nice"},"content":{"rendered":"<p>Quand s&rsquo;arr\u00eatera-t-il\u00a0? \u00c9lu maire de Nice pour la premi\u00e8re fois en 2008, Christian Estrosi est candidat \u00e0 un quatri\u00e8me mandat. \u00ab\u00a0Quand je suis arriv\u00e9, la ville avait au moins dix ans de retard sur la mobilit\u00e9, l&rsquo;assainissement, les services \u00e0 la personne, la transition \u00e9cologique, la smart city\u2026 Le mandat qui s&rsquo;ach\u00e8ve est presque celui de l&rsquo;aboutissement des transformations que j&rsquo;ai engag\u00e9es, mais pour les mener \u00e0 terme, il faut au moins un quatri\u00e8me mandat\u00a0\u00bb, justifie l&rsquo;\u00e9dile, qui aura cette fois-ci \u00e0 affronter son rival, \u00c9ric Ciotti.<\/p>\n<p>Le d\u00e9put\u00e9 UDR, qui avait renonc\u00e9 \u00e0 se pr\u00e9senter \u00e0 la mairie en 2020, estime que \u00ab\u00a0le contexte est aujourd&rsquo;hui tr\u00e8s diff\u00e9rent\u00a0: le dernier mandat est celui des erreurs et de la d\u00e9rive budg\u00e9taire\u00a0\u00bb. \u00c0 gauche, les candidats ne sont pas plus tendres avec le ma&#8230;<\/p>\n<p>Toute l\u2019actualit\u00e9 \u00e0 1\u20ac le premier mois<\/p>\n<p><a href=\"https:\/\/abo.lepoint.fr\/?provenance=21EDI020098\" class=\"btn\" title=\"S&#039;abonner\" data-gtm=\"click:abo|display:abo\" data-campaign=\"paywall_maison\" rel=\"nofollow noopener\" target=\"_blank\">S&rsquo;abonner<\/a><\/p>\n<p>ou<\/p>\n<p>La newsletter politique<\/p>\n<p class=\"period\">Tous les lundis \u00e0 11h30<\/p>\n<p>Recevez en avant-premi\u00e8re les informations et analyses politiques de la r\u00e9daction du Point.<\/p>\n<p>Merci !<br \/>Votre inscription a bien \u00e9t\u00e9 prise en compte avec l&rsquo;adresse email :<\/p>\n<p>Pour d\u00e9couvrir toutes nos autres newsletters, rendez-vous ici : <a href=\"https:\/\/moncompte.lepoint.fr\/\" title=\"\" rel=\"nofollow noopener\" target=\"_blank\">MonCompte<\/a><\/p>\n<p>En vous inscrivant, vous acceptez les <a href=\"https:\/\/www.lepoint.fr\/html\/cgu\/\" title=\"Conditions g\u00e9n\u00e9rales d&#039;utilisation\" rel=\"nofollow noopener\" target=\"_blank\">conditions g\u00e9n\u00e9rales d\u2019utilisations<\/a> et notre <a href=\"https:\/\/www.lepoint.fr\/html\/politique-de-protection-donnees-personnelles\/\" title=\"Politique de confidentialit\u00e9\" rel=\"nofollow noopener\" target=\"_blank\">politique de confidentialit\u00e9<\/a>.<\/p>\n","protected":false},"excerpt":{"rendered":"Quand s&rsquo;arr\u00eatera-t-il\u00a0? \u00c9lu maire de Nice pour la premi\u00e8re fois en 2008, Christian Estrosi est candidat \u00e0 un&hellip;\n","protected":false},"author":2,"featured_media":454603,"comment_status":"","ping_status":"","sticky":false,"template":"","format":"standard","meta":{"footnotes":""},"categories":[2819],"tags":[1111,11,1777,674,1011,27,12,2401,316,882,25],"class_list":{"0":"post-454602","1":"post","2":"type-post","3":"status-publish","4":"format-standard","5":"has-post-thumbnail","7":"category-nice","8":"tag-actu","9":"tag-actualites","10":"tag-eu","11":"tag-europe","12":"tag-fr","13":"tag-france","14":"tag-news","15":"tag-nice","16":"tag-politique","17":"tag-provence-alpes-cote-dazur","18":"tag-republique-francaise"},"share_on_mastodon":{"url":"https:\/\/pubeurope.com\/@fr\/115354616807562918","error":""},"_links":{"self":[{"href":"https:\/\/www.europesays.com\/fr\/wp-json\/wp\/v2\/posts\/454602","targetHints":{"allow":["GET"]}}],"collection":[{"href":"https:\/\/www.europesays.com\/fr\/wp-json\/wp\/v2\/posts"}],"about":[{"href":"https:\/\/www.europesays.com\/fr\/wp-json\/wp\/v2\/types\/post"}],"author":[{"embeddable":true,"href":"https:\/\/www.europesays.com\/fr\/wp-json\/wp\/v2\/users\/2"}],"replies":[{"embeddable":true,"href":"https:\/\/www.europesays.com\/fr\/wp-json\/wp\/v2\/comments?post=454602"}],"version-history":[{"count":0,"href":"https:\/\/www.europesays.com\/fr\/wp-json\/wp\/v2\/posts\/454602\/revisions"}],"wp:featuredmedia":[{"embeddable":true,"href":"https:\/\/www.europesays.com\/fr\/wp-json\/wp\/v2\/media\/454603"}],"wp:attachment":[{"href":"https:\/\/www.europesays.com\/fr\/wp-json\/wp\/v2\/media?parent=454602"}],"wp:term":[{"taxonomy":"category","embeddable":true,"href":"https:\/\/www.europesays.com\/fr\/wp-json\/wp\/v2\/categories?post=454602"},{"taxonomy":"post_tag","embeddable":true,"href":"https:\/\/www.europesays.com\/fr\/wp-json\/wp\/v2\/tags?post=454602"}],"curies":[{"name":"wp","href":"https:\/\/api.w.org\/{rel}","templated":true}]}}